{"id":4083,"date":"2022-05-14T09:38:59","date_gmt":"2022-05-14T09:38:59","guid":{"rendered":"https:\/\/biblioteca.iesalmudeyne.es\/?p=4083"},"modified":"2022-05-14T09:47:23","modified_gmt":"2022-05-14T09:47:23","slug":"y-lo-recaudado-es","status":"publish","type":"post","link":"https:\/\/biblioteca.iesalmudeyne.es\/?p=4083","title":{"rendered":"Y lo recaudado es&#8230;&#8230;.!!!!!!"},"content":{"rendered":"<h4 style=\"text-align: center;\">Ya sab\u00e9is que hemos estado desarrollando algunas campa\u00f1as solidarias para donar y ayudar en los desastres que\u00a0 esta nueva guerra est\u00e1 causando. Solo es un peque\u00f1\u00edsimo granito de arena, pero est\u00e1 puesto con mucha ilusi\u00f3n y esperanza.<\/h4>\n<h4 style=\"text-align: center;\">Pues finalmente y tras el recuento final la recaudaci\u00f3n asciende a:<\/h4>\n<div class=\"fusion-text fusion-text-1 fusion-animated\" data-animationType=\"flash\" data-animationDuration=\"0.6\" data-animationOffset=\"100%\"><h1 style=\"text-align: center;\"><span style=\"color: #3366ff;\"><strong>606 Euros!!<\/strong><\/span><\/h1>\n<p><span style=\"color: #3366ff;\"><\/p>\n<\/div><\/span><\/p>\n<h3 style=\"text-align: center;\">Este importe ser\u00e1 enviado al trav\u00e9s de nuestra AMPA a Save de Children:<\/h3>\n<p><img decoding=\"async\" class=\"aligncenter wp-image-4085\" src=\"https:\/\/biblioteca.iesalmudeyne.es\/wp-content\/uploads\/2022\/05\/ong.png\" alt=\"\" width=\"865\" height=\"411\" srcset=\"https:\/\/biblioteca.iesalmudeyne.es\/wp-content\/uploads\/2022\/05\/ong-200x95.png 200w, https:\/\/biblioteca.iesalmudeyne.es\/wp-content\/uploads\/2022\/05\/ong-300x143.png 300w, https:\/\/biblioteca.iesalmudeyne.es\/wp-content\/uploads\/2022\/05\/ong-400x190.png 400w, https:\/\/biblioteca.iesalmudeyne.es\/wp-content\/uploads\/2022\/05\/ong-600x285.png 600w, https:\/\/biblioteca.iesalmudeyne.es\/wp-content\/uploads\/2022\/05\/ong-768x365.png 768w, https:\/\/biblioteca.iesalmudeyne.es\/wp-content\/uploads\/2022\/05\/ong-800x380.png 800w, https:\/\/biblioteca.iesalmudeyne.es\/wp-content\/uploads\/2022\/05\/ong-1024x487.png 1024w, https:\/\/biblioteca.iesalmudeyne.es\/wp-content\/uploads\/2022\/05\/ong-1200x570.png 1200w, https:\/\/biblioteca.iesalmudeyne.es\/wp-content\/uploads\/2022\/05\/ong-1536x730.png 1536w, https:\/\/biblioteca.iesalmudeyne.es\/wp-content\/uploads\/2022\/05\/ong.png 1909w\" sizes=\"(max-width: 865px) 100vw, 865px\" \/><\/p>\n<h3 style=\"text-align: center;\"><span style=\"color: #3366ff;\">Gracias por la colaboraci\u00f3n de todos y todas.<\/span><\/h3>\n","protected":false},"excerpt":{"rendered":"<p>Ya sab\u00e9is que hemos estado desarrollando algunas campa\u00f1as solidarias para [&hellip;]<\/p>\n","protected":false},"author":5,"featured_media":4090,"comment_status":"open","ping_status":"open","sticky":false,"template":"","format":"standard","meta":{"footnotes":""},"categories":[7],"tags":[],"class_list":["post-4083","post","type-post","status-publish","format-standard","has-post-thumbnail","hentry","category-noticias"],"_links":{"self":[{"href":"https:\/\/biblioteca.iesalmudeyne.es\/index.php?rest_route=\/wp\/v2\/posts\/4083","targetHints":{"allow":["GET"]}}],"collection":[{"href":"https:\/\/biblioteca.iesalmudeyne.es\/index.php?rest_route=\/wp\/v2\/posts"}],"about":[{"href":"https:\/\/biblioteca.iesalmudeyne.es\/index.php?rest_route=\/wp\/v2\/types\/post"}],"author":[{"embeddable":true,"href":"https:\/\/biblioteca.iesalmudeyne.es\/index.php?rest_route=\/wp\/v2\/users\/5"}],"replies":[{"embeddable":true,"href":"https:\/\/biblioteca.iesalmudeyne.es\/index.php?rest_route=%2Fwp%2Fv2%2Fcomments&post=4083"}],"version-history":[{"count":6,"href":"https:\/\/biblioteca.iesalmudeyne.es\/index.php?rest_route=\/wp\/v2\/posts\/4083\/revisions"}],"predecessor-version":[{"id":4091,"href":"https:\/\/biblioteca.iesalmudeyne.es\/index.php?rest_route=\/wp\/v2\/posts\/4083\/revisions\/4091"}],"wp:featuredmedia":[{"embeddable":true,"href":"https:\/\/biblioteca.iesalmudeyne.es\/index.php?rest_route=\/wp\/v2\/media\/4090"}],"wp:attachment":[{"href":"https:\/\/biblioteca.iesalmudeyne.es\/index.php?rest_route=%2Fwp%2Fv2%2Fmedia&parent=4083"}],"wp:term":[{"taxonomy":"category","embeddable":true,"href":"https:\/\/biblioteca.iesalmudeyne.es\/index.php?rest_route=%2Fwp%2Fv2%2Fcategories&post=4083"},{"taxonomy":"post_tag","embeddable":true,"href":"https:\/\/biblioteca.iesalmudeyne.es\/index.php?rest_route=%2Fwp%2Fv2%2Ftags&post=4083"}],"curies":[{"name":"wp","href":"https:\/\/api.w.org\/{rel}","templated":true}]}}