{"id":4441,"date":"2023-04-29T12:16:08","date_gmt":"2023-04-29T12:16:08","guid":{"rendered":"https:\/\/biblioteca.iesalmudeyne.es\/?p=4441"},"modified":"2023-05-14T10:34:33","modified_gmt":"2023-05-14T10:34:33","slug":"libros-solidarios","status":"publish","type":"post","link":"https:\/\/biblioteca.iesalmudeyne.es\/?p=4441","title":{"rendered":"Libros solidarios"},"content":{"rendered":"<p>\u00a1El mercadillo solidario llevado a cabo por Biblideyne esta semana ha sido un completo \u00e9xito!<\/p>\n<p>Los alumnos de diferentes clases fueron bajando por turnos durante las terceras y cuartas horas del jueves y el viernes, adem\u00e1s de venir a mirar y adquirir libros durante los recreos.<\/p>\n<p>Gracias a todos aquellos alumnos y profes que donaron sus libros y compraron otros, el mercadillo solidario ha recaudado cerca de 300\u20ac, que ser\u00e1n donados a la asociaci\u00f3n Aura. Adem\u00e1s, nuestros alumnos del Aula Planeta han realizado unos marcap\u00e1ginas preciosos que tambi\u00e9n volaron, pasando a las manos de nuestros alumnos lectores.<\/p>\n<p>\u00a1Enhorabuena a todos!<\/p>\n<div id=\"attachment_4444\" style=\"width: 463px\" class=\"wp-caption aligncenter\"><img decoding=\"async\" aria-describedby=\"caption-attachment-4444\" class=\"wp-image-4444\" src=\"https:\/\/biblioteca.iesalmudeyne.es\/wp-content\/uploads\/2023\/04\/mercadillo-5.jpg\" alt=\"\" width=\"453\" height=\"604\" srcset=\"https:\/\/biblioteca.iesalmudeyne.es\/wp-content\/uploads\/2023\/04\/mercadillo-5-200x267.jpg 200w, https:\/\/biblioteca.iesalmudeyne.es\/wp-content\/uploads\/2023\/04\/mercadillo-5-225x300.jpg 225w, https:\/\/biblioteca.iesalmudeyne.es\/wp-content\/uploads\/2023\/04\/mercadillo-5-400x533.jpg 400w, https:\/\/biblioteca.iesalmudeyne.es\/wp-content\/uploads\/2023\/04\/mercadillo-5-600x800.jpg 600w, https:\/\/biblioteca.iesalmudeyne.es\/wp-content\/uploads\/2023\/04\/mercadillo-5-768x1024.jpg 768w, https:\/\/biblioteca.iesalmudeyne.es\/wp-content\/uploads\/2023\/04\/mercadillo-5-800x1067.jpg 800w, https:\/\/biblioteca.iesalmudeyne.es\/wp-content\/uploads\/2023\/04\/mercadillo-5-1152x1536.jpg 1152w, https:\/\/biblioteca.iesalmudeyne.es\/wp-content\/uploads\/2023\/04\/mercadillo-5-1200x1600.jpg 1200w, https:\/\/biblioteca.iesalmudeyne.es\/wp-content\/uploads\/2023\/04\/mercadillo-5.jpg 1536w\" sizes=\"(max-width: 453px) 100vw, 453px\" \/><p id=\"caption-attachment-4444\" class=\"wp-caption-text\">Libros y marcap\u00e1ginas comprados en el mercadillo<\/p><\/div>\n<div id=\"attachment_4445\" style=\"width: 546px\" class=\"wp-caption aligncenter\"><img decoding=\"async\" aria-describedby=\"caption-attachment-4445\" class=\"wp-image-4445\" src=\"https:\/\/biblioteca.iesalmudeyne.es\/wp-content\/uploads\/2023\/04\/mercadillo1.jpg\" alt=\"\" width=\"536\" height=\"953\" srcset=\"https:\/\/biblioteca.iesalmudeyne.es\/wp-content\/uploads\/2023\/04\/mercadillo1-169x300.jpg 169w, https:\/\/biblioteca.iesalmudeyne.es\/wp-content\/uploads\/2023\/04\/mercadillo1-200x356.jpg 200w, https:\/\/biblioteca.iesalmudeyne.es\/wp-content\/uploads\/2023\/04\/mercadillo1-400x711.jpg 400w, https:\/\/biblioteca.iesalmudeyne.es\/wp-content\/uploads\/2023\/04\/mercadillo1-576x1024.jpg 576w, https:\/\/biblioteca.iesalmudeyne.es\/wp-content\/uploads\/2023\/04\/mercadillo1-600x1067.jpg 600w, https:\/\/biblioteca.iesalmudeyne.es\/wp-content\/uploads\/2023\/04\/mercadillo1-768x1365.jpg 768w, https:\/\/biblioteca.iesalmudeyne.es\/wp-content\/uploads\/2023\/04\/mercadillo1-800x1422.jpg 800w, https:\/\/biblioteca.iesalmudeyne.es\/wp-content\/uploads\/2023\/04\/mercadillo1-864x1536.jpg 864w, https:\/\/biblioteca.iesalmudeyne.es\/wp-content\/uploads\/2023\/04\/mercadillo1.jpg 900w\" sizes=\"(max-width: 536px) 100vw, 536px\" \/><p id=\"caption-attachment-4445\" class=\"wp-caption-text\">Nuestra coordinadora de biblioteca en el mercadillo<\/p><\/div>\n<p><img decoding=\"async\" class=\"wp-image-4443 aligncenter\" src=\"https:\/\/biblioteca.iesalmudeyne.es\/wp-content\/uploads\/2023\/04\/mercadillo-4.jpg\" alt=\"\" width=\"554\" height=\"415\" srcset=\"https:\/\/biblioteca.iesalmudeyne.es\/wp-content\/uploads\/2023\/04\/mercadillo-4-200x150.jpg 200w, https:\/\/biblioteca.iesalmudeyne.es\/wp-content\/uploads\/2023\/04\/mercadillo-4-300x225.jpg 300w, https:\/\/biblioteca.iesalmudeyne.es\/wp-content\/uploads\/2023\/04\/mercadillo-4-400x300.jpg 400w, https:\/\/biblioteca.iesalmudeyne.es\/wp-content\/uploads\/2023\/04\/mercadillo-4-600x450.jpg 600w, https:\/\/biblioteca.iesalmudeyne.es\/wp-content\/uploads\/2023\/04\/mercadillo-4-768x576.jpg 768w, https:\/\/biblioteca.iesalmudeyne.es\/wp-content\/uploads\/2023\/04\/mercadillo-4-800x600.jpg 800w, https:\/\/biblioteca.iesalmudeyne.es\/wp-content\/uploads\/2023\/04\/mercadillo-4-1024x768.jpg 1024w, https:\/\/biblioteca.iesalmudeyne.es\/wp-content\/uploads\/2023\/04\/mercadillo-4-1200x900.jpg 1200w, https:\/\/biblioteca.iesalmudeyne.es\/wp-content\/uploads\/2023\/04\/mercadillo-4-1536x1152.jpg 1536w, https:\/\/biblioteca.iesalmudeyne.es\/wp-content\/uploads\/2023\/04\/mercadillo-4.jpg 2048w\" sizes=\"(max-width: 554px) 100vw, 554px\" \/> <img decoding=\"async\" class=\"wp-image-4446 aligncenter\" src=\"https:\/\/biblioteca.iesalmudeyne.es\/wp-content\/uploads\/2023\/04\/mercadillo2.jpg\" alt=\"\" width=\"554\" height=\"416\" srcset=\"https:\/\/biblioteca.iesalmudeyne.es\/wp-content\/uploads\/2023\/04\/mercadillo2-200x150.jpg 200w, https:\/\/biblioteca.iesalmudeyne.es\/wp-content\/uploads\/2023\/04\/mercadillo2-300x225.jpg 300w, https:\/\/biblioteca.iesalmudeyne.es\/wp-content\/uploads\/2023\/04\/mercadillo2-400x300.jpg 400w, https:\/\/biblioteca.iesalmudeyne.es\/wp-content\/uploads\/2023\/04\/mercadillo2-600x450.jpg 600w, https:\/\/biblioteca.iesalmudeyne.es\/wp-content\/uploads\/2023\/04\/mercadillo2-768x576.jpg 768w, https:\/\/biblioteca.iesalmudeyne.es\/wp-content\/uploads\/2023\/04\/mercadillo2-800x600.jpg 800w, https:\/\/biblioteca.iesalmudeyne.es\/wp-content\/uploads\/2023\/04\/mercadillo2-1024x768.jpg 1024w, https:\/\/biblioteca.iesalmudeyne.es\/wp-content\/uploads\/2023\/04\/mercadillo2-1200x900.jpg 1200w, https:\/\/biblioteca.iesalmudeyne.es\/wp-content\/uploads\/2023\/04\/mercadillo2-1536x1152.jpg 1536w, https:\/\/biblioteca.iesalmudeyne.es\/wp-content\/uploads\/2023\/04\/mercadillo2.jpg 2048w\" sizes=\"(max-width: 554px) 100vw, 554px\" \/><\/p>\n","protected":false},"excerpt":{"rendered":"<p>\u00a1El mercadillo solidario llevado a cabo por Biblideyne esta semana [&hellip;]<\/p>\n","protected":false},"author":7,"featured_media":4442,"comment_status":"open","ping_status":"open","sticky":false,"template":"","format":"standard","meta":{"footnotes":""},"categories":[29,7],"tags":[],"class_list":["post-4441","post","type-post","status-publish","format-standard","has-post-thumbnail","hentry","category-comunica","category-noticias"],"_links":{"self":[{"href":"https:\/\/biblioteca.iesalmudeyne.es\/index.php?rest_route=\/wp\/v2\/posts\/4441","targetHints":{"allow":["GET"]}}],"collection":[{"href":"https:\/\/biblioteca.iesalmudeyne.es\/index.php?rest_route=\/wp\/v2\/posts"}],"about":[{"href":"https:\/\/biblioteca.iesalmudeyne.es\/index.php?rest_route=\/wp\/v2\/types\/post"}],"author":[{"embeddable":true,"href":"https:\/\/biblioteca.iesalmudeyne.es\/index.php?rest_route=\/wp\/v2\/users\/7"}],"replies":[{"embeddable":true,"href":"https:\/\/biblioteca.iesalmudeyne.es\/index.php?rest_route=%2Fwp%2Fv2%2Fcomments&post=4441"}],"version-history":[{"count":2,"href":"https:\/\/biblioteca.iesalmudeyne.es\/index.php?rest_route=\/wp\/v2\/posts\/4441\/revisions"}],"predecessor-version":[{"id":4448,"href":"https:\/\/biblioteca.iesalmudeyne.es\/index.php?rest_route=\/wp\/v2\/posts\/4441\/revisions\/4448"}],"wp:featuredmedia":[{"embeddable":true,"href":"https:\/\/biblioteca.iesalmudeyne.es\/index.php?rest_route=\/wp\/v2\/media\/4442"}],"wp:attachment":[{"href":"https:\/\/biblioteca.iesalmudeyne.es\/index.php?rest_route=%2Fwp%2Fv2%2Fmedia&parent=4441"}],"wp:term":[{"taxonomy":"category","embeddable":true,"href":"https:\/\/biblioteca.iesalmudeyne.es\/index.php?rest_route=%2Fwp%2Fv2%2Fcategories&post=4441"},{"taxonomy":"post_tag","embeddable":true,"href":"https:\/\/biblioteca.iesalmudeyne.es\/index.php?rest_route=%2Fwp%2Fv2%2Ftags&post=4441"}],"curies":[{"name":"wp","href":"https:\/\/api.w.org\/{rel}","templated":true}]}}