{"id":4655,"date":"2024-12-21T10:20:22","date_gmt":"2024-12-21T10:20:22","guid":{"rendered":"https:\/\/biblioteca.iesalmudeyne.es\/?p=4655"},"modified":"2024-12-21T10:20:22","modified_gmt":"2024-12-21T10:20:22","slug":"4655","status":"publish","type":"post","link":"https:\/\/biblioteca.iesalmudeyne.es\/?p=4655","title":{"rendered":""},"content":{"rendered":"<p>Nos despedimos con el concurso de villancicos organizado por el Departamento de M\u00fasica, con la colaboraci\u00f3n de nuestros fant\u00e1sticos compa\u00f1eros de la radio. Biblideyne acogi\u00f3 con mucho gusto esta actividad en la que la poes\u00eda y la m\u00fasica vuelven a abrazarse. Un trabajo espl\u00e9ndido.<br \/>\nOs deseamos felices fiestas.<br \/>\nNos vemos en Biblideyne nuevamente para seguir compartiendo este m\u00e1gico rinc\u00f3n de nuestro gran instituto.<img decoding=\"async\" class=\"alignnone size-full wp-image-4656\" src=\"https:\/\/biblioteca.iesalmudeyne.es\/wp-content\/uploads\/2024\/12\/PHOTO-2024-12-19-18-58-19-2.jpg\" alt=\"\" width=\"1600\" height=\"1200\" srcset=\"https:\/\/biblioteca.iesalmudeyne.es\/wp-content\/uploads\/2024\/12\/PHOTO-2024-12-19-18-58-19-2-200x150.jpg 200w, https:\/\/biblioteca.iesalmudeyne.es\/wp-content\/uploads\/2024\/12\/PHOTO-2024-12-19-18-58-19-2-300x225.jpg 300w, https:\/\/biblioteca.iesalmudeyne.es\/wp-content\/uploads\/2024\/12\/PHOTO-2024-12-19-18-58-19-2-400x300.jpg 400w, https:\/\/biblioteca.iesalmudeyne.es\/wp-content\/uploads\/2024\/12\/PHOTO-2024-12-19-18-58-19-2-600x450.jpg 600w, https:\/\/biblioteca.iesalmudeyne.es\/wp-content\/uploads\/2024\/12\/PHOTO-2024-12-19-18-58-19-2-768x576.jpg 768w, https:\/\/biblioteca.iesalmudeyne.es\/wp-content\/uploads\/2024\/12\/PHOTO-2024-12-19-18-58-19-2-800x600.jpg 800w, https:\/\/biblioteca.iesalmudeyne.es\/wp-content\/uploads\/2024\/12\/PHOTO-2024-12-19-18-58-19-2-1024x768.jpg 1024w, https:\/\/biblioteca.iesalmudeyne.es\/wp-content\/uploads\/2024\/12\/PHOTO-2024-12-19-18-58-19-2-1200x900.jpg 1200w, https:\/\/biblioteca.iesalmudeyne.es\/wp-content\/uploads\/2024\/12\/PHOTO-2024-12-19-18-58-19-2-1536x1152.jpg 1536w, https:\/\/biblioteca.iesalmudeyne.es\/wp-content\/uploads\/2024\/12\/PHOTO-2024-12-19-18-58-19-2.jpg 1600w\" sizes=\"(max-width: 1600px) 100vw, 1600px\" \/> <img decoding=\"async\" class=\"alignnone size-fusion400 wp-image-4657\" src=\"https:\/\/biblioteca.iesalmudeyne.es\/wp-content\/uploads\/2024\/12\/PHOTO-2024-12-19-18-58-19-3.jpg\" alt=\"\" width=\"1600\" height=\"1200\" srcset=\"https:\/\/biblioteca.iesalmudeyne.es\/wp-content\/uploads\/2024\/12\/PHOTO-2024-12-19-18-58-19-3-200x150.jpg 200w, https:\/\/biblioteca.iesalmudeyne.es\/wp-content\/uploads\/2024\/12\/PHOTO-2024-12-19-18-58-19-3-300x225.jpg 300w, https:\/\/biblioteca.iesalmudeyne.es\/wp-content\/uploads\/2024\/12\/PHOTO-2024-12-19-18-58-19-3-400x300.jpg 400w, https:\/\/biblioteca.iesalmudeyne.es\/wp-content\/uploads\/2024\/12\/PHOTO-2024-12-19-18-58-19-3-600x450.jpg 600w, https:\/\/biblioteca.iesalmudeyne.es\/wp-content\/uploads\/2024\/12\/PHOTO-2024-12-19-18-58-19-3-768x576.jpg 768w, https:\/\/biblioteca.iesalmudeyne.es\/wp-content\/uploads\/2024\/12\/PHOTO-2024-12-19-18-58-19-3-800x600.jpg 800w, https:\/\/biblioteca.iesalmudeyne.es\/wp-content\/uploads\/2024\/12\/PHOTO-2024-12-19-18-58-19-3-1024x768.jpg 1024w, https:\/\/biblioteca.iesalmudeyne.es\/wp-content\/uploads\/2024\/12\/PHOTO-2024-12-19-18-58-19-3-1200x900.jpg 1200w, https:\/\/biblioteca.iesalmudeyne.es\/wp-content\/uploads\/2024\/12\/PHOTO-2024-12-19-18-58-19-3-1536x1152.jpg 1536w, https:\/\/biblioteca.iesalmudeyne.es\/wp-content\/uploads\/2024\/12\/PHOTO-2024-12-19-18-58-19-3.jpg 1600w\" sizes=\"(max-width: 1600px) 100vw, 1600px\" \/> <img decoding=\"async\" class=\"alignnone size-fusion400 wp-image-4658\" src=\"https:\/\/biblioteca.iesalmudeyne.es\/wp-content\/uploads\/2024\/12\/PHOTO-2024-12-19-18-58-19.jpg\" alt=\"\" width=\"1600\" height=\"1200\" srcset=\"https:\/\/biblioteca.iesalmudeyne.es\/wp-content\/uploads\/2024\/12\/PHOTO-2024-12-19-18-58-19-200x150.jpg 200w, https:\/\/biblioteca.iesalmudeyne.es\/wp-content\/uploads\/2024\/12\/PHOTO-2024-12-19-18-58-19-300x225.jpg 300w, https:\/\/biblioteca.iesalmudeyne.es\/wp-content\/uploads\/2024\/12\/PHOTO-2024-12-19-18-58-19-400x300.jpg 400w, https:\/\/biblioteca.iesalmudeyne.es\/wp-content\/uploads\/2024\/12\/PHOTO-2024-12-19-18-58-19-600x450.jpg 600w, https:\/\/biblioteca.iesalmudeyne.es\/wp-content\/uploads\/2024\/12\/PHOTO-2024-12-19-18-58-19-768x576.jpg 768w, https:\/\/biblioteca.iesalmudeyne.es\/wp-content\/uploads\/2024\/12\/PHOTO-2024-12-19-18-58-19-800x600.jpg 800w, https:\/\/biblioteca.iesalmudeyne.es\/wp-content\/uploads\/2024\/12\/PHOTO-2024-12-19-18-58-19-1024x768.jpg 1024w, https:\/\/biblioteca.iesalmudeyne.es\/wp-content\/uploads\/2024\/12\/PHOTO-2024-12-19-18-58-19-1200x900.jpg 1200w, https:\/\/biblioteca.iesalmudeyne.es\/wp-content\/uploads\/2024\/12\/PHOTO-2024-12-19-18-58-19-1536x1152.jpg 1536w, https:\/\/biblioteca.iesalmudeyne.es\/wp-content\/uploads\/2024\/12\/PHOTO-2024-12-19-18-58-19.jpg 1600w\" sizes=\"(max-width: 1600px) 100vw, 1600px\" \/> <img decoding=\"async\" class=\"alignnone size-fusion400 wp-image-4659\" src=\"https:\/\/biblioteca.iesalmudeyne.es\/wp-content\/uploads\/2024\/12\/PHOTO-2024-12-19-18-58-20-2.jpg\" alt=\"\" width=\"1600\" height=\"1200\" srcset=\"https:\/\/biblioteca.iesalmudeyne.es\/wp-content\/uploads\/2024\/12\/PHOTO-2024-12-19-18-58-20-2-200x150.jpg 200w, https:\/\/biblioteca.iesalmudeyne.es\/wp-content\/uploads\/2024\/12\/PHOTO-2024-12-19-18-58-20-2-300x225.jpg 300w, https:\/\/biblioteca.iesalmudeyne.es\/wp-content\/uploads\/2024\/12\/PHOTO-2024-12-19-18-58-20-2-400x300.jpg 400w, https:\/\/biblioteca.iesalmudeyne.es\/wp-content\/uploads\/2024\/12\/PHOTO-2024-12-19-18-58-20-2-600x450.jpg 600w, https:\/\/biblioteca.iesalmudeyne.es\/wp-content\/uploads\/2024\/12\/PHOTO-2024-12-19-18-58-20-2-768x576.jpg 768w, https:\/\/biblioteca.iesalmudeyne.es\/wp-content\/uploads\/2024\/12\/PHOTO-2024-12-19-18-58-20-2-800x600.jpg 800w, https:\/\/biblioteca.iesalmudeyne.es\/wp-content\/uploads\/2024\/12\/PHOTO-2024-12-19-18-58-20-2-1024x768.jpg 1024w, https:\/\/biblioteca.iesalmudeyne.es\/wp-content\/uploads\/2024\/12\/PHOTO-2024-12-19-18-58-20-2-1200x900.jpg 1200w, https:\/\/biblioteca.iesalmudeyne.es\/wp-content\/uploads\/2024\/12\/PHOTO-2024-12-19-18-58-20-2-1536x1152.jpg 1536w, https:\/\/biblioteca.iesalmudeyne.es\/wp-content\/uploads\/2024\/12\/PHOTO-2024-12-19-18-58-20-2.jpg 1600w\" sizes=\"(max-width: 1600px) 100vw, 1600px\" \/> <img decoding=\"async\" class=\"alignnone size-fusion400 wp-image-4660\" src=\"https:\/\/biblioteca.iesalmudeyne.es\/wp-content\/uploads\/2024\/12\/PHOTO-2024-12-19-18-58-20.jpg\" alt=\"\" width=\"1600\" height=\"1200\" srcset=\"https:\/\/biblioteca.iesalmudeyne.es\/wp-content\/uploads\/2024\/12\/PHOTO-2024-12-19-18-58-20-200x150.jpg 200w, https:\/\/biblioteca.iesalmudeyne.es\/wp-content\/uploads\/2024\/12\/PHOTO-2024-12-19-18-58-20-300x225.jpg 300w, https:\/\/biblioteca.iesalmudeyne.es\/wp-content\/uploads\/2024\/12\/PHOTO-2024-12-19-18-58-20-400x300.jpg 400w, https:\/\/biblioteca.iesalmudeyne.es\/wp-content\/uploads\/2024\/12\/PHOTO-2024-12-19-18-58-20-600x450.jpg 600w, https:\/\/biblioteca.iesalmudeyne.es\/wp-content\/uploads\/2024\/12\/PHOTO-2024-12-19-18-58-20-768x576.jpg 768w, https:\/\/biblioteca.iesalmudeyne.es\/wp-content\/uploads\/2024\/12\/PHOTO-2024-12-19-18-58-20-800x600.jpg 800w, https:\/\/biblioteca.iesalmudeyne.es\/wp-content\/uploads\/2024\/12\/PHOTO-2024-12-19-18-58-20-1024x768.jpg 1024w, https:\/\/biblioteca.iesalmudeyne.es\/wp-content\/uploads\/2024\/12\/PHOTO-2024-12-19-18-58-20-1200x900.jpg 1200w, https:\/\/biblioteca.iesalmudeyne.es\/wp-content\/uploads\/2024\/12\/PHOTO-2024-12-19-18-58-20-1536x1152.jpg 1536w, https:\/\/biblioteca.iesalmudeyne.es\/wp-content\/uploads\/2024\/12\/PHOTO-2024-12-19-18-58-20.jpg 1600w\" sizes=\"(max-width: 1600px) 100vw, 1600px\" \/><\/p>\n<div style=\"width: 848px;\" class=\"wp-video\"><video class=\"wp-video-shortcode\" id=\"video-4655-1\" width=\"848\" height=\"480\" preload=\"metadata\" controls=\"controls\"><source type=\"video\/mp4\" src=\"https:\/\/biblioteca.iesalmudeyne.es\/wp-content\/uploads\/2024\/12\/VIDEO-2024-12-19-18-58-19-2.mp4?_=1\" \/><a href=\"https:\/\/biblioteca.iesalmudeyne.es\/wp-content\/uploads\/2024\/12\/VIDEO-2024-12-19-18-58-19-2.mp4\">https:\/\/biblioteca.iesalmudeyne.es\/wp-content\/uploads\/2024\/12\/VIDEO-2024-12-19-18-58-19-2.mp4<\/a><\/video><\/div>\n<div style=\"width: 848px;\" class=\"wp-video\"><video class=\"wp-video-shortcode\" id=\"video-4655-2\" width=\"848\" height=\"480\" preload=\"metadata\" controls=\"controls\"><source type=\"video\/mp4\" src=\"https:\/\/biblioteca.iesalmudeyne.es\/wp-content\/uploads\/2024\/12\/VIDEO-2024-12-19-18-58-20.mp4?_=2\" \/><a href=\"https:\/\/biblioteca.iesalmudeyne.es\/wp-content\/uploads\/2024\/12\/VIDEO-2024-12-19-18-58-20.mp4\">https:\/\/biblioteca.iesalmudeyne.es\/wp-content\/uploads\/2024\/12\/VIDEO-2024-12-19-18-58-20.mp4<\/a><\/video><\/div>\n<div style=\"width: 848px;\" class=\"wp-video\"><video class=\"wp-video-shortcode\" id=\"video-4655-3\" width=\"848\" height=\"480\" preload=\"metadata\" controls=\"controls\"><source type=\"video\/mp4\" src=\"https:\/\/biblioteca.iesalmudeyne.es\/wp-content\/uploads\/2024\/12\/VIDEO-2024-12-19-18-58-19-3.mp4?_=3\" \/><a href=\"https:\/\/biblioteca.iesalmudeyne.es\/wp-content\/uploads\/2024\/12\/VIDEO-2024-12-19-18-58-19-3.mp4\">https:\/\/biblioteca.iesalmudeyne.es\/wp-content\/uploads\/2024\/12\/VIDEO-2024-12-19-18-58-19-3.mp4<\/a><\/video><\/div>\n<div style=\"width: 848px;\" class=\"wp-video\"><video class=\"wp-video-shortcode\" id=\"video-4655-4\" width=\"848\" height=\"480\" preload=\"metadata\" controls=\"controls\"><source type=\"video\/mp4\" src=\"https:\/\/biblioteca.iesalmudeyne.es\/wp-content\/uploads\/2024\/12\/VIDEO-2024-12-19-18-58-19-4.mp4?_=4\" \/><a href=\"https:\/\/biblioteca.iesalmudeyne.es\/wp-content\/uploads\/2024\/12\/VIDEO-2024-12-19-18-58-19-4.mp4\">https:\/\/biblioteca.iesalmudeyne.es\/wp-content\/uploads\/2024\/12\/VIDEO-2024-12-19-18-58-19-4.mp4<\/a><\/video><\/div>\n<div style=\"width: 848px;\" class=\"wp-video\"><video class=\"wp-video-shortcode\" id=\"video-4655-5\" width=\"848\" height=\"480\" preload=\"metadata\" controls=\"controls\"><source type=\"video\/mp4\" src=\"https:\/\/biblioteca.iesalmudeyne.es\/wp-content\/uploads\/2024\/12\/VIDEO-2024-12-19-18-58-19.mp4?_=5\" \/><a href=\"https:\/\/biblioteca.iesalmudeyne.es\/wp-content\/uploads\/2024\/12\/VIDEO-2024-12-19-18-58-19.mp4\">https:\/\/biblioteca.iesalmudeyne.es\/wp-content\/uploads\/2024\/12\/VIDEO-2024-12-19-18-58-19.mp4<\/a><\/video><\/div>\n<div style=\"width: 848px;\" class=\"wp-video\"><video class=\"wp-video-shortcode\" id=\"video-4655-6\" width=\"848\" height=\"480\" preload=\"metadata\" controls=\"controls\"><source type=\"video\/mp4\" src=\"https:\/\/biblioteca.iesalmudeyne.es\/wp-content\/uploads\/2024\/12\/VIDEO-2024-12-19-18-58-20-2.mp4?_=6\" \/><a href=\"https:\/\/biblioteca.iesalmudeyne.es\/wp-content\/uploads\/2024\/12\/VIDEO-2024-12-19-18-58-20-2.mp4\">https:\/\/biblioteca.iesalmudeyne.es\/wp-content\/uploads\/2024\/12\/VIDEO-2024-12-19-18-58-20-2.mp4<\/a><\/video><\/div>\n","protected":false},"excerpt":{"rendered":"<p>Nos despedimos con el concurso de villancicos organizado por el [&hellip;]<\/p>\n","protected":false},"author":7,"featured_media":0,"comment_status":"open","ping_status":"open","sticky":false,"template":"","format":"standard","meta":{"footnotes":""},"categories":[1],"tags":[],"class_list":["post-4655","post","type-post","status-publish","format-standard","hentry","category-uncategorized"],"_links":{"self":[{"href":"https:\/\/biblioteca.iesalmudeyne.es\/index.php?rest_route=\/wp\/v2\/posts\/4655","targetHints":{"allow":["GET"]}}],"collection":[{"href":"https:\/\/biblioteca.iesalmudeyne.es\/index.php?rest_route=\/wp\/v2\/posts"}],"about":[{"href":"https:\/\/biblioteca.iesalmudeyne.es\/index.php?rest_route=\/wp\/v2\/types\/post"}],"author":[{"embeddable":true,"href":"https:\/\/biblioteca.iesalmudeyne.es\/index.php?rest_route=\/wp\/v2\/users\/7"}],"replies":[{"embeddable":true,"href":"https:\/\/biblioteca.iesalmudeyne.es\/index.php?rest_route=%2Fwp%2Fv2%2Fcomments&post=4655"}],"version-history":[{"count":1,"href":"https:\/\/biblioteca.iesalmudeyne.es\/index.php?rest_route=\/wp\/v2\/posts\/4655\/revisions"}],"predecessor-version":[{"id":4667,"href":"https:\/\/biblioteca.iesalmudeyne.es\/index.php?rest_route=\/wp\/v2\/posts\/4655\/revisions\/4667"}],"wp:attachment":[{"href":"https:\/\/biblioteca.iesalmudeyne.es\/index.php?rest_route=%2Fwp%2Fv2%2Fmedia&parent=4655"}],"wp:term":[{"taxonomy":"category","embeddable":true,"href":"https:\/\/biblioteca.iesalmudeyne.es\/index.php?rest_route=%2Fwp%2Fv2%2Fcategories&post=4655"},{"taxonomy":"post_tag","embeddable":true,"href":"https:\/\/biblioteca.iesalmudeyne.es\/index.php?rest_route=%2Fwp%2Fv2%2Ftags&post=4655"}],"curies":[{"name":"wp","href":"https:\/\/api.w.org\/{rel}","templated":true}]}}