{"id":471,"date":"2016-11-08T16:26:20","date_gmt":"2016-11-08T15:26:20","guid":{"rendered":"http:\/\/biblioteca.iesalmudeyne.es\/?p=471"},"modified":"2016-11-08T16:26:20","modified_gmt":"2016-11-08T15:26:20","slug":"el-deber-principal","status":"publish","type":"post","link":"https:\/\/biblioteca.iesalmudeyne.es\/?p=471","title":{"rendered":"El deber principal"},"content":{"rendered":"<p style=\"text-align: justify;\"><a href=\"http:\/\/biblioteca.iesalmudeyne.es\/wp-content\/uploads\/2016\/10\/Romero-Bernal-\u00c1lvaro.jpg\" rel=\"attachment wp-att-394\"><img decoding=\"async\" class=\"wp-image-394 alignleft\" src=\"http:\/\/biblioteca.iesalmudeyne.es\/wp-content\/uploads\/2016\/10\/Romero-Bernal-\u00c1lvaro.jpg\" alt=\"Romero Bernal, \u00c1lvaro\" width=\"56\" height=\"75\" \/><\/a><\/p>\n<p style=\"text-align: justify;\"><a href=\"http:\/\/biblioteca.iesalmudeyne.es\/wp-content\/uploads\/2016\/10\/Romero-Bernal-\u00c1lvaro.jpg\" rel=\"attachment wp-att-394\">Por \u00c1lvaro Romero (Profesor de Lengua y Literatura en el IES Almudeyne)<\/a><\/p>\n<p><em>(<a href=\"http:\/\/elcorreoweb.es\/opinion\/columnas\/el-deber-principal-FB2333241\">Art\u00edculo que proviene de la secci\u00f3n Vi\u00e9ndolas venir del Correo de Andaluc\u00eda<\/a>)<\/em><\/p>\n<p>Andamos muchos padres de hoy revolucionados con los deberes de nuestros hijos, tal vez porque <b>tenemos tantos deberes socio-laborales que preferimos obviar el deber principal, el de ser padres<\/b>, que no consiste tanto en fecundar, alimentar o criar, como en educar, y no tanto hacia la comodidad hogare\u00f1a como hacia la responsabilidad ciudadana. Lo m\u00e1s f\u00e1cil para unos padres ser\u00eda obedecer a sus hijos, al igual que lo m\u00e1s f\u00e1cil para unos maestros ser\u00eda obedecer a los padres, que es lo que hacen los pol\u00edticos, conscientes de que estos suman m\u00e1s votos que aquellos. Pobre matem\u00e1tica.<\/p>\n<p>Los padres de antes trabajaban de sol a sol, pero <b>a ninguno les dio por entrometerse en las tareas escolares de sus hijos<\/b>. Ahora la cosa es m\u00e1s compleja, porque muchos padres trabajan incluso de luna a luna y cuando aterrizan por casa no est\u00e1n para ejercer de educadores, pues piensan que para eso est\u00e1 tambi\u00e9n el maestro, que debe educar, civilizar, sensibilizar, psicoanalizar, vigilar y adem\u00e1s ense\u00f1ar. As\u00ed que si el maestro manda deberes para casa no se entiende como una consolidaci\u00f3n personalizada y reposada de lo aprendido durante la ma\u00f1ana entre treinta compa\u00f1eros, sino como un engorro. <b>Y la excusa es la felicidad de los ni\u00f1os. Pobre mentira<\/b>. Los ni\u00f1os son infelices por otras causas.<\/p>\n<p>El maestro es diana f\u00e1cil porque ser\u00eda m\u00e1s dif\u00edcil atacar a un sistema que permite engordar la ratio y adelgazar la inversi\u00f3n, a unos pol\u00edticos que nos regalan el o\u00eddo, a una sociedad que explota a los adultos hasta el sintom\u00e1tico retorcimiento psicol\u00f3gico de que parezca que son los ni\u00f1os los que resultan explotados.<\/p>\n<p>Hay maestros que se pasan \u2013o que no llegan-, como en todos los oficios. Pero <b>en la b\u00fasqueda de soluciones no deber\u00edamos meter a los ni\u00f1os con ninguna huelga<\/b>. Las huelgas, que deber\u00edamos saber usar, son armas nuestras. Usando, en cambio, a los ni\u00f1os no conseguimos sino enga\u00f1arlos a ellos y a nosotros, ayudar a la estafadora crisis a terminar de cargarse la escuela p\u00fablica.<\/p>\n<p>&nbsp;<\/p>\n<p><a href=\"http:\/\/biblioteca.iesalmudeyne.es\/wp-content\/uploads\/2016\/11\/Educacion-antes-y-ahora3.jpg\" rel=\"attachment wp-att-472\"><img decoding=\"async\" class=\"size-full wp-image-472 aligncenter\" src=\"http:\/\/biblioteca.iesalmudeyne.es\/wp-content\/uploads\/2016\/11\/Educacion-antes-y-ahora3.jpg\" alt=\"Educacion-antes-y-ahora3\" width=\"623\" height=\"412\" srcset=\"https:\/\/biblioteca.iesalmudeyne.es\/wp-content\/uploads\/2016\/11\/Educacion-antes-y-ahora3-200x132.jpg 200w, https:\/\/biblioteca.iesalmudeyne.es\/wp-content\/uploads\/2016\/11\/Educacion-antes-y-ahora3-300x198.jpg 300w, https:\/\/biblioteca.iesalmudeyne.es\/wp-content\/uploads\/2016\/11\/Educacion-antes-y-ahora3-400x265.jpg 400w, https:\/\/biblioteca.iesalmudeyne.es\/wp-content\/uploads\/2016\/11\/Educacion-antes-y-ahora3-600x397.jpg 600w, https:\/\/biblioteca.iesalmudeyne.es\/wp-content\/uploads\/2016\/11\/Educacion-antes-y-ahora3.jpg 623w\" sizes=\"(max-width: 623px) 100vw, 623px\" \/><\/a><\/p>\n","protected":false},"excerpt":{"rendered":"<p>Por \u00c1lvaro Romero (Profesor de Lengua y Literatura en el [&hellip;]<\/p>\n","protected":false},"author":1,"featured_media":474,"comment_status":"open","ping_status":"open","sticky":false,"template":"","format":"standard","meta":{"footnotes":""},"categories":[1],"tags":[],"class_list":["post-471","post","type-post","status-publish","format-standard","has-post-thumbnail","hentry","category-uncategorized"],"_links":{"self":[{"href":"https:\/\/biblioteca.iesalmudeyne.es\/index.php?rest_route=\/wp\/v2\/posts\/471","targetHints":{"allow":["GET"]}}],"collection":[{"href":"https:\/\/biblioteca.iesalmudeyne.es\/index.php?rest_route=\/wp\/v2\/posts"}],"about":[{"href":"https:\/\/biblioteca.iesalmudeyne.es\/index.php?rest_route=\/wp\/v2\/types\/post"}],"author":[{"embeddable":true,"href":"https:\/\/biblioteca.iesalmudeyne.es\/index.php?rest_route=\/wp\/v2\/users\/1"}],"replies":[{"embeddable":true,"href":"https:\/\/biblioteca.iesalmudeyne.es\/index.php?rest_route=%2Fwp%2Fv2%2Fcomments&post=471"}],"version-history":[{"count":0,"href":"https:\/\/biblioteca.iesalmudeyne.es\/index.php?rest_route=\/wp\/v2\/posts\/471\/revisions"}],"wp:featuredmedia":[{"embeddable":true,"href":"https:\/\/biblioteca.iesalmudeyne.es\/index.php?rest_route=\/wp\/v2\/media\/474"}],"wp:attachment":[{"href":"https:\/\/biblioteca.iesalmudeyne.es\/index.php?rest_route=%2Fwp%2Fv2%2Fmedia&parent=471"}],"wp:term":[{"taxonomy":"category","embeddable":true,"href":"https:\/\/biblioteca.iesalmudeyne.es\/index.php?rest_route=%2Fwp%2Fv2%2Fcategories&post=471"},{"taxonomy":"post_tag","embeddable":true,"href":"https:\/\/biblioteca.iesalmudeyne.es\/index.php?rest_route=%2Fwp%2Fv2%2Ftags&post=471"}],"curies":[{"name":"wp","href":"https:\/\/api.w.org\/{rel}","templated":true}]}}