{"id":482,"date":"2016-11-16T23:39:42","date_gmt":"2016-11-16T22:39:42","guid":{"rendered":"http:\/\/biblioteca.iesalmudeyne.es\/?p=482"},"modified":"2016-11-16T23:39:42","modified_gmt":"2016-11-16T22:39:42","slug":"aqui-en-los-palacios-como-fiera-que-te-acecha","status":"publish","type":"post","link":"https:\/\/biblioteca.iesalmudeyne.es\/?p=482","title":{"rendered":"Aqu\u00ed&#8230; en Los Palacios&#8230; en su casa&#8230; \u201cComo fiera que te acecha\u201d."},"content":{"rendered":"<p><a href=\"http:\/\/biblioteca.iesalmudeyne.es\/wp-content\/uploads\/2016\/11\/jos-manuel-begines.jpg\" rel=\"attachment wp-att-484\"><img decoding=\"async\" class=\"wp-image-484 alignleft\" src=\"http:\/\/biblioteca.iesalmudeyne.es\/wp-content\/uploads\/2016\/11\/jos-manuel-begines.jpg\" alt=\"jos manuel begines\" width=\"60\" height=\"80\" srcset=\"https:\/\/biblioteca.iesalmudeyne.es\/wp-content\/uploads\/2016\/11\/jos-manuel-begines-200x267.jpg 200w, https:\/\/biblioteca.iesalmudeyne.es\/wp-content\/uploads\/2016\/11\/jos-manuel-begines-225x300.jpg 225w, https:\/\/biblioteca.iesalmudeyne.es\/wp-content\/uploads\/2016\/11\/jos-manuel-begines.jpg 336w\" sizes=\"(max-width: 60px) 100vw, 60px\" \/><\/a><\/p>\n<p style=\"text-align: justify;\">.<\/p>\n<p style=\"text-align: justify;\">Presentaci\u00f3n de la novela <em><strong>\u201cComo fiera que te acecha\u201d<\/strong><\/em>, obra del palaciego <strong>Jos\u00e9 Manuel Begines Hormigo<\/strong>, que estar\u00e1 acompa\u00f1ado por el escritor, periodista, compa\u00f1ero y amigo\u00a0<strong>\u00c1lvaro Romero Bernal<\/strong> y por el editor Mart\u00edn Luc\u00eda.<\/p>\n<p style=\"text-align: justify;\">.<\/p>\n<p><a href=\"http:\/\/biblioteca.iesalmudeyne.es\/wp-content\/uploads\/2016\/02\/12733457_564834010348596_579989855145404594_n-e1479334725126.jpg\" rel=\"attachment wp-att-231\"><img decoding=\"async\" class=\"size-full wp-image-231 aligncenter\" src=\"http:\/\/biblioteca.iesalmudeyne.es\/wp-content\/uploads\/2016\/02\/12733457_564834010348596_579989855145404594_n-e1479334725126.jpg\" alt=\"12733457_564834010348596_579989855145404594_n\" width=\"403\" height=\"171\" srcset=\"https:\/\/biblioteca.iesalmudeyne.es\/wp-content\/uploads\/2016\/02\/12733457_564834010348596_579989855145404594_n-e1479334725126-200x85.jpg 200w, https:\/\/biblioteca.iesalmudeyne.es\/wp-content\/uploads\/2016\/02\/12733457_564834010348596_579989855145404594_n-e1479334725126-300x127.jpg 300w, https:\/\/biblioteca.iesalmudeyne.es\/wp-content\/uploads\/2016\/02\/12733457_564834010348596_579989855145404594_n-e1479334725126-400x170.jpg 400w, https:\/\/biblioteca.iesalmudeyne.es\/wp-content\/uploads\/2016\/02\/12733457_564834010348596_579989855145404594_n-e1479334725126.jpg 403w\" sizes=\"(max-width: 403px) 100vw, 403px\" \/><\/a><\/p>\n<p style=\"text-align: center;\">El acto tendr\u00e1 lugar el pr\u00f3ximo\u00a0<strong>viernes, d\u00eda 18 de noviembre, a las 20,00 horas<\/strong>,<\/p>\n<p style=\"text-align: center;\">en la Casa de la Cultura de la localidad.<\/p>\n<p>&nbsp;<\/p>\n<p style=\"text-align: center;\"><span style=\"text-decoration: underline;\"><em><span style=\"color: #339966;\"><strong>\u00a1\u00a1\u00a1\u00a1NO TE LO PUEDES PERDER!!!!<\/strong><\/span><\/em><\/span><\/p>\n<p style=\"text-align: center;\"><a href=\"http:\/\/biblioteca.iesalmudeyne.es\/wp-content\/uploads\/2016\/11\/CARTEL-CFQTA-Los-Palacios.png\" rel=\"attachment wp-att-483\"><img decoding=\"async\" class=\"alignnone size-full wp-image-483\" src=\"http:\/\/biblioteca.iesalmudeyne.es\/wp-content\/uploads\/2016\/11\/CARTEL-CFQTA-Los-Palacios.png\" alt=\"CARTEL-CFQTA-Los-Palacios\" width=\"560\" height=\"794\" srcset=\"https:\/\/biblioteca.iesalmudeyne.es\/wp-content\/uploads\/2016\/11\/CARTEL-CFQTA-Los-Palacios-200x284.png 200w, https:\/\/biblioteca.iesalmudeyne.es\/wp-content\/uploads\/2016\/11\/CARTEL-CFQTA-Los-Palacios-212x300.png 212w, https:\/\/biblioteca.iesalmudeyne.es\/wp-content\/uploads\/2016\/11\/CARTEL-CFQTA-Los-Palacios-400x567.png 400w, https:\/\/biblioteca.iesalmudeyne.es\/wp-content\/uploads\/2016\/11\/CARTEL-CFQTA-Los-Palacios.png 560w\" sizes=\"(max-width: 560px) 100vw, 560px\" \/><\/a><a href=\"http:\/\/biblioteca.iesalmudeyne.es\/wp-content\/uploads\/2016\/11\/0presentacion-1.jpg\" rel=\"attachment wp-att-491\"><img decoding=\"async\" class=\"alignnone size-full wp-image-491\" src=\"http:\/\/biblioteca.iesalmudeyne.es\/wp-content\/uploads\/2016\/11\/0presentacion-1.jpg\" alt=\"0presentacion\" width=\"960\" height=\"671\" srcset=\"https:\/\/biblioteca.iesalmudeyne.es\/wp-content\/uploads\/2016\/11\/0presentacion-1-200x140.jpg 200w, https:\/\/biblioteca.iesalmudeyne.es\/wp-content\/uploads\/2016\/11\/0presentacion-1-300x210.jpg 300w, https:\/\/biblioteca.iesalmudeyne.es\/wp-content\/uploads\/2016\/11\/0presentacion-1-400x280.jpg 400w, https:\/\/biblioteca.iesalmudeyne.es\/wp-content\/uploads\/2016\/11\/0presentacion-1-600x419.jpg 600w, https:\/\/biblioteca.iesalmudeyne.es\/wp-content\/uploads\/2016\/11\/0presentacion-1-768x537.jpg 768w, https:\/\/biblioteca.iesalmudeyne.es\/wp-content\/uploads\/2016\/11\/0presentacion-1-800x559.jpg 800w, https:\/\/biblioteca.iesalmudeyne.es\/wp-content\/uploads\/2016\/11\/0presentacion-1.jpg 960w\" sizes=\"(max-width: 960px) 100vw, 960px\" \/><\/a><\/p>\n","protected":false},"excerpt":{"rendered":"<p>. Presentaci\u00f3n de la novela \u201cComo fiera que te acecha\u201d, [&hellip;]<\/p>\n","protected":false},"author":1,"featured_media":231,"comment_status":"open","ping_status":"open","sticky":false,"template":"","format":"standard","meta":{"footnotes":""},"categories":[1],"tags":[],"class_list":["post-482","post","type-post","status-publish","format-standard","has-post-thumbnail","hentry","category-uncategorized"],"_links":{"self":[{"href":"https:\/\/biblioteca.iesalmudeyne.es\/index.php?rest_route=\/wp\/v2\/posts\/482","targetHints":{"allow":["GET"]}}],"collection":[{"href":"https:\/\/biblioteca.iesalmudeyne.es\/index.php?rest_route=\/wp\/v2\/posts"}],"about":[{"href":"https:\/\/biblioteca.iesalmudeyne.es\/index.php?rest_route=\/wp\/v2\/types\/post"}],"author":[{"embeddable":true,"href":"https:\/\/biblioteca.iesalmudeyne.es\/index.php?rest_route=\/wp\/v2\/users\/1"}],"replies":[{"embeddable":true,"href":"https:\/\/biblioteca.iesalmudeyne.es\/index.php?rest_route=%2Fwp%2Fv2%2Fcomments&post=482"}],"version-history":[{"count":0,"href":"https:\/\/biblioteca.iesalmudeyne.es\/index.php?rest_route=\/wp\/v2\/posts\/482\/revisions"}],"wp:featuredmedia":[{"embeddable":true,"href":"https:\/\/biblioteca.iesalmudeyne.es\/index.php?rest_route=\/wp\/v2\/media\/231"}],"wp:attachment":[{"href":"https:\/\/biblioteca.iesalmudeyne.es\/index.php?rest_route=%2Fwp%2Fv2%2Fmedia&parent=482"}],"wp:term":[{"taxonomy":"category","embeddable":true,"href":"https:\/\/biblioteca.iesalmudeyne.es\/index.php?rest_route=%2Fwp%2Fv2%2Fcategories&post=482"},{"taxonomy":"post_tag","embeddable":true,"href":"https:\/\/biblioteca.iesalmudeyne.es\/index.php?rest_route=%2Fwp%2Fv2%2Ftags&post=482"}],"curies":[{"name":"wp","href":"https:\/\/api.w.org\/{rel}","templated":true}]}}