{"id":4859,"date":"2025-11-12T18:33:28","date_gmt":"2025-11-12T18:33:28","guid":{"rendered":"https:\/\/biblioteca.iesalmudeyne.es\/?p=4859"},"modified":"2025-11-12T18:33:28","modified_gmt":"2025-11-12T18:33:28","slug":"primer-encuentro-del-club-de-lectura","status":"publish","type":"post","link":"https:\/\/biblioteca.iesalmudeyne.es\/?p=4859","title":{"rendered":"Primer encuentro del Club de Lectura"},"content":{"rendered":"<p>El pasado viernes tuvo lugar nuestro primer encuentro del Club de Lectura. Un a\u00f1o m\u00e1s, contamos con la colaboraci\u00f3n de @elviverocultural.<\/p>\n<p>En esta primera sesi\u00f3n, desayunamos donetes y hablamos de nuestras lecturas actuales y veraniegas. Entre todos decidimos leer el primer libro de la saga Blackwater y comentarlo en la pr\u00f3xima reuni\u00f3n.<br \/>\nSi no has asistido nunca, te animamos a participar. \u00a1Este curso trae novedades!<br \/>\nSi quieres descubrirlas, ponte en contacto con las coordinadoras, Rosa Mart\u00edn (Ingl\u00e9s) y Raquel Mauri\u00f1o (Biolog\u00eda).<br \/>\n\u00a1Nos volvemos a ver dentro de un mes! Y recuerda, aunque hayamos propuesto una lectura com\u00fan, lo importante es no dejar de leer. Trae un libro bajo el brazo, el que sea, y ser\u00e1s bien recibid@ \ud83d\ude0a<\/p>\n<p><img decoding=\"async\" class=\"alignnone size-full wp-image-4860\" src=\"https:\/\/biblioteca.iesalmudeyne.es\/wp-content\/uploads\/2025\/11\/PHOTO-2025-11-12-11-06-06.jpg\" alt=\"\" width=\"1200\" height=\"1600\" srcset=\"https:\/\/biblioteca.iesalmudeyne.es\/wp-content\/uploads\/2025\/11\/PHOTO-2025-11-12-11-06-06-200x267.jpg 200w, https:\/\/biblioteca.iesalmudeyne.es\/wp-content\/uploads\/2025\/11\/PHOTO-2025-11-12-11-06-06-225x300.jpg 225w, https:\/\/biblioteca.iesalmudeyne.es\/wp-content\/uploads\/2025\/11\/PHOTO-2025-11-12-11-06-06-400x533.jpg 400w, https:\/\/biblioteca.iesalmudeyne.es\/wp-content\/uploads\/2025\/11\/PHOTO-2025-11-12-11-06-06-600x800.jpg 600w, https:\/\/biblioteca.iesalmudeyne.es\/wp-content\/uploads\/2025\/11\/PHOTO-2025-11-12-11-06-06-768x1024.jpg 768w, https:\/\/biblioteca.iesalmudeyne.es\/wp-content\/uploads\/2025\/11\/PHOTO-2025-11-12-11-06-06-800x1067.jpg 800w, https:\/\/biblioteca.iesalmudeyne.es\/wp-content\/uploads\/2025\/11\/PHOTO-2025-11-12-11-06-06-1152x1536.jpg 1152w, https:\/\/biblioteca.iesalmudeyne.es\/wp-content\/uploads\/2025\/11\/PHOTO-2025-11-12-11-06-06.jpg 1200w\" sizes=\"(max-width: 1200px) 100vw, 1200px\" \/> <img decoding=\"async\" class=\"alignnone size-fusion400 wp-image-4861\" src=\"https:\/\/biblioteca.iesalmudeyne.es\/wp-content\/uploads\/2025\/11\/PHOTO-2025-11-12-11-06-07-2.jpg\" alt=\"\" width=\"1200\" height=\"1600\" srcset=\"https:\/\/biblioteca.iesalmudeyne.es\/wp-content\/uploads\/2025\/11\/PHOTO-2025-11-12-11-06-07-2-200x267.jpg 200w, https:\/\/biblioteca.iesalmudeyne.es\/wp-content\/uploads\/2025\/11\/PHOTO-2025-11-12-11-06-07-2-225x300.jpg 225w, https:\/\/biblioteca.iesalmudeyne.es\/wp-content\/uploads\/2025\/11\/PHOTO-2025-11-12-11-06-07-2-400x533.jpg 400w, https:\/\/biblioteca.iesalmudeyne.es\/wp-content\/uploads\/2025\/11\/PHOTO-2025-11-12-11-06-07-2-600x800.jpg 600w, https:\/\/biblioteca.iesalmudeyne.es\/wp-content\/uploads\/2025\/11\/PHOTO-2025-11-12-11-06-07-2-768x1024.jpg 768w, https:\/\/biblioteca.iesalmudeyne.es\/wp-content\/uploads\/2025\/11\/PHOTO-2025-11-12-11-06-07-2-800x1067.jpg 800w, https:\/\/biblioteca.iesalmudeyne.es\/wp-content\/uploads\/2025\/11\/PHOTO-2025-11-12-11-06-07-2-1152x1536.jpg 1152w, https:\/\/biblioteca.iesalmudeyne.es\/wp-content\/uploads\/2025\/11\/PHOTO-2025-11-12-11-06-07-2.jpg 1200w\" sizes=\"(max-width: 1200px) 100vw, 1200px\" \/> <img decoding=\"async\" class=\"alignnone size-fusion400 wp-image-4862\" src=\"https:\/\/biblioteca.iesalmudeyne.es\/wp-content\/uploads\/2025\/11\/PHOTO-2025-11-12-11-06-07-3.jpg\" alt=\"\" width=\"1200\" height=\"1600\" srcset=\"https:\/\/biblioteca.iesalmudeyne.es\/wp-content\/uploads\/2025\/11\/PHOTO-2025-11-12-11-06-07-3-200x267.jpg 200w, https:\/\/biblioteca.iesalmudeyne.es\/wp-content\/uploads\/2025\/11\/PHOTO-2025-11-12-11-06-07-3-225x300.jpg 225w, https:\/\/biblioteca.iesalmudeyne.es\/wp-content\/uploads\/2025\/11\/PHOTO-2025-11-12-11-06-07-3-400x533.jpg 400w, https:\/\/biblioteca.iesalmudeyne.es\/wp-content\/uploads\/2025\/11\/PHOTO-2025-11-12-11-06-07-3-600x800.jpg 600w, https:\/\/biblioteca.iesalmudeyne.es\/wp-content\/uploads\/2025\/11\/PHOTO-2025-11-12-11-06-07-3-768x1024.jpg 768w, https:\/\/biblioteca.iesalmudeyne.es\/wp-content\/uploads\/2025\/11\/PHOTO-2025-11-12-11-06-07-3-800x1067.jpg 800w, https:\/\/biblioteca.iesalmudeyne.es\/wp-content\/uploads\/2025\/11\/PHOTO-2025-11-12-11-06-07-3-1152x1536.jpg 1152w, https:\/\/biblioteca.iesalmudeyne.es\/wp-content\/uploads\/2025\/11\/PHOTO-2025-11-12-11-06-07-3.jpg 1200w\" sizes=\"(max-width: 1200px) 100vw, 1200px\" \/> <img decoding=\"async\" class=\"alignnone size-fusion400 wp-image-4863\" src=\"https:\/\/biblioteca.iesalmudeyne.es\/wp-content\/uploads\/2025\/11\/PHOTO-2025-11-12-11-06-07-4.jpg\" alt=\"\" width=\"1600\" height=\"1200\" srcset=\"https:\/\/biblioteca.iesalmudeyne.es\/wp-content\/uploads\/2025\/11\/PHOTO-2025-11-12-11-06-07-4-200x150.jpg 200w, https:\/\/biblioteca.iesalmudeyne.es\/wp-content\/uploads\/2025\/11\/PHOTO-2025-11-12-11-06-07-4-300x225.jpg 300w, https:\/\/biblioteca.iesalmudeyne.es\/wp-content\/uploads\/2025\/11\/PHOTO-2025-11-12-11-06-07-4-400x300.jpg 400w, https:\/\/biblioteca.iesalmudeyne.es\/wp-content\/uploads\/2025\/11\/PHOTO-2025-11-12-11-06-07-4-600x450.jpg 600w, https:\/\/biblioteca.iesalmudeyne.es\/wp-content\/uploads\/2025\/11\/PHOTO-2025-11-12-11-06-07-4-768x576.jpg 768w, https:\/\/biblioteca.iesalmudeyne.es\/wp-content\/uploads\/2025\/11\/PHOTO-2025-11-12-11-06-07-4-800x600.jpg 800w, https:\/\/biblioteca.iesalmudeyne.es\/wp-content\/uploads\/2025\/11\/PHOTO-2025-11-12-11-06-07-4-1024x768.jpg 1024w, https:\/\/biblioteca.iesalmudeyne.es\/wp-content\/uploads\/2025\/11\/PHOTO-2025-11-12-11-06-07-4-1200x900.jpg 1200w, https:\/\/biblioteca.iesalmudeyne.es\/wp-content\/uploads\/2025\/11\/PHOTO-2025-11-12-11-06-07-4-1536x1152.jpg 1536w, https:\/\/biblioteca.iesalmudeyne.es\/wp-content\/uploads\/2025\/11\/PHOTO-2025-11-12-11-06-07-4.jpg 1600w\" sizes=\"(max-width: 1600px) 100vw, 1600px\" \/> <img decoding=\"async\" class=\"alignnone size-fusion400 wp-image-4864\" src=\"https:\/\/biblioteca.iesalmudeyne.es\/wp-content\/uploads\/2025\/11\/PHOTO-2025-11-12-11-06-07.jpg\" alt=\"\" width=\"1200\" height=\"1600\" srcset=\"https:\/\/biblioteca.iesalmudeyne.es\/wp-content\/uploads\/2025\/11\/PHOTO-2025-11-12-11-06-07-200x267.jpg 200w, https:\/\/biblioteca.iesalmudeyne.es\/wp-content\/uploads\/2025\/11\/PHOTO-2025-11-12-11-06-07-225x300.jpg 225w, https:\/\/biblioteca.iesalmudeyne.es\/wp-content\/uploads\/2025\/11\/PHOTO-2025-11-12-11-06-07-400x533.jpg 400w, https:\/\/biblioteca.iesalmudeyne.es\/wp-content\/uploads\/2025\/11\/PHOTO-2025-11-12-11-06-07-600x800.jpg 600w, https:\/\/biblioteca.iesalmudeyne.es\/wp-content\/uploads\/2025\/11\/PHOTO-2025-11-12-11-06-07-768x1024.jpg 768w, https:\/\/biblioteca.iesalmudeyne.es\/wp-content\/uploads\/2025\/11\/PHOTO-2025-11-12-11-06-07-800x1067.jpg 800w, https:\/\/biblioteca.iesalmudeyne.es\/wp-content\/uploads\/2025\/11\/PHOTO-2025-11-12-11-06-07-1152x1536.jpg 1152w, https:\/\/biblioteca.iesalmudeyne.es\/wp-content\/uploads\/2025\/11\/PHOTO-2025-11-12-11-06-07.jpg 1200w\" sizes=\"(max-width: 1200px) 100vw, 1200px\" \/><\/p>\n","protected":false},"excerpt":{"rendered":"<p>El pasado viernes tuvo lugar nuestro primer encuentro del Club [&hellip;]<\/p>\n","protected":false},"author":7,"featured_media":0,"comment_status":"open","ping_status":"open","sticky":false,"template":"","format":"standard","meta":{"footnotes":""},"categories":[1],"tags":[],"class_list":["post-4859","post","type-post","status-publish","format-standard","hentry","category-uncategorized"],"_links":{"self":[{"href":"https:\/\/biblioteca.iesalmudeyne.es\/index.php?rest_route=\/wp\/v2\/posts\/4859","targetHints":{"allow":["GET"]}}],"collection":[{"href":"https:\/\/biblioteca.iesalmudeyne.es\/index.php?rest_route=\/wp\/v2\/posts"}],"about":[{"href":"https:\/\/biblioteca.iesalmudeyne.es\/index.php?rest_route=\/wp\/v2\/types\/post"}],"author":[{"embeddable":true,"href":"https:\/\/biblioteca.iesalmudeyne.es\/index.php?rest_route=\/wp\/v2\/users\/7"}],"replies":[{"embeddable":true,"href":"https:\/\/biblioteca.iesalmudeyne.es\/index.php?rest_route=%2Fwp%2Fv2%2Fcomments&post=4859"}],"version-history":[{"count":1,"href":"https:\/\/biblioteca.iesalmudeyne.es\/index.php?rest_route=\/wp\/v2\/posts\/4859\/revisions"}],"predecessor-version":[{"id":4865,"href":"https:\/\/biblioteca.iesalmudeyne.es\/index.php?rest_route=\/wp\/v2\/posts\/4859\/revisions\/4865"}],"wp:attachment":[{"href":"https:\/\/biblioteca.iesalmudeyne.es\/index.php?rest_route=%2Fwp%2Fv2%2Fmedia&parent=4859"}],"wp:term":[{"taxonomy":"category","embeddable":true,"href":"https:\/\/biblioteca.iesalmudeyne.es\/index.php?rest_route=%2Fwp%2Fv2%2Fcategories&post=4859"},{"taxonomy":"post_tag","embeddable":true,"href":"https:\/\/biblioteca.iesalmudeyne.es\/index.php?rest_route=%2Fwp%2Fv2%2Ftags&post=4859"}],"curies":[{"name":"wp","href":"https:\/\/api.w.org\/{rel}","templated":true}]}}