{"id":4867,"date":"2025-12-02T17:15:54","date_gmt":"2025-12-02T17:15:54","guid":{"rendered":"https:\/\/biblioteca.iesalmudeyne.es\/?p=4867"},"modified":"2025-12-02T17:15:54","modified_gmt":"2025-12-02T17:15:54","slug":"celebracion-del-dia-internacional-del-flamenco","status":"publish","type":"post","link":"https:\/\/biblioteca.iesalmudeyne.es\/?p=4867","title":{"rendered":"Celebraci\u00f3n del D\u00eda Internacional del Flamenco"},"content":{"rendered":"<p>El viernes 14 de noviembre Biblideyne celebr\u00f3 el D\u00eda Internacional del Flamenco (16 de noviembre) y la conmemoraci\u00f3n de su declaraci\u00f3n como Patrimonio Cultural Inmaterial de la Humanidad por la UNESCO, hace 15 a\u00f1os.<br \/>\nLa profesora Cristina, desde el Departamento de Matem\u00e1ticas, realiz\u00f3 una actividad espectacular que tuvo a nuestra biblioteca como el espacio ideal. Biblideyne acoge la manifestaci\u00f3n de todas las artes, siendo la m\u00fasica una de las m\u00e1s cercanas a la poes\u00eda, ambas como medios para expresar sentimientos universales.<\/p>\n<p><img decoding=\"async\" class=\"alignnone size-full wp-image-4868\" src=\"https:\/\/biblioteca.iesalmudeyne.es\/wp-content\/uploads\/2025\/12\/PHOTO-2025-11-19-09-56-23-2.jpg\" alt=\"\" width=\"1600\" height=\"1200\" srcset=\"https:\/\/biblioteca.iesalmudeyne.es\/wp-content\/uploads\/2025\/12\/PHOTO-2025-11-19-09-56-23-2-200x150.jpg 200w, https:\/\/biblioteca.iesalmudeyne.es\/wp-content\/uploads\/2025\/12\/PHOTO-2025-11-19-09-56-23-2-300x225.jpg 300w, https:\/\/biblioteca.iesalmudeyne.es\/wp-content\/uploads\/2025\/12\/PHOTO-2025-11-19-09-56-23-2-400x300.jpg 400w, https:\/\/biblioteca.iesalmudeyne.es\/wp-content\/uploads\/2025\/12\/PHOTO-2025-11-19-09-56-23-2-600x450.jpg 600w, https:\/\/biblioteca.iesalmudeyne.es\/wp-content\/uploads\/2025\/12\/PHOTO-2025-11-19-09-56-23-2-768x576.jpg 768w, https:\/\/biblioteca.iesalmudeyne.es\/wp-content\/uploads\/2025\/12\/PHOTO-2025-11-19-09-56-23-2-800x600.jpg 800w, https:\/\/biblioteca.iesalmudeyne.es\/wp-content\/uploads\/2025\/12\/PHOTO-2025-11-19-09-56-23-2-1024x768.jpg 1024w, https:\/\/biblioteca.iesalmudeyne.es\/wp-content\/uploads\/2025\/12\/PHOTO-2025-11-19-09-56-23-2-1200x900.jpg 1200w, https:\/\/biblioteca.iesalmudeyne.es\/wp-content\/uploads\/2025\/12\/PHOTO-2025-11-19-09-56-23-2-1536x1152.jpg 1536w, https:\/\/biblioteca.iesalmudeyne.es\/wp-content\/uploads\/2025\/12\/PHOTO-2025-11-19-09-56-23-2.jpg 1600w\" sizes=\"(max-width: 1600px) 100vw, 1600px\" \/> <img decoding=\"async\" class=\"alignnone size-fusion400 wp-image-4869\" src=\"https:\/\/biblioteca.iesalmudeyne.es\/wp-content\/uploads\/2025\/12\/PHOTO-2025-11-19-09-56-23.jpg\" alt=\"\" width=\"1600\" height=\"1200\" srcset=\"https:\/\/biblioteca.iesalmudeyne.es\/wp-content\/uploads\/2025\/12\/PHOTO-2025-11-19-09-56-23-200x150.jpg 200w, https:\/\/biblioteca.iesalmudeyne.es\/wp-content\/uploads\/2025\/12\/PHOTO-2025-11-19-09-56-23-300x225.jpg 300w, https:\/\/biblioteca.iesalmudeyne.es\/wp-content\/uploads\/2025\/12\/PHOTO-2025-11-19-09-56-23-400x300.jpg 400w, https:\/\/biblioteca.iesalmudeyne.es\/wp-content\/uploads\/2025\/12\/PHOTO-2025-11-19-09-56-23-600x450.jpg 600w, https:\/\/biblioteca.iesalmudeyne.es\/wp-content\/uploads\/2025\/12\/PHOTO-2025-11-19-09-56-23-768x576.jpg 768w, https:\/\/biblioteca.iesalmudeyne.es\/wp-content\/uploads\/2025\/12\/PHOTO-2025-11-19-09-56-23-800x600.jpg 800w, https:\/\/biblioteca.iesalmudeyne.es\/wp-content\/uploads\/2025\/12\/PHOTO-2025-11-19-09-56-23-1024x768.jpg 1024w, https:\/\/biblioteca.iesalmudeyne.es\/wp-content\/uploads\/2025\/12\/PHOTO-2025-11-19-09-56-23-1200x900.jpg 1200w, https:\/\/biblioteca.iesalmudeyne.es\/wp-content\/uploads\/2025\/12\/PHOTO-2025-11-19-09-56-23-1536x1152.jpg 1536w, https:\/\/biblioteca.iesalmudeyne.es\/wp-content\/uploads\/2025\/12\/PHOTO-2025-11-19-09-56-23.jpg 1600w\" sizes=\"(max-width: 1600px) 100vw, 1600px\" \/> <img decoding=\"async\" class=\"alignnone size-fusion400 wp-image-4870\" src=\"https:\/\/biblioteca.iesalmudeyne.es\/wp-content\/uploads\/2025\/12\/PHOTO-2025-11-19-09-56-24-2.jpg\" alt=\"\" width=\"1600\" height=\"1200\" srcset=\"https:\/\/biblioteca.iesalmudeyne.es\/wp-content\/uploads\/2025\/12\/PHOTO-2025-11-19-09-56-24-2-200x150.jpg 200w, https:\/\/biblioteca.iesalmudeyne.es\/wp-content\/uploads\/2025\/12\/PHOTO-2025-11-19-09-56-24-2-300x225.jpg 300w, https:\/\/biblioteca.iesalmudeyne.es\/wp-content\/uploads\/2025\/12\/PHOTO-2025-11-19-09-56-24-2-400x300.jpg 400w, https:\/\/biblioteca.iesalmudeyne.es\/wp-content\/uploads\/2025\/12\/PHOTO-2025-11-19-09-56-24-2-600x450.jpg 600w, https:\/\/biblioteca.iesalmudeyne.es\/wp-content\/uploads\/2025\/12\/PHOTO-2025-11-19-09-56-24-2-768x576.jpg 768w, https:\/\/biblioteca.iesalmudeyne.es\/wp-content\/uploads\/2025\/12\/PHOTO-2025-11-19-09-56-24-2-800x600.jpg 800w, https:\/\/biblioteca.iesalmudeyne.es\/wp-content\/uploads\/2025\/12\/PHOTO-2025-11-19-09-56-24-2-1024x768.jpg 1024w, https:\/\/biblioteca.iesalmudeyne.es\/wp-content\/uploads\/2025\/12\/PHOTO-2025-11-19-09-56-24-2-1200x900.jpg 1200w, https:\/\/biblioteca.iesalmudeyne.es\/wp-content\/uploads\/2025\/12\/PHOTO-2025-11-19-09-56-24-2-1536x1152.jpg 1536w, https:\/\/biblioteca.iesalmudeyne.es\/wp-content\/uploads\/2025\/12\/PHOTO-2025-11-19-09-56-24-2.jpg 1600w\" sizes=\"(max-width: 1600px) 100vw, 1600px\" \/> <img decoding=\"async\" class=\"alignnone size-fusion400 wp-image-4871\" src=\"https:\/\/biblioteca.iesalmudeyne.es\/wp-content\/uploads\/2025\/12\/PHOTO-2025-11-19-09-56-24-3.jpg\" alt=\"\" width=\"1600\" height=\"1200\" srcset=\"https:\/\/biblioteca.iesalmudeyne.es\/wp-content\/uploads\/2025\/12\/PHOTO-2025-11-19-09-56-24-3-200x150.jpg 200w, https:\/\/biblioteca.iesalmudeyne.es\/wp-content\/uploads\/2025\/12\/PHOTO-2025-11-19-09-56-24-3-300x225.jpg 300w, https:\/\/biblioteca.iesalmudeyne.es\/wp-content\/uploads\/2025\/12\/PHOTO-2025-11-19-09-56-24-3-400x300.jpg 400w, https:\/\/biblioteca.iesalmudeyne.es\/wp-content\/uploads\/2025\/12\/PHOTO-2025-11-19-09-56-24-3-600x450.jpg 600w, https:\/\/biblioteca.iesalmudeyne.es\/wp-content\/uploads\/2025\/12\/PHOTO-2025-11-19-09-56-24-3-768x576.jpg 768w, https:\/\/biblioteca.iesalmudeyne.es\/wp-content\/uploads\/2025\/12\/PHOTO-2025-11-19-09-56-24-3-800x600.jpg 800w, https:\/\/biblioteca.iesalmudeyne.es\/wp-content\/uploads\/2025\/12\/PHOTO-2025-11-19-09-56-24-3-1024x768.jpg 1024w, https:\/\/biblioteca.iesalmudeyne.es\/wp-content\/uploads\/2025\/12\/PHOTO-2025-11-19-09-56-24-3-1200x900.jpg 1200w, https:\/\/biblioteca.iesalmudeyne.es\/wp-content\/uploads\/2025\/12\/PHOTO-2025-11-19-09-56-24-3-1536x1152.jpg 1536w, https:\/\/biblioteca.iesalmudeyne.es\/wp-content\/uploads\/2025\/12\/PHOTO-2025-11-19-09-56-24-3.jpg 1600w\" sizes=\"(max-width: 1600px) 100vw, 1600px\" \/> <img decoding=\"async\" class=\"alignnone size-fusion400 wp-image-4872\" src=\"https:\/\/biblioteca.iesalmudeyne.es\/wp-content\/uploads\/2025\/12\/PHOTO-2025-11-19-09-56-24-4.jpg\" alt=\"\" width=\"1600\" height=\"1200\" srcset=\"https:\/\/biblioteca.iesalmudeyne.es\/wp-content\/uploads\/2025\/12\/PHOTO-2025-11-19-09-56-24-4-200x150.jpg 200w, https:\/\/biblioteca.iesalmudeyne.es\/wp-content\/uploads\/2025\/12\/PHOTO-2025-11-19-09-56-24-4-300x225.jpg 300w, https:\/\/biblioteca.iesalmudeyne.es\/wp-content\/uploads\/2025\/12\/PHOTO-2025-11-19-09-56-24-4-400x300.jpg 400w, https:\/\/biblioteca.iesalmudeyne.es\/wp-content\/uploads\/2025\/12\/PHOTO-2025-11-19-09-56-24-4-600x450.jpg 600w, https:\/\/biblioteca.iesalmudeyne.es\/wp-content\/uploads\/2025\/12\/PHOTO-2025-11-19-09-56-24-4-768x576.jpg 768w, https:\/\/biblioteca.iesalmudeyne.es\/wp-content\/uploads\/2025\/12\/PHOTO-2025-11-19-09-56-24-4-800x600.jpg 800w, https:\/\/biblioteca.iesalmudeyne.es\/wp-content\/uploads\/2025\/12\/PHOTO-2025-11-19-09-56-24-4-1024x768.jpg 1024w, https:\/\/biblioteca.iesalmudeyne.es\/wp-content\/uploads\/2025\/12\/PHOTO-2025-11-19-09-56-24-4-1200x900.jpg 1200w, https:\/\/biblioteca.iesalmudeyne.es\/wp-content\/uploads\/2025\/12\/PHOTO-2025-11-19-09-56-24-4-1536x1152.jpg 1536w, https:\/\/biblioteca.iesalmudeyne.es\/wp-content\/uploads\/2025\/12\/PHOTO-2025-11-19-09-56-24-4.jpg 1600w\" sizes=\"(max-width: 1600px) 100vw, 1600px\" \/> <img decoding=\"async\" class=\"alignnone size-fusion400 wp-image-4873\" src=\"https:\/\/biblioteca.iesalmudeyne.es\/wp-content\/uploads\/2025\/12\/PHOTO-2025-11-19-09-56-24-5.jpg\" alt=\"\" width=\"1600\" height=\"1200\" srcset=\"https:\/\/biblioteca.iesalmudeyne.es\/wp-content\/uploads\/2025\/12\/PHOTO-2025-11-19-09-56-24-5-200x150.jpg 200w, https:\/\/biblioteca.iesalmudeyne.es\/wp-content\/uploads\/2025\/12\/PHOTO-2025-11-19-09-56-24-5-300x225.jpg 300w, https:\/\/biblioteca.iesalmudeyne.es\/wp-content\/uploads\/2025\/12\/PHOTO-2025-11-19-09-56-24-5-400x300.jpg 400w, https:\/\/biblioteca.iesalmudeyne.es\/wp-content\/uploads\/2025\/12\/PHOTO-2025-11-19-09-56-24-5-600x450.jpg 600w, https:\/\/biblioteca.iesalmudeyne.es\/wp-content\/uploads\/2025\/12\/PHOTO-2025-11-19-09-56-24-5-768x576.jpg 768w, https:\/\/biblioteca.iesalmudeyne.es\/wp-content\/uploads\/2025\/12\/PHOTO-2025-11-19-09-56-24-5-800x600.jpg 800w, https:\/\/biblioteca.iesalmudeyne.es\/wp-content\/uploads\/2025\/12\/PHOTO-2025-11-19-09-56-24-5-1024x768.jpg 1024w, https:\/\/biblioteca.iesalmudeyne.es\/wp-content\/uploads\/2025\/12\/PHOTO-2025-11-19-09-56-24-5-1200x900.jpg 1200w, https:\/\/biblioteca.iesalmudeyne.es\/wp-content\/uploads\/2025\/12\/PHOTO-2025-11-19-09-56-24-5-1536x1152.jpg 1536w, https:\/\/biblioteca.iesalmudeyne.es\/wp-content\/uploads\/2025\/12\/PHOTO-2025-11-19-09-56-24-5.jpg 1600w\" sizes=\"(max-width: 1600px) 100vw, 1600px\" \/> <img decoding=\"async\" class=\"alignnone size-fusion400 wp-image-4874\" src=\"https:\/\/biblioteca.iesalmudeyne.es\/wp-content\/uploads\/2025\/12\/PHOTO-2025-11-19-09-56-24-6.jpg\" alt=\"\" width=\"1600\" height=\"900\" srcset=\"https:\/\/biblioteca.iesalmudeyne.es\/wp-content\/uploads\/2025\/12\/PHOTO-2025-11-19-09-56-24-6-200x113.jpg 200w, https:\/\/biblioteca.iesalmudeyne.es\/wp-content\/uploads\/2025\/12\/PHOTO-2025-11-19-09-56-24-6-300x169.jpg 300w, https:\/\/biblioteca.iesalmudeyne.es\/wp-content\/uploads\/2025\/12\/PHOTO-2025-11-19-09-56-24-6-400x225.jpg 400w, https:\/\/biblioteca.iesalmudeyne.es\/wp-content\/uploads\/2025\/12\/PHOTO-2025-11-19-09-56-24-6-600x338.jpg 600w, https:\/\/biblioteca.iesalmudeyne.es\/wp-content\/uploads\/2025\/12\/PHOTO-2025-11-19-09-56-24-6-768x432.jpg 768w, https:\/\/biblioteca.iesalmudeyne.es\/wp-content\/uploads\/2025\/12\/PHOTO-2025-11-19-09-56-24-6-800x450.jpg 800w, https:\/\/biblioteca.iesalmudeyne.es\/wp-content\/uploads\/2025\/12\/PHOTO-2025-11-19-09-56-24-6-1024x576.jpg 1024w, https:\/\/biblioteca.iesalmudeyne.es\/wp-content\/uploads\/2025\/12\/PHOTO-2025-11-19-09-56-24-6-1200x675.jpg 1200w, https:\/\/biblioteca.iesalmudeyne.es\/wp-content\/uploads\/2025\/12\/PHOTO-2025-11-19-09-56-24-6-1536x864.jpg 1536w, https:\/\/biblioteca.iesalmudeyne.es\/wp-content\/uploads\/2025\/12\/PHOTO-2025-11-19-09-56-24-6.jpg 1600w\" sizes=\"(max-width: 1600px) 100vw, 1600px\" \/> <img decoding=\"async\" class=\"alignnone size-fusion400 wp-image-4875\" src=\"https:\/\/biblioteca.iesalmudeyne.es\/wp-content\/uploads\/2025\/12\/PHOTO-2025-11-19-09-56-24-7.jpg\" alt=\"\" width=\"1600\" height=\"900\" srcset=\"https:\/\/biblioteca.iesalmudeyne.es\/wp-content\/uploads\/2025\/12\/PHOTO-2025-11-19-09-56-24-7-200x113.jpg 200w, https:\/\/biblioteca.iesalmudeyne.es\/wp-content\/uploads\/2025\/12\/PHOTO-2025-11-19-09-56-24-7-300x169.jpg 300w, https:\/\/biblioteca.iesalmudeyne.es\/wp-content\/uploads\/2025\/12\/PHOTO-2025-11-19-09-56-24-7-400x225.jpg 400w, https:\/\/biblioteca.iesalmudeyne.es\/wp-content\/uploads\/2025\/12\/PHOTO-2025-11-19-09-56-24-7-600x338.jpg 600w, https:\/\/biblioteca.iesalmudeyne.es\/wp-content\/uploads\/2025\/12\/PHOTO-2025-11-19-09-56-24-7-768x432.jpg 768w, https:\/\/biblioteca.iesalmudeyne.es\/wp-content\/uploads\/2025\/12\/PHOTO-2025-11-19-09-56-24-7-800x450.jpg 800w, https:\/\/biblioteca.iesalmudeyne.es\/wp-content\/uploads\/2025\/12\/PHOTO-2025-11-19-09-56-24-7-1024x576.jpg 1024w, https:\/\/biblioteca.iesalmudeyne.es\/wp-content\/uploads\/2025\/12\/PHOTO-2025-11-19-09-56-24-7-1200x675.jpg 1200w, https:\/\/biblioteca.iesalmudeyne.es\/wp-content\/uploads\/2025\/12\/PHOTO-2025-11-19-09-56-24-7-1536x864.jpg 1536w, https:\/\/biblioteca.iesalmudeyne.es\/wp-content\/uploads\/2025\/12\/PHOTO-2025-11-19-09-56-24-7.jpg 1600w\" sizes=\"(max-width: 1600px) 100vw, 1600px\" \/> <img decoding=\"async\" class=\"alignnone size-fusion400 wp-image-4876\" src=\"https:\/\/biblioteca.iesalmudeyne.es\/wp-content\/uploads\/2025\/12\/PHOTO-2025-11-19-09-56-24-8.jpg\" alt=\"\" width=\"1200\" height=\"1600\" srcset=\"https:\/\/biblioteca.iesalmudeyne.es\/wp-content\/uploads\/2025\/12\/PHOTO-2025-11-19-09-56-24-8-200x267.jpg 200w, https:\/\/biblioteca.iesalmudeyne.es\/wp-content\/uploads\/2025\/12\/PHOTO-2025-11-19-09-56-24-8-225x300.jpg 225w, https:\/\/biblioteca.iesalmudeyne.es\/wp-content\/uploads\/2025\/12\/PHOTO-2025-11-19-09-56-24-8-400x533.jpg 400w, https:\/\/biblioteca.iesalmudeyne.es\/wp-content\/uploads\/2025\/12\/PHOTO-2025-11-19-09-56-24-8-600x800.jpg 600w, https:\/\/biblioteca.iesalmudeyne.es\/wp-content\/uploads\/2025\/12\/PHOTO-2025-11-19-09-56-24-8-768x1024.jpg 768w, https:\/\/biblioteca.iesalmudeyne.es\/wp-content\/uploads\/2025\/12\/PHOTO-2025-11-19-09-56-24-8-800x1067.jpg 800w, https:\/\/biblioteca.iesalmudeyne.es\/wp-content\/uploads\/2025\/12\/PHOTO-2025-11-19-09-56-24-8-1152x1536.jpg 1152w, https:\/\/biblioteca.iesalmudeyne.es\/wp-content\/uploads\/2025\/12\/PHOTO-2025-11-19-09-56-24-8.jpg 1200w\" sizes=\"(max-width: 1200px) 100vw, 1200px\" \/> <img decoding=\"async\" class=\"alignnone size-fusion400 wp-image-4877\" src=\"https:\/\/biblioteca.iesalmudeyne.es\/wp-content\/uploads\/2025\/12\/PHOTO-2025-11-19-09-56-24-9.jpg\" alt=\"\" width=\"1600\" height=\"1200\" srcset=\"https:\/\/biblioteca.iesalmudeyne.es\/wp-content\/uploads\/2025\/12\/PHOTO-2025-11-19-09-56-24-9-200x150.jpg 200w, https:\/\/biblioteca.iesalmudeyne.es\/wp-content\/uploads\/2025\/12\/PHOTO-2025-11-19-09-56-24-9-300x225.jpg 300w, https:\/\/biblioteca.iesalmudeyne.es\/wp-content\/uploads\/2025\/12\/PHOTO-2025-11-19-09-56-24-9-400x300.jpg 400w, https:\/\/biblioteca.iesalmudeyne.es\/wp-content\/uploads\/2025\/12\/PHOTO-2025-11-19-09-56-24-9-600x450.jpg 600w, https:\/\/biblioteca.iesalmudeyne.es\/wp-content\/uploads\/2025\/12\/PHOTO-2025-11-19-09-56-24-9-768x576.jpg 768w, https:\/\/biblioteca.iesalmudeyne.es\/wp-content\/uploads\/2025\/12\/PHOTO-2025-11-19-09-56-24-9-800x600.jpg 800w, https:\/\/biblioteca.iesalmudeyne.es\/wp-content\/uploads\/2025\/12\/PHOTO-2025-11-19-09-56-24-9-1024x768.jpg 1024w, https:\/\/biblioteca.iesalmudeyne.es\/wp-content\/uploads\/2025\/12\/PHOTO-2025-11-19-09-56-24-9-1200x900.jpg 1200w, https:\/\/biblioteca.iesalmudeyne.es\/wp-content\/uploads\/2025\/12\/PHOTO-2025-11-19-09-56-24-9-1536x1152.jpg 1536w, https:\/\/biblioteca.iesalmudeyne.es\/wp-content\/uploads\/2025\/12\/PHOTO-2025-11-19-09-56-24-9.jpg 1600w\" sizes=\"(max-width: 1600px) 100vw, 1600px\" \/> <img decoding=\"async\" class=\"alignnone size-fusion400 wp-image-4878\" src=\"https:\/\/biblioteca.iesalmudeyne.es\/wp-content\/uploads\/2025\/12\/PHOTO-2025-11-19-09-56-24.jpg\" alt=\"\" width=\"1600\" height=\"1200\" srcset=\"https:\/\/biblioteca.iesalmudeyne.es\/wp-content\/uploads\/2025\/12\/PHOTO-2025-11-19-09-56-24-200x150.jpg 200w, https:\/\/biblioteca.iesalmudeyne.es\/wp-content\/uploads\/2025\/12\/PHOTO-2025-11-19-09-56-24-300x225.jpg 300w, https:\/\/biblioteca.iesalmudeyne.es\/wp-content\/uploads\/2025\/12\/PHOTO-2025-11-19-09-56-24-400x300.jpg 400w, https:\/\/biblioteca.iesalmudeyne.es\/wp-content\/uploads\/2025\/12\/PHOTO-2025-11-19-09-56-24-600x450.jpg 600w, https:\/\/biblioteca.iesalmudeyne.es\/wp-content\/uploads\/2025\/12\/PHOTO-2025-11-19-09-56-24-768x576.jpg 768w, https:\/\/biblioteca.iesalmudeyne.es\/wp-content\/uploads\/2025\/12\/PHOTO-2025-11-19-09-56-24-800x600.jpg 800w, https:\/\/biblioteca.iesalmudeyne.es\/wp-content\/uploads\/2025\/12\/PHOTO-2025-11-19-09-56-24-1024x768.jpg 1024w, https:\/\/biblioteca.iesalmudeyne.es\/wp-content\/uploads\/2025\/12\/PHOTO-2025-11-19-09-56-24-1200x900.jpg 1200w, https:\/\/biblioteca.iesalmudeyne.es\/wp-content\/uploads\/2025\/12\/PHOTO-2025-11-19-09-56-24-1536x1152.jpg 1536w, https:\/\/biblioteca.iesalmudeyne.es\/wp-content\/uploads\/2025\/12\/PHOTO-2025-11-19-09-56-24.jpg 1600w\" sizes=\"(max-width: 1600px) 100vw, 1600px\" \/> <img decoding=\"async\" class=\"alignnone size-fusion400 wp-image-4879\" src=\"https:\/\/biblioteca.iesalmudeyne.es\/wp-content\/uploads\/2025\/12\/PHOTO-2025-11-19-09-56-25-2.jpg\" alt=\"\" width=\"1600\" height=\"1200\" srcset=\"https:\/\/biblioteca.iesalmudeyne.es\/wp-content\/uploads\/2025\/12\/PHOTO-2025-11-19-09-56-25-2-200x150.jpg 200w, https:\/\/biblioteca.iesalmudeyne.es\/wp-content\/uploads\/2025\/12\/PHOTO-2025-11-19-09-56-25-2-300x225.jpg 300w, https:\/\/biblioteca.iesalmudeyne.es\/wp-content\/uploads\/2025\/12\/PHOTO-2025-11-19-09-56-25-2-400x300.jpg 400w, https:\/\/biblioteca.iesalmudeyne.es\/wp-content\/uploads\/2025\/12\/PHOTO-2025-11-19-09-56-25-2-600x450.jpg 600w, https:\/\/biblioteca.iesalmudeyne.es\/wp-content\/uploads\/2025\/12\/PHOTO-2025-11-19-09-56-25-2-768x576.jpg 768w, https:\/\/biblioteca.iesalmudeyne.es\/wp-content\/uploads\/2025\/12\/PHOTO-2025-11-19-09-56-25-2-800x600.jpg 800w, https:\/\/biblioteca.iesalmudeyne.es\/wp-content\/uploads\/2025\/12\/PHOTO-2025-11-19-09-56-25-2-1024x768.jpg 1024w, https:\/\/biblioteca.iesalmudeyne.es\/wp-content\/uploads\/2025\/12\/PHOTO-2025-11-19-09-56-25-2-1200x900.jpg 1200w, https:\/\/biblioteca.iesalmudeyne.es\/wp-content\/uploads\/2025\/12\/PHOTO-2025-11-19-09-56-25-2-1536x1152.jpg 1536w, https:\/\/biblioteca.iesalmudeyne.es\/wp-content\/uploads\/2025\/12\/PHOTO-2025-11-19-09-56-25-2.jpg 1600w\" sizes=\"(max-width: 1600px) 100vw, 1600px\" \/> <img decoding=\"async\" class=\"alignnone size-fusion400 wp-image-4880\" src=\"https:\/\/biblioteca.iesalmudeyne.es\/wp-content\/uploads\/2025\/12\/PHOTO-2025-11-19-09-56-25-3.jpg\" alt=\"\" width=\"1600\" height=\"900\" srcset=\"https:\/\/biblioteca.iesalmudeyne.es\/wp-content\/uploads\/2025\/12\/PHOTO-2025-11-19-09-56-25-3-200x113.jpg 200w, https:\/\/biblioteca.iesalmudeyne.es\/wp-content\/uploads\/2025\/12\/PHOTO-2025-11-19-09-56-25-3-300x169.jpg 300w, https:\/\/biblioteca.iesalmudeyne.es\/wp-content\/uploads\/2025\/12\/PHOTO-2025-11-19-09-56-25-3-400x225.jpg 400w, https:\/\/biblioteca.iesalmudeyne.es\/wp-content\/uploads\/2025\/12\/PHOTO-2025-11-19-09-56-25-3-600x338.jpg 600w, https:\/\/biblioteca.iesalmudeyne.es\/wp-content\/uploads\/2025\/12\/PHOTO-2025-11-19-09-56-25-3-768x432.jpg 768w, https:\/\/biblioteca.iesalmudeyne.es\/wp-content\/uploads\/2025\/12\/PHOTO-2025-11-19-09-56-25-3-800x450.jpg 800w, https:\/\/biblioteca.iesalmudeyne.es\/wp-content\/uploads\/2025\/12\/PHOTO-2025-11-19-09-56-25-3-1024x576.jpg 1024w, https:\/\/biblioteca.iesalmudeyne.es\/wp-content\/uploads\/2025\/12\/PHOTO-2025-11-19-09-56-25-3-1200x675.jpg 1200w, https:\/\/biblioteca.iesalmudeyne.es\/wp-content\/uploads\/2025\/12\/PHOTO-2025-11-19-09-56-25-3-1536x864.jpg 1536w, https:\/\/biblioteca.iesalmudeyne.es\/wp-content\/uploads\/2025\/12\/PHOTO-2025-11-19-09-56-25-3.jpg 1600w\" sizes=\"(max-width: 1600px) 100vw, 1600px\" \/> <img decoding=\"async\" class=\"alignnone size-fusion400 wp-image-4881\" src=\"https:\/\/biblioteca.iesalmudeyne.es\/wp-content\/uploads\/2025\/12\/PHOTO-2025-11-19-09-56-25-4.jpg\" alt=\"\" width=\"1600\" height=\"900\" srcset=\"https:\/\/biblioteca.iesalmudeyne.es\/wp-content\/uploads\/2025\/12\/PHOTO-2025-11-19-09-56-25-4-200x113.jpg 200w, https:\/\/biblioteca.iesalmudeyne.es\/wp-content\/uploads\/2025\/12\/PHOTO-2025-11-19-09-56-25-4-300x169.jpg 300w, https:\/\/biblioteca.iesalmudeyne.es\/wp-content\/uploads\/2025\/12\/PHOTO-2025-11-19-09-56-25-4-400x225.jpg 400w, https:\/\/biblioteca.iesalmudeyne.es\/wp-content\/uploads\/2025\/12\/PHOTO-2025-11-19-09-56-25-4-600x338.jpg 600w, https:\/\/biblioteca.iesalmudeyne.es\/wp-content\/uploads\/2025\/12\/PHOTO-2025-11-19-09-56-25-4-768x432.jpg 768w, https:\/\/biblioteca.iesalmudeyne.es\/wp-content\/uploads\/2025\/12\/PHOTO-2025-11-19-09-56-25-4-800x450.jpg 800w, https:\/\/biblioteca.iesalmudeyne.es\/wp-content\/uploads\/2025\/12\/PHOTO-2025-11-19-09-56-25-4-1024x576.jpg 1024w, https:\/\/biblioteca.iesalmudeyne.es\/wp-content\/uploads\/2025\/12\/PHOTO-2025-11-19-09-56-25-4-1200x675.jpg 1200w, https:\/\/biblioteca.iesalmudeyne.es\/wp-content\/uploads\/2025\/12\/PHOTO-2025-11-19-09-56-25-4-1536x864.jpg 1536w, https:\/\/biblioteca.iesalmudeyne.es\/wp-content\/uploads\/2025\/12\/PHOTO-2025-11-19-09-56-25-4.jpg 1600w\" sizes=\"(max-width: 1600px) 100vw, 1600px\" \/> <img decoding=\"async\" class=\"alignnone size-fusion400 wp-image-4882\" src=\"https:\/\/biblioteca.iesalmudeyne.es\/wp-content\/uploads\/2025\/12\/PHOTO-2025-11-19-09-56-25-5.jpg\" alt=\"\" width=\"1600\" height=\"900\" srcset=\"https:\/\/biblioteca.iesalmudeyne.es\/wp-content\/uploads\/2025\/12\/PHOTO-2025-11-19-09-56-25-5-200x113.jpg 200w, https:\/\/biblioteca.iesalmudeyne.es\/wp-content\/uploads\/2025\/12\/PHOTO-2025-11-19-09-56-25-5-300x169.jpg 300w, https:\/\/biblioteca.iesalmudeyne.es\/wp-content\/uploads\/2025\/12\/PHOTO-2025-11-19-09-56-25-5-400x225.jpg 400w, https:\/\/biblioteca.iesalmudeyne.es\/wp-content\/uploads\/2025\/12\/PHOTO-2025-11-19-09-56-25-5-600x338.jpg 600w, https:\/\/biblioteca.iesalmudeyne.es\/wp-content\/uploads\/2025\/12\/PHOTO-2025-11-19-09-56-25-5-768x432.jpg 768w, https:\/\/biblioteca.iesalmudeyne.es\/wp-content\/uploads\/2025\/12\/PHOTO-2025-11-19-09-56-25-5-800x450.jpg 800w, https:\/\/biblioteca.iesalmudeyne.es\/wp-content\/uploads\/2025\/12\/PHOTO-2025-11-19-09-56-25-5-1024x576.jpg 1024w, https:\/\/biblioteca.iesalmudeyne.es\/wp-content\/uploads\/2025\/12\/PHOTO-2025-11-19-09-56-25-5-1200x675.jpg 1200w, https:\/\/biblioteca.iesalmudeyne.es\/wp-content\/uploads\/2025\/12\/PHOTO-2025-11-19-09-56-25-5-1536x864.jpg 1536w, https:\/\/biblioteca.iesalmudeyne.es\/wp-content\/uploads\/2025\/12\/PHOTO-2025-11-19-09-56-25-5.jpg 1600w\" sizes=\"(max-width: 1600px) 100vw, 1600px\" \/> <img decoding=\"async\" class=\"alignnone size-fusion400 wp-image-4883\" src=\"https:\/\/biblioteca.iesalmudeyne.es\/wp-content\/uploads\/2025\/12\/PHOTO-2025-11-19-09-56-25-6.jpg\" alt=\"\" width=\"1600\" height=\"900\" srcset=\"https:\/\/biblioteca.iesalmudeyne.es\/wp-content\/uploads\/2025\/12\/PHOTO-2025-11-19-09-56-25-6-200x113.jpg 200w, https:\/\/biblioteca.iesalmudeyne.es\/wp-content\/uploads\/2025\/12\/PHOTO-2025-11-19-09-56-25-6-300x169.jpg 300w, https:\/\/biblioteca.iesalmudeyne.es\/wp-content\/uploads\/2025\/12\/PHOTO-2025-11-19-09-56-25-6-400x225.jpg 400w, https:\/\/biblioteca.iesalmudeyne.es\/wp-content\/uploads\/2025\/12\/PHOTO-2025-11-19-09-56-25-6-600x338.jpg 600w, https:\/\/biblioteca.iesalmudeyne.es\/wp-content\/uploads\/2025\/12\/PHOTO-2025-11-19-09-56-25-6-768x432.jpg 768w, https:\/\/biblioteca.iesalmudeyne.es\/wp-content\/uploads\/2025\/12\/PHOTO-2025-11-19-09-56-25-6-800x450.jpg 800w, https:\/\/biblioteca.iesalmudeyne.es\/wp-content\/uploads\/2025\/12\/PHOTO-2025-11-19-09-56-25-6-1024x576.jpg 1024w, https:\/\/biblioteca.iesalmudeyne.es\/wp-content\/uploads\/2025\/12\/PHOTO-2025-11-19-09-56-25-6-1200x675.jpg 1200w, https:\/\/biblioteca.iesalmudeyne.es\/wp-content\/uploads\/2025\/12\/PHOTO-2025-11-19-09-56-25-6-1536x864.jpg 1536w, https:\/\/biblioteca.iesalmudeyne.es\/wp-content\/uploads\/2025\/12\/PHOTO-2025-11-19-09-56-25-6.jpg 1600w\" sizes=\"(max-width: 1600px) 100vw, 1600px\" \/> <img decoding=\"async\" class=\"alignnone size-fusion400 wp-image-4884\" src=\"https:\/\/biblioteca.iesalmudeyne.es\/wp-content\/uploads\/2025\/12\/PHOTO-2025-11-19-09-56-25-7.jpg\" alt=\"\" width=\"1600\" height=\"900\" srcset=\"https:\/\/biblioteca.iesalmudeyne.es\/wp-content\/uploads\/2025\/12\/PHOTO-2025-11-19-09-56-25-7-200x113.jpg 200w, https:\/\/biblioteca.iesalmudeyne.es\/wp-content\/uploads\/2025\/12\/PHOTO-2025-11-19-09-56-25-7-300x169.jpg 300w, https:\/\/biblioteca.iesalmudeyne.es\/wp-content\/uploads\/2025\/12\/PHOTO-2025-11-19-09-56-25-7-400x225.jpg 400w, https:\/\/biblioteca.iesalmudeyne.es\/wp-content\/uploads\/2025\/12\/PHOTO-2025-11-19-09-56-25-7-600x338.jpg 600w, https:\/\/biblioteca.iesalmudeyne.es\/wp-content\/uploads\/2025\/12\/PHOTO-2025-11-19-09-56-25-7-768x432.jpg 768w, https:\/\/biblioteca.iesalmudeyne.es\/wp-content\/uploads\/2025\/12\/PHOTO-2025-11-19-09-56-25-7-800x450.jpg 800w, https:\/\/biblioteca.iesalmudeyne.es\/wp-content\/uploads\/2025\/12\/PHOTO-2025-11-19-09-56-25-7-1024x576.jpg 1024w, https:\/\/biblioteca.iesalmudeyne.es\/wp-content\/uploads\/2025\/12\/PHOTO-2025-11-19-09-56-25-7-1200x675.jpg 1200w, https:\/\/biblioteca.iesalmudeyne.es\/wp-content\/uploads\/2025\/12\/PHOTO-2025-11-19-09-56-25-7-1536x864.jpg 1536w, https:\/\/biblioteca.iesalmudeyne.es\/wp-content\/uploads\/2025\/12\/PHOTO-2025-11-19-09-56-25-7.jpg 1600w\" sizes=\"(max-width: 1600px) 100vw, 1600px\" \/> <img decoding=\"async\" class=\"alignnone size-fusion400 wp-image-4885\" src=\"https:\/\/biblioteca.iesalmudeyne.es\/wp-content\/uploads\/2025\/12\/PHOTO-2025-11-19-09-56-25-8.jpg\" alt=\"\" width=\"1600\" height=\"900\" srcset=\"https:\/\/biblioteca.iesalmudeyne.es\/wp-content\/uploads\/2025\/12\/PHOTO-2025-11-19-09-56-25-8-200x113.jpg 200w, https:\/\/biblioteca.iesalmudeyne.es\/wp-content\/uploads\/2025\/12\/PHOTO-2025-11-19-09-56-25-8-300x169.jpg 300w, https:\/\/biblioteca.iesalmudeyne.es\/wp-content\/uploads\/2025\/12\/PHOTO-2025-11-19-09-56-25-8-400x225.jpg 400w, https:\/\/biblioteca.iesalmudeyne.es\/wp-content\/uploads\/2025\/12\/PHOTO-2025-11-19-09-56-25-8-600x338.jpg 600w, https:\/\/biblioteca.iesalmudeyne.es\/wp-content\/uploads\/2025\/12\/PHOTO-2025-11-19-09-56-25-8-768x432.jpg 768w, https:\/\/biblioteca.iesalmudeyne.es\/wp-content\/uploads\/2025\/12\/PHOTO-2025-11-19-09-56-25-8-800x450.jpg 800w, https:\/\/biblioteca.iesalmudeyne.es\/wp-content\/uploads\/2025\/12\/PHOTO-2025-11-19-09-56-25-8-1024x576.jpg 1024w, https:\/\/biblioteca.iesalmudeyne.es\/wp-content\/uploads\/2025\/12\/PHOTO-2025-11-19-09-56-25-8-1200x675.jpg 1200w, https:\/\/biblioteca.iesalmudeyne.es\/wp-content\/uploads\/2025\/12\/PHOTO-2025-11-19-09-56-25-8-1536x864.jpg 1536w, https:\/\/biblioteca.iesalmudeyne.es\/wp-content\/uploads\/2025\/12\/PHOTO-2025-11-19-09-56-25-8.jpg 1600w\" sizes=\"(max-width: 1600px) 100vw, 1600px\" \/> <img decoding=\"async\" class=\"alignnone size-fusion400 wp-image-4886\" src=\"https:\/\/biblioteca.iesalmudeyne.es\/wp-content\/uploads\/2025\/12\/PHOTO-2025-11-19-09-56-25-9.jpg\" alt=\"\" width=\"1600\" height=\"1200\" srcset=\"https:\/\/biblioteca.iesalmudeyne.es\/wp-content\/uploads\/2025\/12\/PHOTO-2025-11-19-09-56-25-9-200x150.jpg 200w, https:\/\/biblioteca.iesalmudeyne.es\/wp-content\/uploads\/2025\/12\/PHOTO-2025-11-19-09-56-25-9-300x225.jpg 300w, https:\/\/biblioteca.iesalmudeyne.es\/wp-content\/uploads\/2025\/12\/PHOTO-2025-11-19-09-56-25-9-400x300.jpg 400w, https:\/\/biblioteca.iesalmudeyne.es\/wp-content\/uploads\/2025\/12\/PHOTO-2025-11-19-09-56-25-9-600x450.jpg 600w, https:\/\/biblioteca.iesalmudeyne.es\/wp-content\/uploads\/2025\/12\/PHOTO-2025-11-19-09-56-25-9-768x576.jpg 768w, https:\/\/biblioteca.iesalmudeyne.es\/wp-content\/uploads\/2025\/12\/PHOTO-2025-11-19-09-56-25-9-800x600.jpg 800w, https:\/\/biblioteca.iesalmudeyne.es\/wp-content\/uploads\/2025\/12\/PHOTO-2025-11-19-09-56-25-9-1024x768.jpg 1024w, https:\/\/biblioteca.iesalmudeyne.es\/wp-content\/uploads\/2025\/12\/PHOTO-2025-11-19-09-56-25-9-1200x900.jpg 1200w, https:\/\/biblioteca.iesalmudeyne.es\/wp-content\/uploads\/2025\/12\/PHOTO-2025-11-19-09-56-25-9-1536x1152.jpg 1536w, https:\/\/biblioteca.iesalmudeyne.es\/wp-content\/uploads\/2025\/12\/PHOTO-2025-11-19-09-56-25-9.jpg 1600w\" sizes=\"(max-width: 1600px) 100vw, 1600px\" \/> <img decoding=\"async\" class=\"alignnone size-fusion400 wp-image-4887\" src=\"https:\/\/biblioteca.iesalmudeyne.es\/wp-content\/uploads\/2025\/12\/PHOTO-2025-11-19-09-56-25.jpg\" alt=\"\" width=\"1600\" height=\"1200\" srcset=\"https:\/\/biblioteca.iesalmudeyne.es\/wp-content\/uploads\/2025\/12\/PHOTO-2025-11-19-09-56-25-200x150.jpg 200w, https:\/\/biblioteca.iesalmudeyne.es\/wp-content\/uploads\/2025\/12\/PHOTO-2025-11-19-09-56-25-300x225.jpg 300w, https:\/\/biblioteca.iesalmudeyne.es\/wp-content\/uploads\/2025\/12\/PHOTO-2025-11-19-09-56-25-400x300.jpg 400w, https:\/\/biblioteca.iesalmudeyne.es\/wp-content\/uploads\/2025\/12\/PHOTO-2025-11-19-09-56-25-600x450.jpg 600w, https:\/\/biblioteca.iesalmudeyne.es\/wp-content\/uploads\/2025\/12\/PHOTO-2025-11-19-09-56-25-768x576.jpg 768w, https:\/\/biblioteca.iesalmudeyne.es\/wp-content\/uploads\/2025\/12\/PHOTO-2025-11-19-09-56-25-800x600.jpg 800w, https:\/\/biblioteca.iesalmudeyne.es\/wp-content\/uploads\/2025\/12\/PHOTO-2025-11-19-09-56-25-1024x768.jpg 1024w, https:\/\/biblioteca.iesalmudeyne.es\/wp-content\/uploads\/2025\/12\/PHOTO-2025-11-19-09-56-25-1200x900.jpg 1200w, https:\/\/biblioteca.iesalmudeyne.es\/wp-content\/uploads\/2025\/12\/PHOTO-2025-11-19-09-56-25-1536x1152.jpg 1536w, https:\/\/biblioteca.iesalmudeyne.es\/wp-content\/uploads\/2025\/12\/PHOTO-2025-11-19-09-56-25.jpg 1600w\" sizes=\"(max-width: 1600px) 100vw, 1600px\" \/><\/p>\n<div style=\"width: 848px;\" class=\"wp-video\"><video class=\"wp-video-shortcode\" id=\"video-4867-1\" width=\"848\" height=\"480\" preload=\"metadata\" controls=\"controls\"><source type=\"video\/mp4\" src=\"https:\/\/biblioteca.iesalmudeyne.es\/wp-content\/uploads\/2025\/12\/VIDEO-2025-11-19-09-56-25-2.mp4?_=1\" \/><a href=\"https:\/\/biblioteca.iesalmudeyne.es\/wp-content\/uploads\/2025\/12\/VIDEO-2025-11-19-09-56-25-2.mp4\">https:\/\/biblioteca.iesalmudeyne.es\/wp-content\/uploads\/2025\/12\/VIDEO-2025-11-19-09-56-25-2.mp4<\/a><\/video><\/div>\n<div style=\"width: 848px;\" class=\"wp-video\"><video class=\"wp-video-shortcode\" id=\"video-4867-2\" width=\"848\" height=\"480\" preload=\"metadata\" controls=\"controls\"><source type=\"video\/mp4\" src=\"https:\/\/biblioteca.iesalmudeyne.es\/wp-content\/uploads\/2025\/12\/VIDEO-2025-11-19-09-56-25.mp4?_=2\" \/><a href=\"https:\/\/biblioteca.iesalmudeyne.es\/wp-content\/uploads\/2025\/12\/VIDEO-2025-11-19-09-56-25.mp4\">https:\/\/biblioteca.iesalmudeyne.es\/wp-content\/uploads\/2025\/12\/VIDEO-2025-11-19-09-56-25.mp4<\/a><\/video><\/div>\n<div style=\"width: 848px;\" class=\"wp-video\"><video class=\"wp-video-shortcode\" id=\"video-4867-3\" width=\"848\" height=\"480\" preload=\"metadata\" controls=\"controls\"><source type=\"video\/mp4\" src=\"https:\/\/biblioteca.iesalmudeyne.es\/wp-content\/uploads\/2025\/12\/VIDEO-2025-11-19-09-56-26-2.mp4?_=3\" \/><a href=\"https:\/\/biblioteca.iesalmudeyne.es\/wp-content\/uploads\/2025\/12\/VIDEO-2025-11-19-09-56-26-2.mp4\">https:\/\/biblioteca.iesalmudeyne.es\/wp-content\/uploads\/2025\/12\/VIDEO-2025-11-19-09-56-26-2.mp4<\/a><\/video><\/div>\n<div style=\"width: 848px;\" class=\"wp-video\"><video class=\"wp-video-shortcode\" id=\"video-4867-4\" width=\"848\" height=\"480\" preload=\"metadata\" controls=\"controls\"><source type=\"video\/mp4\" src=\"https:\/\/biblioteca.iesalmudeyne.es\/wp-content\/uploads\/2025\/12\/VIDEO-2025-11-19-09-56-26-3.mp4?_=4\" \/><a href=\"https:\/\/biblioteca.iesalmudeyne.es\/wp-content\/uploads\/2025\/12\/VIDEO-2025-11-19-09-56-26-3.mp4\">https:\/\/biblioteca.iesalmudeyne.es\/wp-content\/uploads\/2025\/12\/VIDEO-2025-11-19-09-56-26-3.mp4<\/a><\/video><\/div>\n<div style=\"width: 848px;\" class=\"wp-video\"><video class=\"wp-video-shortcode\" id=\"video-4867-5\" width=\"848\" height=\"480\" preload=\"metadata\" controls=\"controls\"><source type=\"video\/mp4\" src=\"https:\/\/biblioteca.iesalmudeyne.es\/wp-content\/uploads\/2025\/12\/VIDEO-2025-11-19-09-56-26-4.mp4?_=5\" \/><a href=\"https:\/\/biblioteca.iesalmudeyne.es\/wp-content\/uploads\/2025\/12\/VIDEO-2025-11-19-09-56-26-4.mp4\">https:\/\/biblioteca.iesalmudeyne.es\/wp-content\/uploads\/2025\/12\/VIDEO-2025-11-19-09-56-26-4.mp4<\/a><\/video><\/div>\n<div style=\"width: 848px;\" class=\"wp-video\"><video class=\"wp-video-shortcode\" id=\"video-4867-6\" width=\"848\" height=\"480\" preload=\"metadata\" controls=\"controls\"><source type=\"video\/mp4\" src=\"https:\/\/biblioteca.iesalmudeyne.es\/wp-content\/uploads\/2025\/12\/VIDEO-2025-11-19-09-56-26.mp4?_=6\" \/><a href=\"https:\/\/biblioteca.iesalmudeyne.es\/wp-content\/uploads\/2025\/12\/VIDEO-2025-11-19-09-56-26.mp4\">https:\/\/biblioteca.iesalmudeyne.es\/wp-content\/uploads\/2025\/12\/VIDEO-2025-11-19-09-56-26.mp4<\/a><\/video><\/div>\n<p>&nbsp;<\/p>\n","protected":false},"excerpt":{"rendered":"<p>El viernes 14 de noviembre Biblideyne celebr\u00f3 el D\u00eda Internacional [&hellip;]<\/p>\n","protected":false},"author":7,"featured_media":0,"comment_status":"open","ping_status":"open","sticky":false,"template":"","format":"standard","meta":{"footnotes":""},"categories":[1],"tags":[],"class_list":["post-4867","post","type-post","status-publish","format-standard","hentry","category-uncategorized"],"_links":{"self":[{"href":"https:\/\/biblioteca.iesalmudeyne.es\/index.php?rest_route=\/wp\/v2\/posts\/4867","targetHints":{"allow":["GET"]}}],"collection":[{"href":"https:\/\/biblioteca.iesalmudeyne.es\/index.php?rest_route=\/wp\/v2\/posts"}],"about":[{"href":"https:\/\/biblioteca.iesalmudeyne.es\/index.php?rest_route=\/wp\/v2\/types\/post"}],"author":[{"embeddable":true,"href":"https:\/\/biblioteca.iesalmudeyne.es\/index.php?rest_route=\/wp\/v2\/users\/7"}],"replies":[{"embeddable":true,"href":"https:\/\/biblioteca.iesalmudeyne.es\/index.php?rest_route=%2Fwp%2Fv2%2Fcomments&post=4867"}],"version-history":[{"count":1,"href":"https:\/\/biblioteca.iesalmudeyne.es\/index.php?rest_route=\/wp\/v2\/posts\/4867\/revisions"}],"predecessor-version":[{"id":4894,"href":"https:\/\/biblioteca.iesalmudeyne.es\/index.php?rest_route=\/wp\/v2\/posts\/4867\/revisions\/4894"}],"wp:attachment":[{"href":"https:\/\/biblioteca.iesalmudeyne.es\/index.php?rest_route=%2Fwp%2Fv2%2Fmedia&parent=4867"}],"wp:term":[{"taxonomy":"category","embeddable":true,"href":"https:\/\/biblioteca.iesalmudeyne.es\/index.php?rest_route=%2Fwp%2Fv2%2Fcategories&post=4867"},{"taxonomy":"post_tag","embeddable":true,"href":"https:\/\/biblioteca.iesalmudeyne.es\/index.php?rest_route=%2Fwp%2Fv2%2Ftags&post=4867"}],"curies":[{"name":"wp","href":"https:\/\/api.w.org\/{rel}","templated":true}]}}