{"id":496,"date":"2016-11-24T01:45:59","date_gmt":"2016-11-24T00:45:59","guid":{"rendered":"http:\/\/biblioteca.iesalmudeyne.es\/?p=496"},"modified":"2016-11-24T01:45:59","modified_gmt":"2016-11-24T00:45:59","slug":"almudeyne-solidario","status":"publish","type":"post","link":"https:\/\/biblioteca.iesalmudeyne.es\/?p=496","title":{"rendered":"ALMUDEYNE SOLIDARIO"},"content":{"rendered":"<p style=\"text-align: justify;\"><span style=\"font-weight: 400;\">Durante este mes de noviembre todo el centro ha estado implicado en un bonito proyecto \u201cOperation Christmas Child\u201d o para que todos lo entendamos Operaci\u00f3n ni\u00f1o de la Navidad.<\/span><\/p>\n<p style=\"text-align: justify;\"><span style=\"font-weight: 400;\">Tanto alumnos como profesores han colaborado en la preparaci\u00f3n de estas cajas llenas con regalitos: cosas para el aseo, juguetes, material escolar, cuentos, ropita\u2026. Que ira destinado a un ni\u00f1o o ni\u00f1a entre 2 a 12 a\u00f1os y que no podr\u00e1 disfrutar de estas fechas por estar sus familias en situaci\u00f3n de mucha necesidad, pero ahora tendr\u00e1n una ilusi\u00f3n \u00a0y un d\u00eda feliz, lo que es motivo de alegr\u00eda para todos.<\/span><\/p>\n<p style=\"text-align: justify;\"><span style=\"font-weight: 400;\"><a href=\"http:\/\/biblioteca.iesalmudeyne.es\/wp-content\/uploads\/2016\/11\/20161123_173239.jpg\" rel=\"attachment wp-att-502\"><img decoding=\"async\" class=\"aligncenter wp-image-502 size-medium\" src=\"http:\/\/biblioteca.iesalmudeyne.es\/wp-content\/uploads\/2016\/11\/20161123_173239-300x169.jpg\" alt=\"20161123_173239\" width=\"300\" height=\"169\" srcset=\"https:\/\/biblioteca.iesalmudeyne.es\/wp-content\/uploads\/2016\/11\/20161123_173239-200x113.jpg 200w, https:\/\/biblioteca.iesalmudeyne.es\/wp-content\/uploads\/2016\/11\/20161123_173239-300x169.jpg 300w, https:\/\/biblioteca.iesalmudeyne.es\/wp-content\/uploads\/2016\/11\/20161123_173239-400x225.jpg 400w, https:\/\/biblioteca.iesalmudeyne.es\/wp-content\/uploads\/2016\/11\/20161123_173239-600x338.jpg 600w, https:\/\/biblioteca.iesalmudeyne.es\/wp-content\/uploads\/2016\/11\/20161123_173239-768x432.jpg 768w, https:\/\/biblioteca.iesalmudeyne.es\/wp-content\/uploads\/2016\/11\/20161123_173239-800x450.jpg 800w, https:\/\/biblioteca.iesalmudeyne.es\/wp-content\/uploads\/2016\/11\/20161123_173239-1024x576.jpg 1024w, https:\/\/biblioteca.iesalmudeyne.es\/wp-content\/uploads\/2016\/11\/20161123_173239-1200x675.jpg 1200w, https:\/\/biblioteca.iesalmudeyne.es\/wp-content\/uploads\/2016\/11\/20161123_173239-1536x864.jpg 1536w, https:\/\/biblioteca.iesalmudeyne.es\/wp-content\/uploads\/2016\/11\/20161123_173239-scaled.jpg 2560w\" sizes=\"(max-width: 300px) 100vw, 300px\" \/><\/a>Gracias a todos los que hab\u00e9is colaborado con vuestro granito de arena para hacer que estos ni\u00f1os sonr\u00edan y tengan un d\u00eda especial.<\/span><\/p>\n<p style=\"text-align: justify;\"><span style=\"font-weight: 400;\">Y\u2026.. llegando la Navidad llega la gran recogida de alimentos de Cruz Roja, mucha gente esta implicada y trabajando para repartir los alimentos que son donados solidariamente por miles de personas en muchos lugares y el IES Almudeyne no pod\u00eda ser menos.<\/span><\/p>\n<p style=\"text-align: center;\"><span style=\"font-weight: 400;\">\u00bfOs imagin\u00e1is que cada uno de nosotros entregamos un solo kilo?<\/span><\/p>\n<p>&nbsp;<\/p>\n<p style=\"text-align: center;\"><strong><span style=\"color: #ff0000;\"> \u00a1\u00a1Se recoger\u00eda m\u00e1s de una tonelada de alimentos no perecederos para repartir!!<\/span><\/strong><\/p>\n<p style=\"text-align: center;\"><span style=\"font-weight: 400;\">\u00a1\u00a1Ser\u00eda un gran reto!!<\/span><\/p>\n<p style=\"text-align: center;\"><span style=\"font-weight: 400;\"><img decoding=\"async\" class=\"wp-image-498 size-medium alignright\" src=\"http:\/\/biblioteca.iesalmudeyne.es\/wp-content\/uploads\/2016\/11\/20161123_173446-e1479947964597-169x300.jpg\" alt=\"20161123_173446\" width=\"169\" height=\"300\" srcset=\"https:\/\/biblioteca.iesalmudeyne.es\/wp-content\/uploads\/2016\/11\/20161123_173446-e1479947964597-169x300.jpg 169w, https:\/\/biblioteca.iesalmudeyne.es\/wp-content\/uploads\/2016\/11\/20161123_173446-e1479947964597-200x356.jpg 200w, https:\/\/biblioteca.iesalmudeyne.es\/wp-content\/uploads\/2016\/11\/20161123_173446-e1479947964597-400x711.jpg 400w, https:\/\/biblioteca.iesalmudeyne.es\/wp-content\/uploads\/2016\/11\/20161123_173446-e1479947964597-576x1024.jpg 576w, https:\/\/biblioteca.iesalmudeyne.es\/wp-content\/uploads\/2016\/11\/20161123_173446-e1479947964597-600x1067.jpg 600w, https:\/\/biblioteca.iesalmudeyne.es\/wp-content\/uploads\/2016\/11\/20161123_173446-e1479947964597-768x1365.jpg 768w, https:\/\/biblioteca.iesalmudeyne.es\/wp-content\/uploads\/2016\/11\/20161123_173446-e1479947964597-800x1422.jpg 800w, https:\/\/biblioteca.iesalmudeyne.es\/wp-content\/uploads\/2016\/11\/20161123_173446-e1479947964597-864x1536.jpg 864w, https:\/\/biblioteca.iesalmudeyne.es\/wp-content\/uploads\/2016\/11\/20161123_173446-e1479947964597-1152x2048.jpg 1152w, https:\/\/biblioteca.iesalmudeyne.es\/wp-content\/uploads\/2016\/11\/20161123_173446-e1479947964597-1200x2133.jpg 1200w, https:\/\/biblioteca.iesalmudeyne.es\/wp-content\/uploads\/2016\/11\/20161123_173446-e1479947964597-scaled.jpg 1440w\" sizes=\"(max-width: 169px) 100vw, 169px\" \/><img decoding=\"async\" class=\"wp-image-499 size-medium alignright\" src=\"http:\/\/biblioteca.iesalmudeyne.es\/wp-content\/uploads\/2016\/11\/20161123_173402-e1479947942417-169x300.jpg\" alt=\"20161123_173402\" width=\"169\" height=\"300\" srcset=\"https:\/\/biblioteca.iesalmudeyne.es\/wp-content\/uploads\/2016\/11\/20161123_173402-e1479947942417-169x300.jpg 169w, https:\/\/biblioteca.iesalmudeyne.es\/wp-content\/uploads\/2016\/11\/20161123_173402-e1479947942417-200x356.jpg 200w, https:\/\/biblioteca.iesalmudeyne.es\/wp-content\/uploads\/2016\/11\/20161123_173402-e1479947942417-400x711.jpg 400w, https:\/\/biblioteca.iesalmudeyne.es\/wp-content\/uploads\/2016\/11\/20161123_173402-e1479947942417-576x1024.jpg 576w, https:\/\/biblioteca.iesalmudeyne.es\/wp-content\/uploads\/2016\/11\/20161123_173402-e1479947942417-600x1067.jpg 600w, https:\/\/biblioteca.iesalmudeyne.es\/wp-content\/uploads\/2016\/11\/20161123_173402-e1479947942417-768x1365.jpg 768w, https:\/\/biblioteca.iesalmudeyne.es\/wp-content\/uploads\/2016\/11\/20161123_173402-e1479947942417-800x1422.jpg 800w, https:\/\/biblioteca.iesalmudeyne.es\/wp-content\/uploads\/2016\/11\/20161123_173402-e1479947942417-864x1536.jpg 864w, https:\/\/biblioteca.iesalmudeyne.es\/wp-content\/uploads\/2016\/11\/20161123_173402-e1479947942417-1152x2048.jpg 1152w, https:\/\/biblioteca.iesalmudeyne.es\/wp-content\/uploads\/2016\/11\/20161123_173402-e1479947942417-1200x2133.jpg 1200w, https:\/\/biblioteca.iesalmudeyne.es\/wp-content\/uploads\/2016\/11\/20161123_173402-e1479947942417-scaled.jpg 1440w\" sizes=\"(max-width: 169px) 100vw, 169px\" \/><a href=\"http:\/\/biblioteca.iesalmudeyne.es\/wp-content\/uploads\/2016\/11\/20161123_173258-e1479947889582.jpg\" rel=\"attachment wp-att-501\"><img decoding=\"async\" class=\"wp-image-501 size-medium alignright\" src=\"http:\/\/biblioteca.iesalmudeyne.es\/wp-content\/uploads\/2016\/11\/20161123_173258-e1479947889582-169x300.jpg\" alt=\"20161123_173258\" width=\"169\" height=\"300\" srcset=\"https:\/\/biblioteca.iesalmudeyne.es\/wp-content\/uploads\/2016\/11\/20161123_173258-e1479947889582-169x300.jpg 169w, https:\/\/biblioteca.iesalmudeyne.es\/wp-content\/uploads\/2016\/11\/20161123_173258-e1479947889582-200x356.jpg 200w, https:\/\/biblioteca.iesalmudeyne.es\/wp-content\/uploads\/2016\/11\/20161123_173258-e1479947889582-400x711.jpg 400w, https:\/\/biblioteca.iesalmudeyne.es\/wp-content\/uploads\/2016\/11\/20161123_173258-e1479947889582-576x1024.jpg 576w, https:\/\/biblioteca.iesalmudeyne.es\/wp-content\/uploads\/2016\/11\/20161123_173258-e1479947889582-600x1067.jpg 600w, https:\/\/biblioteca.iesalmudeyne.es\/wp-content\/uploads\/2016\/11\/20161123_173258-e1479947889582-768x1365.jpg 768w, https:\/\/biblioteca.iesalmudeyne.es\/wp-content\/uploads\/2016\/11\/20161123_173258-e1479947889582-800x1422.jpg 800w, https:\/\/biblioteca.iesalmudeyne.es\/wp-content\/uploads\/2016\/11\/20161123_173258-e1479947889582-864x1536.jpg 864w, https:\/\/biblioteca.iesalmudeyne.es\/wp-content\/uploads\/2016\/11\/20161123_173258-e1479947889582-1152x2048.jpg 1152w, https:\/\/biblioteca.iesalmudeyne.es\/wp-content\/uploads\/2016\/11\/20161123_173258-e1479947889582-1200x2133.jpg 1200w, https:\/\/biblioteca.iesalmudeyne.es\/wp-content\/uploads\/2016\/11\/20161123_173258-e1479947889582-scaled.jpg 1440w\" sizes=\"(max-width: 169px) 100vw, 169px\" \/><\/a><a href=\"http:\/\/biblioteca.iesalmudeyne.es\/wp-content\/uploads\/2016\/11\/20161123_173635-e1479947995915.jpg\" rel=\"attachment wp-att-497\"><img decoding=\"async\" class=\"aligncenter wp-image-497 size-medium\" src=\"http:\/\/biblioteca.iesalmudeyne.es\/wp-content\/uploads\/2016\/11\/20161123_173635-e1479947995915-300x169.jpg\" alt=\"20161123_173635\" width=\"300\" height=\"169\" srcset=\"https:\/\/biblioteca.iesalmudeyne.es\/wp-content\/uploads\/2016\/11\/20161123_173635-e1479947995915-200x113.jpg 200w, https:\/\/biblioteca.iesalmudeyne.es\/wp-content\/uploads\/2016\/11\/20161123_173635-e1479947995915-300x169.jpg 300w, https:\/\/biblioteca.iesalmudeyne.es\/wp-content\/uploads\/2016\/11\/20161123_173635-e1479947995915-400x225.jpg 400w, https:\/\/biblioteca.iesalmudeyne.es\/wp-content\/uploads\/2016\/11\/20161123_173635-e1479947995915-600x338.jpg 600w, https:\/\/biblioteca.iesalmudeyne.es\/wp-content\/uploads\/2016\/11\/20161123_173635-e1479947995915-768x432.jpg 768w, https:\/\/biblioteca.iesalmudeyne.es\/wp-content\/uploads\/2016\/11\/20161123_173635-e1479947995915-800x450.jpg 800w, https:\/\/biblioteca.iesalmudeyne.es\/wp-content\/uploads\/2016\/11\/20161123_173635-e1479947995915-1024x576.jpg 1024w, https:\/\/biblioteca.iesalmudeyne.es\/wp-content\/uploads\/2016\/11\/20161123_173635-e1479947995915-1200x675.jpg 1200w, https:\/\/biblioteca.iesalmudeyne.es\/wp-content\/uploads\/2016\/11\/20161123_173635-e1479947995915-1536x864.jpg 1536w, https:\/\/biblioteca.iesalmudeyne.es\/wp-content\/uploads\/2016\/11\/20161123_173635-e1479947995915-scaled.jpg 2560w\" sizes=\"(max-width: 300px) 100vw, 300px\" \/><\/a><\/span><\/p>\n<p style=\"text-align: center;\"><span style=\"font-weight: 400;\">Desde la biblioteca animamos a todos a participar porque no nos cuesta nada y para muchos, es todo.<\/span><\/p>\n","protected":false},"excerpt":{"rendered":"<p>Durante este mes de noviembre todo el centro ha estado [&hellip;]<\/p>\n","protected":false},"author":1,"featured_media":502,"comment_status":"open","ping_status":"open","sticky":false,"template":"","format":"standard","meta":{"footnotes":""},"categories":[1],"tags":[],"class_list":["post-496","post","type-post","status-publish","format-standard","has-post-thumbnail","hentry","category-uncategorized"],"_links":{"self":[{"href":"https:\/\/biblioteca.iesalmudeyne.es\/index.php?rest_route=\/wp\/v2\/posts\/496","targetHints":{"allow":["GET"]}}],"collection":[{"href":"https:\/\/biblioteca.iesalmudeyne.es\/index.php?rest_route=\/wp\/v2\/posts"}],"about":[{"href":"https:\/\/biblioteca.iesalmudeyne.es\/index.php?rest_route=\/wp\/v2\/types\/post"}],"author":[{"embeddable":true,"href":"https:\/\/biblioteca.iesalmudeyne.es\/index.php?rest_route=\/wp\/v2\/users\/1"}],"replies":[{"embeddable":true,"href":"https:\/\/biblioteca.iesalmudeyne.es\/index.php?rest_route=%2Fwp%2Fv2%2Fcomments&post=496"}],"version-history":[{"count":0,"href":"https:\/\/biblioteca.iesalmudeyne.es\/index.php?rest_route=\/wp\/v2\/posts\/496\/revisions"}],"wp:featuredmedia":[{"embeddable":true,"href":"https:\/\/biblioteca.iesalmudeyne.es\/index.php?rest_route=\/wp\/v2\/media\/502"}],"wp:attachment":[{"href":"https:\/\/biblioteca.iesalmudeyne.es\/index.php?rest_route=%2Fwp%2Fv2%2Fmedia&parent=496"}],"wp:term":[{"taxonomy":"category","embeddable":true,"href":"https:\/\/biblioteca.iesalmudeyne.es\/index.php?rest_route=%2Fwp%2Fv2%2Fcategories&post=496"},{"taxonomy":"post_tag","embeddable":true,"href":"https:\/\/biblioteca.iesalmudeyne.es\/index.php?rest_route=%2Fwp%2Fv2%2Ftags&post=496"}],"curies":[{"name":"wp","href":"https:\/\/api.w.org\/{rel}","templated":true}]}}