{"id":621,"date":"2017-01-31T21:42:15","date_gmt":"2017-01-31T20:42:15","guid":{"rendered":"http:\/\/biblioteca.iesalmudeyne.es\/?p=621"},"modified":"2017-01-31T21:42:15","modified_gmt":"2017-01-31T20:42:15","slug":"proyecto-mi-literatura-nuestra-literatura","status":"publish","type":"post","link":"https:\/\/biblioteca.iesalmudeyne.es\/?p=621","title":{"rendered":"PROYECTO \u201c MI LITERATURA, NUESTRA LITERATURA\u201d"},"content":{"rendered":"<p style=\"text-align: left;\" align=\"CENTER\">Dentro de las actividades que organiza el Departamento de Lengua Castellana presentamos este interesante proyecto en el que est\u00e1n participando alumnos y padres de nuestro Centro.<\/p>\n<p align=\"JUSTIFY\">Como pod\u00e9is ver en<a href=\"http:\/\/biblioteca.iesalmudeyne.es\/wp-content\/uploads\/2017\/02\/Mi-literatura-nuestra-literatura.pdf\"> la informaci\u00f3n que se ha hecho llegar a las familias<\/a>, se trata de recopilar antiguas historias propias de la tradici\u00f3n oral y de la localidad de Los Palacios y Villafranca.<\/p>\n<p align=\"JUSTIFY\">Todo el material que se re\u00fana sera transcrito e ilustrado por los alumnos y convertida en un libro que tras ser expuesto en la biblioteca, volver\u00e1 a las familias en forma de regalo para conmemorar el d\u00eda del libro.<\/p>\n<p align=\"JUSTIFY\">Pr\u00f3ximamente os daremos m\u00e1s informaci\u00f3n sobre el desarrollo de este proyecto y podremos ver el resultado del mismo, lo que estamos esperando con mucha ilusi\u00f3n.<\/p>\n<p align=\"JUSTIFY\"><a href=\"http:\/\/biblioteca.iesalmudeyne.es\/wp-content\/uploads\/2017\/02\/Mi-literatura-nuestra-literatura.pdf\" rel=\"\">Mi literatura, nuestra literatura<\/a><\/p>\n","protected":false},"excerpt":{"rendered":"<p>Dentro de las actividades que organiza el Departamento de Lengua [&hellip;]<\/p>\n","protected":false},"author":1,"featured_media":0,"comment_status":"open","ping_status":"open","sticky":false,"template":"","format":"standard","meta":{"footnotes":""},"categories":[1],"tags":[],"class_list":["post-621","post","type-post","status-publish","format-standard","hentry","category-uncategorized"],"_links":{"self":[{"href":"https:\/\/biblioteca.iesalmudeyne.es\/index.php?rest_route=\/wp\/v2\/posts\/621","targetHints":{"allow":["GET"]}}],"collection":[{"href":"https:\/\/biblioteca.iesalmudeyne.es\/index.php?rest_route=\/wp\/v2\/posts"}],"about":[{"href":"https:\/\/biblioteca.iesalmudeyne.es\/index.php?rest_route=\/wp\/v2\/types\/post"}],"author":[{"embeddable":true,"href":"https:\/\/biblioteca.iesalmudeyne.es\/index.php?rest_route=\/wp\/v2\/users\/1"}],"replies":[{"embeddable":true,"href":"https:\/\/biblioteca.iesalmudeyne.es\/index.php?rest_route=%2Fwp%2Fv2%2Fcomments&post=621"}],"version-history":[{"count":0,"href":"https:\/\/biblioteca.iesalmudeyne.es\/index.php?rest_route=\/wp\/v2\/posts\/621\/revisions"}],"wp:attachment":[{"href":"https:\/\/biblioteca.iesalmudeyne.es\/index.php?rest_route=%2Fwp%2Fv2%2Fmedia&parent=621"}],"wp:term":[{"taxonomy":"category","embeddable":true,"href":"https:\/\/biblioteca.iesalmudeyne.es\/index.php?rest_route=%2Fwp%2Fv2%2Fcategories&post=621"},{"taxonomy":"post_tag","embeddable":true,"href":"https:\/\/biblioteca.iesalmudeyne.es\/index.php?rest_route=%2Fwp%2Fv2%2Ftags&post=621"}],"curies":[{"name":"wp","href":"https:\/\/api.w.org\/{rel}","templated":true}]}}