{"id":626,"date":"2017-01-20T21:55:07","date_gmt":"2017-01-20T20:55:07","guid":{"rendered":"http:\/\/biblioteca.iesalmudeyne.es\/?p=626"},"modified":"2017-01-20T21:55:07","modified_gmt":"2017-01-20T20:55:07","slug":"donacion-de-libros","status":"publish","type":"post","link":"https:\/\/biblioteca.iesalmudeyne.es\/?p=626","title":{"rendered":"Donaci\u00f3n de libros"},"content":{"rendered":"<p>El pasado 19 de Enero , el palaciego Jes\u00fas \u201cTonono\u201d, tuvo a bien donar a la Biblioteca de nuestro centro un centenar de libros de diferentes categor\u00edas (novelas, c\u00f3mics, literatura juvenil, libros de recetas, enciclopedias, gu\u00edas de viajes\u2026). Todos los ejemplares est\u00e1n escritos en franc\u00e9s. \u00a0En un Centro Biling\u00fce como es el nuestro, la segunda vida de estos libros est\u00e1 garantizada.<\/p>\n<p>Agradecemos el generoso gesto de Jes\u00fas.<\/p>\n<p><a href=\"http:\/\/biblioteca.iesalmudeyne.es\/wp-content\/uploads\/2017\/02\/IMG-20170119-WA0029.jpg\" rel=\"attachment wp-att-611\"><img decoding=\"async\" class=\"alignnone wp-image-611 size-medium\" src=\"http:\/\/biblioteca.iesalmudeyne.es\/wp-content\/uploads\/2017\/02\/IMG-20170119-WA0029-300x225.jpg\" alt=\"IMG-20170119-WA0029\" width=\"300\" height=\"225\" srcset=\"https:\/\/biblioteca.iesalmudeyne.es\/wp-content\/uploads\/2017\/02\/IMG-20170119-WA0029-200x150.jpg 200w, https:\/\/biblioteca.iesalmudeyne.es\/wp-content\/uploads\/2017\/02\/IMG-20170119-WA0029-300x225.jpg 300w, https:\/\/biblioteca.iesalmudeyne.es\/wp-content\/uploads\/2017\/02\/IMG-20170119-WA0029-400x300.jpg 400w, https:\/\/biblioteca.iesalmudeyne.es\/wp-content\/uploads\/2017\/02\/IMG-20170119-WA0029-600x450.jpg 600w, https:\/\/biblioteca.iesalmudeyne.es\/wp-content\/uploads\/2017\/02\/IMG-20170119-WA0029-768x576.jpg 768w, https:\/\/biblioteca.iesalmudeyne.es\/wp-content\/uploads\/2017\/02\/IMG-20170119-WA0029-800x600.jpg 800w, https:\/\/biblioteca.iesalmudeyne.es\/wp-content\/uploads\/2017\/02\/IMG-20170119-WA0029-1024x768.jpg 1024w, https:\/\/biblioteca.iesalmudeyne.es\/wp-content\/uploads\/2017\/02\/IMG-20170119-WA0029-1200x901.jpg 1200w, https:\/\/biblioteca.iesalmudeyne.es\/wp-content\/uploads\/2017\/02\/IMG-20170119-WA0029-1536x1153.jpg 1536w, https:\/\/biblioteca.iesalmudeyne.es\/wp-content\/uploads\/2017\/02\/IMG-20170119-WA0029.jpg 1599w\" sizes=\"(max-width: 300px) 100vw, 300px\" \/><\/a> <a href=\"http:\/\/biblioteca.iesalmudeyne.es\/wp-content\/uploads\/2017\/02\/IMG-20170119-WA0028.jpg\" rel=\"attachment wp-att-610\"><img decoding=\"async\" class=\"alignnone wp-image-610 size-medium\" src=\"http:\/\/biblioteca.iesalmudeyne.es\/wp-content\/uploads\/2017\/02\/IMG-20170119-WA0028-300x225.jpg\" alt=\"IMG-20170119-WA0028\" width=\"300\" height=\"225\" srcset=\"https:\/\/biblioteca.iesalmudeyne.es\/wp-content\/uploads\/2017\/02\/IMG-20170119-WA0028-200x150.jpg 200w, https:\/\/biblioteca.iesalmudeyne.es\/wp-content\/uploads\/2017\/02\/IMG-20170119-WA0028-300x225.jpg 300w, https:\/\/biblioteca.iesalmudeyne.es\/wp-content\/uploads\/2017\/02\/IMG-20170119-WA0028-400x300.jpg 400w, https:\/\/biblioteca.iesalmudeyne.es\/wp-content\/uploads\/2017\/02\/IMG-20170119-WA0028-600x450.jpg 600w, https:\/\/biblioteca.iesalmudeyne.es\/wp-content\/uploads\/2017\/02\/IMG-20170119-WA0028-768x576.jpg 768w, https:\/\/biblioteca.iesalmudeyne.es\/wp-content\/uploads\/2017\/02\/IMG-20170119-WA0028-800x600.jpg 800w, https:\/\/biblioteca.iesalmudeyne.es\/wp-content\/uploads\/2017\/02\/IMG-20170119-WA0028-1024x768.jpg 1024w, https:\/\/biblioteca.iesalmudeyne.es\/wp-content\/uploads\/2017\/02\/IMG-20170119-WA0028-1200x901.jpg 1200w, https:\/\/biblioteca.iesalmudeyne.es\/wp-content\/uploads\/2017\/02\/IMG-20170119-WA0028-1536x1153.jpg 1536w, https:\/\/biblioteca.iesalmudeyne.es\/wp-content\/uploads\/2017\/02\/IMG-20170119-WA0028.jpg 1599w\" sizes=\"(max-width: 300px) 100vw, 300px\" \/><\/a> <a href=\"http:\/\/biblioteca.iesalmudeyne.es\/wp-content\/uploads\/2017\/02\/IMG-20170119-WA0027.jpg\" rel=\"attachment wp-att-609\"><img decoding=\"async\" class=\"alignnone wp-image-609 size-medium\" src=\"http:\/\/biblioteca.iesalmudeyne.es\/wp-content\/uploads\/2017\/02\/IMG-20170119-WA0027-300x225.jpg\" alt=\"IMG-20170119-WA0027\" width=\"300\" height=\"225\" srcset=\"https:\/\/biblioteca.iesalmudeyne.es\/wp-content\/uploads\/2017\/02\/IMG-20170119-WA0027-200x150.jpg 200w, https:\/\/biblioteca.iesalmudeyne.es\/wp-content\/uploads\/2017\/02\/IMG-20170119-WA0027-300x225.jpg 300w, https:\/\/biblioteca.iesalmudeyne.es\/wp-content\/uploads\/2017\/02\/IMG-20170119-WA0027-400x300.jpg 400w, https:\/\/biblioteca.iesalmudeyne.es\/wp-content\/uploads\/2017\/02\/IMG-20170119-WA0027-600x450.jpg 600w, https:\/\/biblioteca.iesalmudeyne.es\/wp-content\/uploads\/2017\/02\/IMG-20170119-WA0027-768x576.jpg 768w, https:\/\/biblioteca.iesalmudeyne.es\/wp-content\/uploads\/2017\/02\/IMG-20170119-WA0027-800x600.jpg 800w, https:\/\/biblioteca.iesalmudeyne.es\/wp-content\/uploads\/2017\/02\/IMG-20170119-WA0027-1024x768.jpg 1024w, https:\/\/biblioteca.iesalmudeyne.es\/wp-content\/uploads\/2017\/02\/IMG-20170119-WA0027-1200x901.jpg 1200w, https:\/\/biblioteca.iesalmudeyne.es\/wp-content\/uploads\/2017\/02\/IMG-20170119-WA0027-1536x1153.jpg 1536w, https:\/\/biblioteca.iesalmudeyne.es\/wp-content\/uploads\/2017\/02\/IMG-20170119-WA0027.jpg 1599w\" sizes=\"(max-width: 300px) 100vw, 300px\" \/><\/a> <a href=\"http:\/\/biblioteca.iesalmudeyne.es\/wp-content\/uploads\/2017\/02\/IMG-20170119-WA0026.jpg\" rel=\"attachment wp-att-608\"><img decoding=\"async\" class=\"alignnone size-medium wp-image-608\" src=\"http:\/\/biblioteca.iesalmudeyne.es\/wp-content\/uploads\/2017\/02\/IMG-20170119-WA0026-300x225.jpg\" alt=\"IMG-20170119-WA0026\" width=\"300\" height=\"225\" srcset=\"https:\/\/biblioteca.iesalmudeyne.es\/wp-content\/uploads\/2017\/02\/IMG-20170119-WA0026-200x150.jpg 200w, https:\/\/biblioteca.iesalmudeyne.es\/wp-content\/uploads\/2017\/02\/IMG-20170119-WA0026-300x225.jpg 300w, https:\/\/biblioteca.iesalmudeyne.es\/wp-content\/uploads\/2017\/02\/IMG-20170119-WA0026-400x300.jpg 400w, https:\/\/biblioteca.iesalmudeyne.es\/wp-content\/uploads\/2017\/02\/IMG-20170119-WA0026-600x450.jpg 600w, https:\/\/biblioteca.iesalmudeyne.es\/wp-content\/uploads\/2017\/02\/IMG-20170119-WA0026-768x576.jpg 768w, https:\/\/biblioteca.iesalmudeyne.es\/wp-content\/uploads\/2017\/02\/IMG-20170119-WA0026-800x600.jpg 800w, https:\/\/biblioteca.iesalmudeyne.es\/wp-content\/uploads\/2017\/02\/IMG-20170119-WA0026-1024x768.jpg 1024w, https:\/\/biblioteca.iesalmudeyne.es\/wp-content\/uploads\/2017\/02\/IMG-20170119-WA0026-1200x901.jpg 1200w, https:\/\/biblioteca.iesalmudeyne.es\/wp-content\/uploads\/2017\/02\/IMG-20170119-WA0026-1536x1153.jpg 1536w, https:\/\/biblioteca.iesalmudeyne.es\/wp-content\/uploads\/2017\/02\/IMG-20170119-WA0026.jpg 1599w\" sizes=\"(max-width: 300px) 100vw, 300px\" \/><\/a><\/p>\n","protected":false},"excerpt":{"rendered":"<p>El pasado 19 de Enero , el palaciego Jes\u00fas \u201cTonono\u201d, [&hellip;]<\/p>\n","protected":false},"author":1,"featured_media":611,"comment_status":"open","ping_status":"open","sticky":false,"template":"","format":"standard","meta":{"footnotes":""},"categories":[1],"tags":[],"class_list":["post-626","post","type-post","status-publish","format-standard","has-post-thumbnail","hentry","category-uncategorized"],"_links":{"self":[{"href":"https:\/\/biblioteca.iesalmudeyne.es\/index.php?rest_route=\/wp\/v2\/posts\/626","targetHints":{"allow":["GET"]}}],"collection":[{"href":"https:\/\/biblioteca.iesalmudeyne.es\/index.php?rest_route=\/wp\/v2\/posts"}],"about":[{"href":"https:\/\/biblioteca.iesalmudeyne.es\/index.php?rest_route=\/wp\/v2\/types\/post"}],"author":[{"embeddable":true,"href":"https:\/\/biblioteca.iesalmudeyne.es\/index.php?rest_route=\/wp\/v2\/users\/1"}],"replies":[{"embeddable":true,"href":"https:\/\/biblioteca.iesalmudeyne.es\/index.php?rest_route=%2Fwp%2Fv2%2Fcomments&post=626"}],"version-history":[{"count":0,"href":"https:\/\/biblioteca.iesalmudeyne.es\/index.php?rest_route=\/wp\/v2\/posts\/626\/revisions"}],"wp:featuredmedia":[{"embeddable":true,"href":"https:\/\/biblioteca.iesalmudeyne.es\/index.php?rest_route=\/wp\/v2\/media\/611"}],"wp:attachment":[{"href":"https:\/\/biblioteca.iesalmudeyne.es\/index.php?rest_route=%2Fwp%2Fv2%2Fmedia&parent=626"}],"wp:term":[{"taxonomy":"category","embeddable":true,"href":"https:\/\/biblioteca.iesalmudeyne.es\/index.php?rest_route=%2Fwp%2Fv2%2Fcategories&post=626"},{"taxonomy":"post_tag","embeddable":true,"href":"https:\/\/biblioteca.iesalmudeyne.es\/index.php?rest_route=%2Fwp%2Fv2%2Ftags&post=626"}],"curies":[{"name":"wp","href":"https:\/\/api.w.org\/{rel}","templated":true}]}}