{"id":639,"date":"2017-02-12T22:34:17","date_gmt":"2017-02-12T21:34:17","guid":{"rendered":"http:\/\/biblioteca.iesalmudeyne.es\/?p=639"},"modified":"2017-02-12T22:34:17","modified_gmt":"2017-02-12T21:34:17","slug":"mercadillo-solidario-recogida-libros","status":"publish","type":"post","link":"https:\/\/biblioteca.iesalmudeyne.es\/?p=639","title":{"rendered":"Mercadillo Solidario (Recogida libros)"},"content":{"rendered":"<p align=\"CENTER\"><span style=\"font-size: 300%;\"><i>RECOGIDA<\/i><\/span><\/p>\n<p align=\"CENTER\"><span style=\"font-size: 300%;\"><i>LIBROS<\/i><\/span><\/p>\n<p align=\"CENTER\">\n<p align=\"CENTER\">\n<p align=\"CENTER\"><span style=\"color: #0000cc;\"><span style=\"font-size: 300%;\">MERCADILLO SOLIDARIO<\/span><\/span><\/p>\n<p align=\"CENTER\">\n<p align=\"CENTER\"><span style=\"color: #000000;\"><span style=\"font-size: x-large;\">Comenzamos la recogida de libros para nuestro mercadillo solidario que celebraremos en Abril con motivo del D\u00eda Mundial del Libro.<\/span><\/span><\/p>\n<p align=\"CENTER\"><span style=\"color: #000000;\"><span style=\"font-size: x-large;\">Si ten\u00e9is alg\u00fan libro que ya hab\u00e9is le\u00eddo o que no vais a leer pod\u00e9is donarlo o cambiarlo por otro.<\/span><\/span><\/p>\n<p align=\"CENTER\"><span style=\"color: #000000;\"><span style=\"font-size: x-large;\">Pod\u00e9is dejarlos en el archivo de la biblioteca durante los recreos.<\/span><\/span><\/p>\n<p align=\"CENTER\"><span style=\"color: #000000;\"><span style=\"font-size: x-large;\">Recordad que todo lo que se recaude servir\u00e1 para ayudar a personas que lo necesitan.<\/span><\/span><\/p>\n<p align=\"CENTER\">\n<p align=\"CENTER\"><span style=\"color: #000000;\"><span style=\"font-size: 300%;\">!COLABORA\u00a1<\/span><\/span><\/p>\n<p align=\"CENTER\">\n<p align=\"CENTER\">\n<p align=\"CENTER\"><a href=\"http:\/\/biblioteca.iesalmudeyne.es\/wp-content\/uploads\/2017\/02\/caetelmercadillo1.pdf\">CARTEL ANUNCIADOR<\/a><\/p>\n<p align=\"CENTER\">\n<p align=\"CENTER\">\n<p align=\"CENTER\">\n","protected":false},"excerpt":{"rendered":"<p>RECOGIDA LIBROS MERCADILLO SOLIDARIO Comenzamos la recogida de libros para [&hellip;]<\/p>\n","protected":false},"author":1,"featured_media":0,"comment_status":"open","ping_status":"open","sticky":false,"template":"","format":"standard","meta":{"footnotes":""},"categories":[1],"tags":[],"class_list":["post-639","post","type-post","status-publish","format-standard","hentry","category-uncategorized"],"_links":{"self":[{"href":"https:\/\/biblioteca.iesalmudeyne.es\/index.php?rest_route=\/wp\/v2\/posts\/639","targetHints":{"allow":["GET"]}}],"collection":[{"href":"https:\/\/biblioteca.iesalmudeyne.es\/index.php?rest_route=\/wp\/v2\/posts"}],"about":[{"href":"https:\/\/biblioteca.iesalmudeyne.es\/index.php?rest_route=\/wp\/v2\/types\/post"}],"author":[{"embeddable":true,"href":"https:\/\/biblioteca.iesalmudeyne.es\/index.php?rest_route=\/wp\/v2\/users\/1"}],"replies":[{"embeddable":true,"href":"https:\/\/biblioteca.iesalmudeyne.es\/index.php?rest_route=%2Fwp%2Fv2%2Fcomments&post=639"}],"version-history":[{"count":0,"href":"https:\/\/biblioteca.iesalmudeyne.es\/index.php?rest_route=\/wp\/v2\/posts\/639\/revisions"}],"wp:attachment":[{"href":"https:\/\/biblioteca.iesalmudeyne.es\/index.php?rest_route=%2Fwp%2Fv2%2Fmedia&parent=639"}],"wp:term":[{"taxonomy":"category","embeddable":true,"href":"https:\/\/biblioteca.iesalmudeyne.es\/index.php?rest_route=%2Fwp%2Fv2%2Fcategories&post=639"},{"taxonomy":"post_tag","embeddable":true,"href":"https:\/\/biblioteca.iesalmudeyne.es\/index.php?rest_route=%2Fwp%2Fv2%2Ftags&post=639"}],"curies":[{"name":"wp","href":"https:\/\/api.w.org\/{rel}","templated":true}]}}