{"id":643,"date":"2017-03-23T18:32:46","date_gmt":"2017-03-23T17:32:46","guid":{"rendered":"http:\/\/biblioteca.iesalmudeyne.es\/?p=643"},"modified":"2017-03-23T18:32:46","modified_gmt":"2017-03-23T17:32:46","slug":"campana-feminismo","status":"publish","type":"post","link":"https:\/\/biblioteca.iesalmudeyne.es\/?p=643","title":{"rendered":"Campa\u00f1a Feminismo"},"content":{"rendered":"<p>La iniciativa de colgar carteles por nuestro instituto con mensajes feministas parte de un grupo de alumnas de 2\u00baBachillerato, en nombre de todas aquellas que tambi\u00e9n se sientan identificadas con la causa.<br \/>\n<a href=\"http:\/\/biblioteca.iesalmudeyne.es\/wp-content\/uploads\/2017\/05\/20170323_121640.jpg\" rel=\"attachment wp-att-644\"><img decoding=\"async\" class=\"alignnone wp-image-644 size-medium\" src=\"http:\/\/biblioteca.iesalmudeyne.es\/wp-content\/uploads\/2017\/05\/20170323_121640-e1493919462859-169x300.jpg\" alt=\"20170323_121640\" width=\"169\" height=\"300\" srcset=\"https:\/\/biblioteca.iesalmudeyne.es\/wp-content\/uploads\/2017\/05\/20170323_121640-e1493919462859-169x300.jpg 169w, https:\/\/biblioteca.iesalmudeyne.es\/wp-content\/uploads\/2017\/05\/20170323_121640-e1493919462859-200x356.jpg 200w, https:\/\/biblioteca.iesalmudeyne.es\/wp-content\/uploads\/2017\/05\/20170323_121640-e1493919462859-400x711.jpg 400w, https:\/\/biblioteca.iesalmudeyne.es\/wp-content\/uploads\/2017\/05\/20170323_121640-e1493919462859-576x1024.jpg 576w, https:\/\/biblioteca.iesalmudeyne.es\/wp-content\/uploads\/2017\/05\/20170323_121640-e1493919462859-600x1067.jpg 600w, https:\/\/biblioteca.iesalmudeyne.es\/wp-content\/uploads\/2017\/05\/20170323_121640-e1493919462859-768x1365.jpg 768w, https:\/\/biblioteca.iesalmudeyne.es\/wp-content\/uploads\/2017\/05\/20170323_121640-e1493919462859-800x1422.jpg 800w, https:\/\/biblioteca.iesalmudeyne.es\/wp-content\/uploads\/2017\/05\/20170323_121640-e1493919462859-864x1536.jpg 864w, https:\/\/biblioteca.iesalmudeyne.es\/wp-content\/uploads\/2017\/05\/20170323_121640-e1493919462859-1152x2048.jpg 1152w, https:\/\/biblioteca.iesalmudeyne.es\/wp-content\/uploads\/2017\/05\/20170323_121640-e1493919462859-1200x2133.jpg 1200w, https:\/\/biblioteca.iesalmudeyne.es\/wp-content\/uploads\/2017\/05\/20170323_121640-e1493919462859-scaled.jpg 1440w\" sizes=\"(max-width: 169px) 100vw, 169px\" \/><\/a> <a href=\"http:\/\/biblioteca.iesalmudeyne.es\/wp-content\/uploads\/2017\/05\/20170323_121701.jpg\" rel=\"attachment wp-att-645\"><img decoding=\"async\" class=\"alignnone wp-image-645 size-medium\" src=\"http:\/\/biblioteca.iesalmudeyne.es\/wp-content\/uploads\/2017\/05\/20170323_121701-e1493919501269-169x300.jpg\" alt=\"20170323_121701\" width=\"169\" height=\"300\" srcset=\"https:\/\/biblioteca.iesalmudeyne.es\/wp-content\/uploads\/2017\/05\/20170323_121701-e1493919501269-169x300.jpg 169w, https:\/\/biblioteca.iesalmudeyne.es\/wp-content\/uploads\/2017\/05\/20170323_121701-e1493919501269-200x356.jpg 200w, https:\/\/biblioteca.iesalmudeyne.es\/wp-content\/uploads\/2017\/05\/20170323_121701-e1493919501269-400x711.jpg 400w, https:\/\/biblioteca.iesalmudeyne.es\/wp-content\/uploads\/2017\/05\/20170323_121701-e1493919501269-576x1024.jpg 576w, https:\/\/biblioteca.iesalmudeyne.es\/wp-content\/uploads\/2017\/05\/20170323_121701-e1493919501269-600x1067.jpg 600w, https:\/\/biblioteca.iesalmudeyne.es\/wp-content\/uploads\/2017\/05\/20170323_121701-e1493919501269-768x1365.jpg 768w, https:\/\/biblioteca.iesalmudeyne.es\/wp-content\/uploads\/2017\/05\/20170323_121701-e1493919501269-800x1422.jpg 800w, https:\/\/biblioteca.iesalmudeyne.es\/wp-content\/uploads\/2017\/05\/20170323_121701-e1493919501269-864x1536.jpg 864w, https:\/\/biblioteca.iesalmudeyne.es\/wp-content\/uploads\/2017\/05\/20170323_121701-e1493919501269-1152x2048.jpg 1152w, https:\/\/biblioteca.iesalmudeyne.es\/wp-content\/uploads\/2017\/05\/20170323_121701-e1493919501269-1200x2133.jpg 1200w, https:\/\/biblioteca.iesalmudeyne.es\/wp-content\/uploads\/2017\/05\/20170323_121701-e1493919501269-scaled.jpg 1440w\" sizes=\"(max-width: 169px) 100vw, 169px\" \/><\/a> <a href=\"http:\/\/biblioteca.iesalmudeyne.es\/wp-content\/uploads\/2017\/05\/20170323_122154.jpg\" rel=\"attachment wp-att-646\"><img decoding=\"async\" class=\"alignnone wp-image-646 size-medium\" src=\"http:\/\/biblioteca.iesalmudeyne.es\/wp-content\/uploads\/2017\/05\/20170323_122154-e1493919537947-169x300.jpg\" alt=\"20170323_122154\" width=\"169\" height=\"300\" srcset=\"https:\/\/biblioteca.iesalmudeyne.es\/wp-content\/uploads\/2017\/05\/20170323_122154-e1493919537947-169x300.jpg 169w, https:\/\/biblioteca.iesalmudeyne.es\/wp-content\/uploads\/2017\/05\/20170323_122154-e1493919537947-200x356.jpg 200w, https:\/\/biblioteca.iesalmudeyne.es\/wp-content\/uploads\/2017\/05\/20170323_122154-e1493919537947-400x711.jpg 400w, https:\/\/biblioteca.iesalmudeyne.es\/wp-content\/uploads\/2017\/05\/20170323_122154-e1493919537947-576x1024.jpg 576w, https:\/\/biblioteca.iesalmudeyne.es\/wp-content\/uploads\/2017\/05\/20170323_122154-e1493919537947-600x1067.jpg 600w, https:\/\/biblioteca.iesalmudeyne.es\/wp-content\/uploads\/2017\/05\/20170323_122154-e1493919537947-768x1365.jpg 768w, https:\/\/biblioteca.iesalmudeyne.es\/wp-content\/uploads\/2017\/05\/20170323_122154-e1493919537947-800x1422.jpg 800w, https:\/\/biblioteca.iesalmudeyne.es\/wp-content\/uploads\/2017\/05\/20170323_122154-e1493919537947-864x1536.jpg 864w, https:\/\/biblioteca.iesalmudeyne.es\/wp-content\/uploads\/2017\/05\/20170323_122154-e1493919537947-1152x2048.jpg 1152w, https:\/\/biblioteca.iesalmudeyne.es\/wp-content\/uploads\/2017\/05\/20170323_122154-e1493919537947-1200x2133.jpg 1200w, https:\/\/biblioteca.iesalmudeyne.es\/wp-content\/uploads\/2017\/05\/20170323_122154-e1493919537947-scaled.jpg 1440w\" sizes=\"(max-width: 169px) 100vw, 169px\" \/><\/a> <a href=\"http:\/\/biblioteca.iesalmudeyne.es\/wp-content\/uploads\/2017\/05\/20170323_122217.jpg\" rel=\"attachment wp-att-647\"><img decoding=\"async\" class=\"alignnone wp-image-647 size-medium\" src=\"http:\/\/biblioteca.iesalmudeyne.es\/wp-content\/uploads\/2017\/05\/20170323_122217-e1493919564227-169x300.jpg\" alt=\"20170323_122217\" width=\"169\" height=\"300\" srcset=\"https:\/\/biblioteca.iesalmudeyne.es\/wp-content\/uploads\/2017\/05\/20170323_122217-e1493919564227-169x300.jpg 169w, https:\/\/biblioteca.iesalmudeyne.es\/wp-content\/uploads\/2017\/05\/20170323_122217-e1493919564227-200x356.jpg 200w, https:\/\/biblioteca.iesalmudeyne.es\/wp-content\/uploads\/2017\/05\/20170323_122217-e1493919564227-400x711.jpg 400w, https:\/\/biblioteca.iesalmudeyne.es\/wp-content\/uploads\/2017\/05\/20170323_122217-e1493919564227-576x1024.jpg 576w, https:\/\/biblioteca.iesalmudeyne.es\/wp-content\/uploads\/2017\/05\/20170323_122217-e1493919564227-600x1067.jpg 600w, https:\/\/biblioteca.iesalmudeyne.es\/wp-content\/uploads\/2017\/05\/20170323_122217-e1493919564227-768x1365.jpg 768w, https:\/\/biblioteca.iesalmudeyne.es\/wp-content\/uploads\/2017\/05\/20170323_122217-e1493919564227-800x1422.jpg 800w, https:\/\/biblioteca.iesalmudeyne.es\/wp-content\/uploads\/2017\/05\/20170323_122217-e1493919564227-864x1536.jpg 864w, https:\/\/biblioteca.iesalmudeyne.es\/wp-content\/uploads\/2017\/05\/20170323_122217-e1493919564227-1152x2048.jpg 1152w, https:\/\/biblioteca.iesalmudeyne.es\/wp-content\/uploads\/2017\/05\/20170323_122217-e1493919564227-1200x2133.jpg 1200w, https:\/\/biblioteca.iesalmudeyne.es\/wp-content\/uploads\/2017\/05\/20170323_122217-e1493919564227-scaled.jpg 1440w\" sizes=\"(max-width: 169px) 100vw, 169px\" \/><\/a> <a href=\"http:\/\/biblioteca.iesalmudeyne.es\/wp-content\/uploads\/2017\/05\/20170323_122416.jpg\" rel=\"attachment wp-att-648\"><img decoding=\"async\" class=\"alignnone wp-image-648 size-medium\" src=\"http:\/\/biblioteca.iesalmudeyne.es\/wp-content\/uploads\/2017\/05\/20170323_122416-e1493919598352-169x300.jpg\" alt=\"20170323_122416\" width=\"169\" height=\"300\" srcset=\"https:\/\/biblioteca.iesalmudeyne.es\/wp-content\/uploads\/2017\/05\/20170323_122416-e1493919598352-169x300.jpg 169w, https:\/\/biblioteca.iesalmudeyne.es\/wp-content\/uploads\/2017\/05\/20170323_122416-e1493919598352-576x1024.jpg 576w, https:\/\/biblioteca.iesalmudeyne.es\/wp-content\/uploads\/2017\/05\/20170323_122416-e1493919598352-768x1365.jpg 768w, https:\/\/biblioteca.iesalmudeyne.es\/wp-content\/uploads\/2017\/05\/20170323_122416-e1493919598352-scaled.jpg 1440w\" sizes=\"(max-width: 169px) 100vw, 169px\" \/><\/a> <a href=\"http:\/\/biblioteca.iesalmudeyne.es\/wp-content\/uploads\/2017\/05\/20170323_122514.jpg\" rel=\"attachment wp-att-649\"><img decoding=\"async\" class=\"alignnone wp-image-649 size-medium\" src=\"http:\/\/biblioteca.iesalmudeyne.es\/wp-content\/uploads\/2017\/05\/20170323_122514-e1493919632781-169x300.jpg\" alt=\"20170323_122514\" width=\"169\" height=\"300\" srcset=\"https:\/\/biblioteca.iesalmudeyne.es\/wp-content\/uploads\/2017\/05\/20170323_122514-e1493919632781-169x300.jpg 169w, https:\/\/biblioteca.iesalmudeyne.es\/wp-content\/uploads\/2017\/05\/20170323_122514-e1493919632781-200x356.jpg 200w, https:\/\/biblioteca.iesalmudeyne.es\/wp-content\/uploads\/2017\/05\/20170323_122514-e1493919632781-400x711.jpg 400w, https:\/\/biblioteca.iesalmudeyne.es\/wp-content\/uploads\/2017\/05\/20170323_122514-e1493919632781-576x1024.jpg 576w, https:\/\/biblioteca.iesalmudeyne.es\/wp-content\/uploads\/2017\/05\/20170323_122514-e1493919632781-600x1067.jpg 600w, https:\/\/biblioteca.iesalmudeyne.es\/wp-content\/uploads\/2017\/05\/20170323_122514-e1493919632781-768x1365.jpg 768w, https:\/\/biblioteca.iesalmudeyne.es\/wp-content\/uploads\/2017\/05\/20170323_122514-e1493919632781-800x1422.jpg 800w, https:\/\/biblioteca.iesalmudeyne.es\/wp-content\/uploads\/2017\/05\/20170323_122514-e1493919632781-864x1536.jpg 864w, https:\/\/biblioteca.iesalmudeyne.es\/wp-content\/uploads\/2017\/05\/20170323_122514-e1493919632781-1152x2048.jpg 1152w, https:\/\/biblioteca.iesalmudeyne.es\/wp-content\/uploads\/2017\/05\/20170323_122514-e1493919632781-1200x2133.jpg 1200w, https:\/\/biblioteca.iesalmudeyne.es\/wp-content\/uploads\/2017\/05\/20170323_122514-e1493919632781-scaled.jpg 1440w\" sizes=\"(max-width: 169px) 100vw, 169px\" \/><\/a><\/p>\n<p>La idea original viene de la redes, cuando vimos que personas involucradas en el feminismo dise\u00f1aban e imprim\u00edan carteles con estos mensajes para ponerlos en sus institutos y facultades, y pensamos que nosotras tambi\u00e9n podr\u00edamos darle un poquito de voz al feminismo en nuestro instituto con esta acci\u00f3n tan peque\u00f1a pero tan impactante.<\/p>\n<p><a href=\"http:\/\/biblioteca.iesalmudeyne.es\/wp-content\/uploads\/2017\/05\/20170323_122541.jpg\" rel=\"attachment wp-att-650\"><img decoding=\"async\" class=\"alignnone wp-image-650 size-medium\" src=\"http:\/\/biblioteca.iesalmudeyne.es\/wp-content\/uploads\/2017\/05\/20170323_122541-e1493919665201-169x300.jpg\" alt=\"20170323_122541\" width=\"169\" height=\"300\" srcset=\"https:\/\/biblioteca.iesalmudeyne.es\/wp-content\/uploads\/2017\/05\/20170323_122541-e1493919665201-169x300.jpg 169w, https:\/\/biblioteca.iesalmudeyne.es\/wp-content\/uploads\/2017\/05\/20170323_122541-e1493919665201-200x356.jpg 200w, https:\/\/biblioteca.iesalmudeyne.es\/wp-content\/uploads\/2017\/05\/20170323_122541-e1493919665201-400x711.jpg 400w, https:\/\/biblioteca.iesalmudeyne.es\/wp-content\/uploads\/2017\/05\/20170323_122541-e1493919665201-576x1024.jpg 576w, https:\/\/biblioteca.iesalmudeyne.es\/wp-content\/uploads\/2017\/05\/20170323_122541-e1493919665201-600x1067.jpg 600w, https:\/\/biblioteca.iesalmudeyne.es\/wp-content\/uploads\/2017\/05\/20170323_122541-e1493919665201-768x1365.jpg 768w, https:\/\/biblioteca.iesalmudeyne.es\/wp-content\/uploads\/2017\/05\/20170323_122541-e1493919665201-800x1422.jpg 800w, https:\/\/biblioteca.iesalmudeyne.es\/wp-content\/uploads\/2017\/05\/20170323_122541-e1493919665201-864x1536.jpg 864w, https:\/\/biblioteca.iesalmudeyne.es\/wp-content\/uploads\/2017\/05\/20170323_122541-e1493919665201-1152x2048.jpg 1152w, https:\/\/biblioteca.iesalmudeyne.es\/wp-content\/uploads\/2017\/05\/20170323_122541-e1493919665201-1200x2133.jpg 1200w, https:\/\/biblioteca.iesalmudeyne.es\/wp-content\/uploads\/2017\/05\/20170323_122541-e1493919665201-scaled.jpg 1440w\" sizes=\"(max-width: 169px) 100vw, 169px\" \/><\/a><a href=\"http:\/\/biblioteca.iesalmudeyne.es\/wp-content\/uploads\/2017\/05\/20170323_122608.jpg\" rel=\"attachment wp-att-651\"><img decoding=\"async\" class=\"alignnone wp-image-651 size-medium\" src=\"http:\/\/biblioteca.iesalmudeyne.es\/wp-content\/uploads\/2017\/05\/20170323_122608-e1493919696982-169x300.jpg\" alt=\"20170323_122608\" width=\"169\" height=\"300\" srcset=\"https:\/\/biblioteca.iesalmudeyne.es\/wp-content\/uploads\/2017\/05\/20170323_122608-e1493919696982-169x300.jpg 169w, https:\/\/biblioteca.iesalmudeyne.es\/wp-content\/uploads\/2017\/05\/20170323_122608-e1493919696982-200x356.jpg 200w, https:\/\/biblioteca.iesalmudeyne.es\/wp-content\/uploads\/2017\/05\/20170323_122608-e1493919696982-400x711.jpg 400w, https:\/\/biblioteca.iesalmudeyne.es\/wp-content\/uploads\/2017\/05\/20170323_122608-e1493919696982-576x1024.jpg 576w, https:\/\/biblioteca.iesalmudeyne.es\/wp-content\/uploads\/2017\/05\/20170323_122608-e1493919696982-600x1067.jpg 600w, https:\/\/biblioteca.iesalmudeyne.es\/wp-content\/uploads\/2017\/05\/20170323_122608-e1493919696982-768x1365.jpg 768w, https:\/\/biblioteca.iesalmudeyne.es\/wp-content\/uploads\/2017\/05\/20170323_122608-e1493919696982-800x1422.jpg 800w, https:\/\/biblioteca.iesalmudeyne.es\/wp-content\/uploads\/2017\/05\/20170323_122608-e1493919696982-864x1536.jpg 864w, https:\/\/biblioteca.iesalmudeyne.es\/wp-content\/uploads\/2017\/05\/20170323_122608-e1493919696982-1152x2048.jpg 1152w, https:\/\/biblioteca.iesalmudeyne.es\/wp-content\/uploads\/2017\/05\/20170323_122608-e1493919696982-1200x2133.jpg 1200w, https:\/\/biblioteca.iesalmudeyne.es\/wp-content\/uploads\/2017\/05\/20170323_122608-e1493919696982-scaled.jpg 1440w\" sizes=\"(max-width: 169px) 100vw, 169px\" \/><\/a><\/p>\n<p>Nuestra intenci\u00f3n no es otra que condenar la violencia contra las mujeres y empoderarlas, con mensajes como los de \u201cUn no, es un no\u201d, \u201cEl amor no duele, no mata, no humilla\u201d, \u201cSoy la artista, no la musa\u201d, \u201cTodos los cuerpos son v\u00e1lidos\u201d, y todos los dem\u00e1s que se encuentran en las paredes del centro, para que nuestros alumnos y alumnas tomen conciencia sobre la situaci\u00f3n en la que nos encontramos y de c\u00f3mo somos nosotras las que tenemos el poder de cambiar todo aquello que nos perjudica.<\/p>\n<p><a href=\"http:\/\/biblioteca.iesalmudeyne.es\/wp-content\/uploads\/2017\/05\/20170323_122705.jpg\" rel=\"attachment wp-att-653\"><img decoding=\"async\" class=\"alignnone wp-image-653 size-medium\" src=\"http:\/\/biblioteca.iesalmudeyne.es\/wp-content\/uploads\/2017\/05\/20170323_122705-e1493919748290-169x300.jpg\" alt=\"20170323_122705\" width=\"169\" height=\"300\" srcset=\"https:\/\/biblioteca.iesalmudeyne.es\/wp-content\/uploads\/2017\/05\/20170323_122705-e1493919748290-169x300.jpg 169w, https:\/\/biblioteca.iesalmudeyne.es\/wp-content\/uploads\/2017\/05\/20170323_122705-e1493919748290-200x356.jpg 200w, https:\/\/biblioteca.iesalmudeyne.es\/wp-content\/uploads\/2017\/05\/20170323_122705-e1493919748290-400x711.jpg 400w, https:\/\/biblioteca.iesalmudeyne.es\/wp-content\/uploads\/2017\/05\/20170323_122705-e1493919748290-576x1024.jpg 576w, https:\/\/biblioteca.iesalmudeyne.es\/wp-content\/uploads\/2017\/05\/20170323_122705-e1493919748290-600x1067.jpg 600w, https:\/\/biblioteca.iesalmudeyne.es\/wp-content\/uploads\/2017\/05\/20170323_122705-e1493919748290-768x1365.jpg 768w, https:\/\/biblioteca.iesalmudeyne.es\/wp-content\/uploads\/2017\/05\/20170323_122705-e1493919748290-800x1422.jpg 800w, https:\/\/biblioteca.iesalmudeyne.es\/wp-content\/uploads\/2017\/05\/20170323_122705-e1493919748290-864x1536.jpg 864w, https:\/\/biblioteca.iesalmudeyne.es\/wp-content\/uploads\/2017\/05\/20170323_122705-e1493919748290-1152x2048.jpg 1152w, https:\/\/biblioteca.iesalmudeyne.es\/wp-content\/uploads\/2017\/05\/20170323_122705-e1493919748290-1200x2133.jpg 1200w, https:\/\/biblioteca.iesalmudeyne.es\/wp-content\/uploads\/2017\/05\/20170323_122705-e1493919748290-scaled.jpg 1440w\" sizes=\"(max-width: 169px) 100vw, 169px\" \/><\/a><a href=\"http:\/\/biblioteca.iesalmudeyne.es\/wp-content\/uploads\/2017\/05\/20170323_122644.jpg\" rel=\"attachment wp-att-652\"><img decoding=\"async\" class=\"alignnone wp-image-652 size-medium\" src=\"http:\/\/biblioteca.iesalmudeyne.es\/wp-content\/uploads\/2017\/05\/20170323_122644-e1493919719177-169x300.jpg\" alt=\"20170323_122644\" width=\"169\" height=\"300\" srcset=\"https:\/\/biblioteca.iesalmudeyne.es\/wp-content\/uploads\/2017\/05\/20170323_122644-e1493919719177-169x300.jpg 169w, https:\/\/biblioteca.iesalmudeyne.es\/wp-content\/uploads\/2017\/05\/20170323_122644-e1493919719177-200x356.jpg 200w, https:\/\/biblioteca.iesalmudeyne.es\/wp-content\/uploads\/2017\/05\/20170323_122644-e1493919719177-400x711.jpg 400w, https:\/\/biblioteca.iesalmudeyne.es\/wp-content\/uploads\/2017\/05\/20170323_122644-e1493919719177-576x1024.jpg 576w, https:\/\/biblioteca.iesalmudeyne.es\/wp-content\/uploads\/2017\/05\/20170323_122644-e1493919719177-600x1067.jpg 600w, https:\/\/biblioteca.iesalmudeyne.es\/wp-content\/uploads\/2017\/05\/20170323_122644-e1493919719177-768x1365.jpg 768w, https:\/\/biblioteca.iesalmudeyne.es\/wp-content\/uploads\/2017\/05\/20170323_122644-e1493919719177-800x1422.jpg 800w, https:\/\/biblioteca.iesalmudeyne.es\/wp-content\/uploads\/2017\/05\/20170323_122644-e1493919719177-864x1536.jpg 864w, https:\/\/biblioteca.iesalmudeyne.es\/wp-content\/uploads\/2017\/05\/20170323_122644-e1493919719177-1152x2048.jpg 1152w, https:\/\/biblioteca.iesalmudeyne.es\/wp-content\/uploads\/2017\/05\/20170323_122644-e1493919719177-1200x2133.jpg 1200w, https:\/\/biblioteca.iesalmudeyne.es\/wp-content\/uploads\/2017\/05\/20170323_122644-e1493919719177-scaled.jpg 1440w\" sizes=\"(max-width: 169px) 100vw, 169px\" \/><\/a><br \/>\nSon peque\u00f1as acciones como estas las que nos hacen abrir los ojos y continuar luchando para alcanzar, finalmente, grandes objetivos.<\/p>\n","protected":false},"excerpt":{"rendered":"<p>La iniciativa de colgar carteles por nuestro instituto con mensajes [&hellip;]<\/p>\n","protected":false},"author":1,"featured_media":650,"comment_status":"open","ping_status":"open","sticky":false,"template":"","format":"standard","meta":{"footnotes":""},"categories":[1],"tags":[],"class_list":["post-643","post","type-post","status-publish","format-standard","has-post-thumbnail","hentry","category-uncategorized"],"_links":{"self":[{"href":"https:\/\/biblioteca.iesalmudeyne.es\/index.php?rest_route=\/wp\/v2\/posts\/643","targetHints":{"allow":["GET"]}}],"collection":[{"href":"https:\/\/biblioteca.iesalmudeyne.es\/index.php?rest_route=\/wp\/v2\/posts"}],"about":[{"href":"https:\/\/biblioteca.iesalmudeyne.es\/index.php?rest_route=\/wp\/v2\/types\/post"}],"author":[{"embeddable":true,"href":"https:\/\/biblioteca.iesalmudeyne.es\/index.php?rest_route=\/wp\/v2\/users\/1"}],"replies":[{"embeddable":true,"href":"https:\/\/biblioteca.iesalmudeyne.es\/index.php?rest_route=%2Fwp%2Fv2%2Fcomments&post=643"}],"version-history":[{"count":0,"href":"https:\/\/biblioteca.iesalmudeyne.es\/index.php?rest_route=\/wp\/v2\/posts\/643\/revisions"}],"wp:featuredmedia":[{"embeddable":true,"href":"https:\/\/biblioteca.iesalmudeyne.es\/index.php?rest_route=\/wp\/v2\/media\/650"}],"wp:attachment":[{"href":"https:\/\/biblioteca.iesalmudeyne.es\/index.php?rest_route=%2Fwp%2Fv2%2Fmedia&parent=643"}],"wp:term":[{"taxonomy":"category","embeddable":true,"href":"https:\/\/biblioteca.iesalmudeyne.es\/index.php?rest_route=%2Fwp%2Fv2%2Fcategories&post=643"},{"taxonomy":"post_tag","embeddable":true,"href":"https:\/\/biblioteca.iesalmudeyne.es\/index.php?rest_route=%2Fwp%2Fv2%2Ftags&post=643"}],"curies":[{"name":"wp","href":"https:\/\/api.w.org\/{rel}","templated":true}]}}