{"id":66,"date":"2015-12-15T21:21:11","date_gmt":"2015-12-15T20:21:11","guid":{"rendered":"http:\/\/biblioteca.iesalmudeyne.es\/?p=66"},"modified":"2015-12-15T21:21:11","modified_gmt":"2015-12-15T20:21:11","slug":"dia-de-la-lectura-en-andalucia","status":"publish","type":"post","link":"https:\/\/biblioteca.iesalmudeyne.es\/?p=66","title":{"rendered":"D\u00eda de la lectura en Andaluc\u00eda. 16\/12\/2015"},"content":{"rendered":"<p style=\"text-align: center;\"><em><strong><a href=\"http:\/\/biblioteca.iesalmudeyne.es\/wp-content\/uploads\/2015\/12\/2015.dia_.de_.la_.lectura.alocucion.emilio.lledo_.blanco.pdf\" target=\"_blank\" rel=\"noopener\">D\u00eda de la Lectura en Andaluc\u00eda<\/a><\/strong><\/em><\/p>\n<p style=\"text-align: center;\"><em><strong><a href=\"http:\/\/biblioteca.iesalmudeyne.es\/wp-content\/uploads\/2015\/12\/2015.dia_.de_.la_.lectura.alocucion.emilio.lledo_.blanco.pdf\" target=\"_blank\" rel=\"noopener\">Alocuci\u00f3n ciudadana<\/a><\/strong><\/em><\/p>\n<p style=\"text-align: center;\"><em><strong><a href=\"http:\/\/biblioteca.iesalmudeyne.es\/wp-content\/uploads\/2015\/12\/2015.dia_.de_.la_.lectura.alocucion.emilio.lledo_.blanco.pdf\" target=\"_blank\" rel=\"noopener\">LA GRAN CONVERSACION DE LOS SIGLOS<\/a><\/strong><\/em><\/p>\n<p>&nbsp;<\/p>\n<p>En este d\u00eda tan especial como es el d\u00eda de la lectura, debemos reivindicar una figura tan destacad en el panorama filos\u00f3fico espa\u00f1ol como es el sevillano <a href=\"https:\/\/es.wikipedia.org\/wiki\/Emilio_Lled%C3%B3\" target=\"_blank\" rel=\"noopener\">Emilio Lled\u00f3<\/a>, reciente premio Princesa de Asturias e incansable amante de las letras.<\/p>\n<p>Con \u00e9l apostamos por un sistema educativo futuro donde el libro sea el principal protagonista.<\/p>\n<p>&nbsp;<\/p>\n<p>&nbsp;<\/p>\n<p>&nbsp;<\/p>\n","protected":false},"excerpt":{"rendered":"<p>D\u00eda de la Lectura en Andaluc\u00eda Alocuci\u00f3n ciudadana LA GRAN [&hellip;]<\/p>\n","protected":false},"author":1,"featured_media":99,"comment_status":"open","ping_status":"open","sticky":false,"template":"","format":"standard","meta":{"footnotes":""},"categories":[1],"tags":[],"class_list":["post-66","post","type-post","status-publish","format-standard","has-post-thumbnail","hentry","category-uncategorized"],"_links":{"self":[{"href":"https:\/\/biblioteca.iesalmudeyne.es\/index.php?rest_route=\/wp\/v2\/posts\/66","targetHints":{"allow":["GET"]}}],"collection":[{"href":"https:\/\/biblioteca.iesalmudeyne.es\/index.php?rest_route=\/wp\/v2\/posts"}],"about":[{"href":"https:\/\/biblioteca.iesalmudeyne.es\/index.php?rest_route=\/wp\/v2\/types\/post"}],"author":[{"embeddable":true,"href":"https:\/\/biblioteca.iesalmudeyne.es\/index.php?rest_route=\/wp\/v2\/users\/1"}],"replies":[{"embeddable":true,"href":"https:\/\/biblioteca.iesalmudeyne.es\/index.php?rest_route=%2Fwp%2Fv2%2Fcomments&post=66"}],"version-history":[{"count":0,"href":"https:\/\/biblioteca.iesalmudeyne.es\/index.php?rest_route=\/wp\/v2\/posts\/66\/revisions"}],"wp:featuredmedia":[{"embeddable":true,"href":"https:\/\/biblioteca.iesalmudeyne.es\/index.php?rest_route=\/wp\/v2\/media\/99"}],"wp:attachment":[{"href":"https:\/\/biblioteca.iesalmudeyne.es\/index.php?rest_route=%2Fwp%2Fv2%2Fmedia&parent=66"}],"wp:term":[{"taxonomy":"category","embeddable":true,"href":"https:\/\/biblioteca.iesalmudeyne.es\/index.php?rest_route=%2Fwp%2Fv2%2Fcategories&post=66"},{"taxonomy":"post_tag","embeddable":true,"href":"https:\/\/biblioteca.iesalmudeyne.es\/index.php?rest_route=%2Fwp%2Fv2%2Ftags&post=66"}],"curies":[{"name":"wp","href":"https:\/\/api.w.org\/{rel}","templated":true}]}}