{"id":675,"date":"2017-02-19T19:45:16","date_gmt":"2017-02-19T18:45:16","guid":{"rendered":"http:\/\/biblioteca.iesalmudeyne.es\/?p=675"},"modified":"2017-02-19T19:45:16","modified_gmt":"2017-02-19T18:45:16","slug":"novedades-latin","status":"publish","type":"post","link":"https:\/\/biblioteca.iesalmudeyne.es\/?p=675","title":{"rendered":"Novedades Lat\u00edn"},"content":{"rendered":"<h5 align=\"JUSTIFY\"><em><span style=\"font-family: 'Times New Roman', serif;\">El departamento de Lenguas cl\u00e1sicas incorpora este a\u00f1o algunas novedades bibliogr\u00e1ficas\u00a0muy interesantes y de gran actualidad y que se encuentran en su correspondiente estanter\u00eda de la biblioteca. Se trata de novelas hist\u00f3ricas, ambientadas en la \u00e9poca de la Grecia cl\u00e1sica y del Imperio Romano. Si te gusta la historia, disfrutaras mucho con su lectura. Os las recomendamos<\/span><\/em><span style=\"font-family: 'Times New Roman', serif;\">.<\/span><\/h5>\n<p align=\"JUSTIFY\"><b><span style=\"font-family: 'Times New Roman', serif;\">El \u00a0OR\u00c1CULO. <\/span><span style=\"color: #330000;\"><span style=\"font-size: small;\">Valerio Massimo Manfredi (imagen portada)<\/span><\/span><\/b><\/p>\n<p align=\"JUSTIFY\"><span style=\"color: #330000;\"><span style=\"font-family: 'Times New Roman', serif;\"><span style=\"font-size: medium;\"><a href=\"http:\/\/biblioteca.iesalmudeyne.es\/wp-content\/uploads\/2017\/05\/20170213_112140-e1493920717809.jpg\" rel=\"attachment wp-att-656\"><img decoding=\"async\" class=\"size-medium wp-image-656 alignleft\" src=\"http:\/\/biblioteca.iesalmudeyne.es\/wp-content\/uploads\/2017\/05\/20170213_112140-e1493920717809-169x300.jpg\" alt=\"20170213_112140\" width=\"169\" height=\"300\" srcset=\"https:\/\/biblioteca.iesalmudeyne.es\/wp-content\/uploads\/2017\/05\/20170213_112140-e1493920717809-169x300.jpg 169w, https:\/\/biblioteca.iesalmudeyne.es\/wp-content\/uploads\/2017\/05\/20170213_112140-e1493920717809-200x356.jpg 200w, https:\/\/biblioteca.iesalmudeyne.es\/wp-content\/uploads\/2017\/05\/20170213_112140-e1493920717809-400x711.jpg 400w, https:\/\/biblioteca.iesalmudeyne.es\/wp-content\/uploads\/2017\/05\/20170213_112140-e1493920717809-576x1024.jpg 576w, https:\/\/biblioteca.iesalmudeyne.es\/wp-content\/uploads\/2017\/05\/20170213_112140-e1493920717809-600x1067.jpg 600w, https:\/\/biblioteca.iesalmudeyne.es\/wp-content\/uploads\/2017\/05\/20170213_112140-e1493920717809-768x1365.jpg 768w, https:\/\/biblioteca.iesalmudeyne.es\/wp-content\/uploads\/2017\/05\/20170213_112140-e1493920717809-800x1422.jpg 800w, https:\/\/biblioteca.iesalmudeyne.es\/wp-content\/uploads\/2017\/05\/20170213_112140-e1493920717809-864x1536.jpg 864w, https:\/\/biblioteca.iesalmudeyne.es\/wp-content\/uploads\/2017\/05\/20170213_112140-e1493920717809-1152x2048.jpg 1152w, https:\/\/biblioteca.iesalmudeyne.es\/wp-content\/uploads\/2017\/05\/20170213_112140-e1493920717809-1200x2133.jpg 1200w, https:\/\/biblioteca.iesalmudeyne.es\/wp-content\/uploads\/2017\/05\/20170213_112140-e1493920717809-scaled.jpg 1440w\" sizes=\"(max-width: 169px) 100vw, 169px\" \/><\/a>En esta fascinante novela el destacado arque\u00f3logo Valerio Massimo Manfredi hace patente su erudici\u00f3n en temas de la antig\u00fcedad cl\u00e1sica as\u00ed como su destreza en el manejo del suspenso y la trama. En <\/span><\/span><\/span><em><span style=\"color: #330000;\"><span style=\"font-family: 'Times New Roman', serif;\"><span style=\"font-size: medium;\">El Or\u00e1culo,<\/span><\/span><\/span><\/em><span style=\"color: #330000;\"><span style=\"font-family: 'Times New Roman', serif;\"><span style=\"font-size: medium;\">el autor reinterpreta uno de los textos m\u00e1s estudiados de la humanidad &#8211;<\/span><\/span><\/span><em><span style=\"color: #330000;\"><span style=\"font-family: 'Times New Roman', serif;\"><span style=\"font-size: medium;\">La Odisea<\/span><\/span><\/span><\/em><span style=\"color: #330000;\"><span style=\"font-family: 'Times New Roman', serif;\"><span style=\"font-size: medium;\">&#8211; para insertarlo con maestr\u00eda en la \u00e9poca actual. La profundidad con que aborda la situaci\u00f3n y la fluidez de su prosa convierten al lector en testigo de la m\u00e1s sorprendente historia de suspenso y acci\u00f3n.<\/span><\/span><\/span><\/p>\n<p align=\"JUSTIFY\"><span style=\"font-family: 'Times New Roman', serif;\"><span style=\"font-size: medium;\"><span style=\"color: #330000;\">Son cuatrocientas p\u00e1ginas que rezuman saber, citas de Homero y referencias mitol\u00f3gicas; cuatrocientas p\u00e1ginas que se leen con fruici\u00f3n porque este fascinante relato tiene tambi\u00e9n el sabor de quien est\u00e1 familiarizado con la aventura, de quien sabe lo qu\u00e9 significa escarbar con los dedos en la tierra helada en busca de algo que sale a la luz tras milenios de silencio.<\/span><\/span><\/span><\/p>\n<p align=\"JUSTIFY\">.<\/p>\n<p align=\"JUSTIFY\">.<\/p>\n<p align=\"JUSTIFY\"><span style=\"color: #444444;\">\u201c<span style=\"font-family: 'Times New Roman', serif;\"><span style=\"font-size: small;\"><b>PUBLIO VITELIO LONGO Y LA F\u00c1BRICA DE DINERO\u201d. Enrique Santamar\u00eda\u00a0<\/b><\/span><\/span><\/span><span style=\"color: #444444;\"><span style=\"font-family: 'Times New Roman', serif;\"><span style=\"font-size: small;\"><b>(imagen portada)<\/b><\/span><\/span><\/span><\/p>\n<p align=\"JUSTIFY\"><span style=\"color: #444444;\"><span style=\"font-family: 'Times New Roman', serif;\"><span style=\"font-size: medium;\"><a href=\"http:\/\/biblioteca.iesalmudeyne.es\/wp-content\/uploads\/2017\/05\/20170214_141424-e1493920871157.jpg\" rel=\"attachment wp-att-662\"><img decoding=\"async\" class=\"size-medium wp-image-662 alignleft\" src=\"http:\/\/biblioteca.iesalmudeyne.es\/wp-content\/uploads\/2017\/05\/20170214_141424-e1493920871157-169x300.jpg\" alt=\"20170214_141424\" width=\"169\" height=\"300\" srcset=\"https:\/\/biblioteca.iesalmudeyne.es\/wp-content\/uploads\/2017\/05\/20170214_141424-e1493920871157-169x300.jpg 169w, https:\/\/biblioteca.iesalmudeyne.es\/wp-content\/uploads\/2017\/05\/20170214_141424-e1493920871157-200x356.jpg 200w, https:\/\/biblioteca.iesalmudeyne.es\/wp-content\/uploads\/2017\/05\/20170214_141424-e1493920871157-400x711.jpg 400w, https:\/\/biblioteca.iesalmudeyne.es\/wp-content\/uploads\/2017\/05\/20170214_141424-e1493920871157-576x1024.jpg 576w, https:\/\/biblioteca.iesalmudeyne.es\/wp-content\/uploads\/2017\/05\/20170214_141424-e1493920871157-600x1067.jpg 600w, https:\/\/biblioteca.iesalmudeyne.es\/wp-content\/uploads\/2017\/05\/20170214_141424-e1493920871157-768x1365.jpg 768w, https:\/\/biblioteca.iesalmudeyne.es\/wp-content\/uploads\/2017\/05\/20170214_141424-e1493920871157-800x1422.jpg 800w, https:\/\/biblioteca.iesalmudeyne.es\/wp-content\/uploads\/2017\/05\/20170214_141424-e1493920871157-864x1536.jpg 864w, https:\/\/biblioteca.iesalmudeyne.es\/wp-content\/uploads\/2017\/05\/20170214_141424-e1493920871157-1152x2048.jpg 1152w, https:\/\/biblioteca.iesalmudeyne.es\/wp-content\/uploads\/2017\/05\/20170214_141424-e1493920871157-1200x2133.jpg 1200w, https:\/\/biblioteca.iesalmudeyne.es\/wp-content\/uploads\/2017\/05\/20170214_141424-e1493920871157-scaled.jpg 1440w\" sizes=\"(max-width: 169px) 100vw, 169px\" \/><\/a>En la novela, el autor nos presenta a <\/span><\/span><\/span><strong><span style=\"color: #444444;\"><span style=\"font-family: 'Times New Roman', serif;\"><span style=\"font-size: medium;\"><b>Publio Vitelio Longo\u00a0<\/b><\/span><\/span><\/span><\/strong><span style=\"color: #444444;\"><span style=\"font-family: 'Times New Roman', serif;\"><span style=\"font-size: medium;\">narrando <\/span><\/span><\/span><strong><span style=\"color: #444444;\"><span style=\"font-family: 'Times New Roman', serif;\"><span style=\"font-size: medium;\"><b>dos episodios de su vida<\/b><\/span><\/span><\/span><\/strong><span style=\"color: #444444;\"><span style=\"font-family: 'Times New Roman', serif;\"><span style=\"font-size: medium;\">, que se alternan\u00a0<\/span><\/span><\/span><span style=\"color: #444444;\"><span style=\"font-family: 'Times New Roman', serif;\"><span style=\"font-size: medium;\">en cada cap\u00edtulo, y que encajan una con otra seg\u00fan nos acercamos\u00a0<\/span><\/span><\/span><span style=\"color: #444444;\"><span style=\"font-family: 'Times New Roman', serif;\"><span style=\"font-size: medium;\">al desenlace final. La primera transcurre antes de la ca\u00edda de\u00a0<\/span><\/span><\/span><span style=\"color: #444444;\"><span style=\"font-family: 'Times New Roman', serif;\"><span style=\"font-size: medium;\">Sejano, cuando todo indicaba que \u00e9ste se convertir\u00eda en el\u00a0<\/span><\/span><\/span><span style=\"color: #444444;\"> <span style=\"font-family: 'Times New Roman', serif;\"><span style=\"font-size: medium;\">nuevo se\u00f1or de Roma, inviolable e intocable tras la obtenci\u00f3n\u00a0<\/span><\/span><\/span><span style=\"color: #444444;\"><span style=\"font-family: 'Times New Roman', serif;\"><span style=\"font-size: medium;\">del Poder Tribunicio. La segunda tiene lugar despu\u00e9s del\u00a0<\/span><\/span><\/span><span style=\"color: #444444;\"> <span style=\"font-family: 'Times New Roman', serif;\"><span style=\"font-size: medium;\">asesinato del valido, y arranca con una sublevaci\u00f3n popular\u00a0<\/span><\/span><\/span><span style=\"color: #444444;\"> <span style=\"font-family: 'Times New Roman', serif;\"><span style=\"font-size: medium;\">iniciada en la Subura y que r\u00e1pidamente se extiende por toda la\u00a0<\/span><\/span><\/span><span style=\"color: #444444;\"> <span style=\"font-family: 'Times New Roman', serif;\"><span style=\"font-size: medium;\">ciudad, haciendo que caminar por las calles de Roma sea como\u00a0<\/span><\/span><\/span><span style=\"color: #444444;\"> <span style=\"font-family: 'Times New Roman', serif;\"><span style=\"font-size: medium;\">una ruleta rusa donde uno se juega la vida a cada paso que da.<\/span><\/span><\/span><\/p>\n<p align=\"JUSTIFY\"><span style=\"color: #444444;\"><span style=\"font-family: 'Times New Roman', serif;\"><span style=\"font-size: medium;\">En \u201cPublio Vitelio Longo y la f\u00e1brica de dinero\u201d, el autor nos presenta una Roma que se hunde bajo la <\/span><\/span><\/span><strong><span style=\"color: #444444;\"><span style=\"font-family: 'Times New Roman', serif;\"><span style=\"font-size: medium;\"><b>primera crisis financiera global <\/b><\/span><\/span><\/span><\/strong><span style=\"color: #444444;\"><span style=\"font-family: 'Times New Roman', serif;\"><span style=\"font-size: medium;\">de la historia, con un creciente descontento social, con una poblaci\u00f3n que protesta por la carest\u00eda de la vida, un creciente n\u00famero de impagos que lleva a un incremento de los desahucios, un menor valor de los inmuebles y una cada vez mayor escasez de cr\u00e9dito por parte de los bancos, que finalmente tendr\u00e1n que ser rescatados por el Tesoro P\u00fablico. \u00bfNo les parece familiar este escenario? Ante esta situaci\u00f3n, una de las medidas de Tiberio es el incremento de las carreras de cuadrigas en el Circo, que mantiene entretenida a la plebe\u2026 y adem\u00e1s genera ping\u00fces beneficios al Estado gracias a las apuestas.<\/span><\/span><\/span><\/p>\n<p align=\"JUSTIFY\">.<\/p>\n<p align=\"JUSTIFY\"><span style=\"color: #444444;\"><span style=\"font-family: 'Times New Roman', serif;\"><span style=\"font-size: small;\"><b>N\u00c9MESIS. Lindsey Davis (insertar imagen de portada)<\/b><\/span><\/span><\/span><\/p>\n<table border=\"0\" width=\"643\" cellspacing=\"0\" cellpadding=\"0\">\n<colgroup>\n<col width=\"643\" \/><\/colgroup>\n<tbody>\n<tr>\n<td width=\"643\">\n<p align=\"JUSTIFY\"><span style=\"color: #474747;\"><span style=\"font-family: 'Times New Roman', serif;\"><span style=\"font-size: small;\"><span style=\"font-size: medium;\"><a href=\"http:\/\/biblioteca.iesalmudeyne.es\/wp-content\/uploads\/2017\/05\/20170213_112226-e1493921214233.jpg\" rel=\"attachment wp-att-659\"><img decoding=\"async\" class=\"size-medium wp-image-659 alignleft\" src=\"http:\/\/biblioteca.iesalmudeyne.es\/wp-content\/uploads\/2017\/05\/20170213_112226-e1493921214233-169x300.jpg\" alt=\"20170213_112226\" width=\"169\" height=\"300\" srcset=\"https:\/\/biblioteca.iesalmudeyne.es\/wp-content\/uploads\/2017\/05\/20170213_112226-e1493921214233-169x300.jpg 169w, https:\/\/biblioteca.iesalmudeyne.es\/wp-content\/uploads\/2017\/05\/20170213_112226-e1493921214233-200x356.jpg 200w, https:\/\/biblioteca.iesalmudeyne.es\/wp-content\/uploads\/2017\/05\/20170213_112226-e1493921214233-400x711.jpg 400w, https:\/\/biblioteca.iesalmudeyne.es\/wp-content\/uploads\/2017\/05\/20170213_112226-e1493921214233-576x1024.jpg 576w, https:\/\/biblioteca.iesalmudeyne.es\/wp-content\/uploads\/2017\/05\/20170213_112226-e1493921214233-600x1067.jpg 600w, https:\/\/biblioteca.iesalmudeyne.es\/wp-content\/uploads\/2017\/05\/20170213_112226-e1493921214233-768x1365.jpg 768w, https:\/\/biblioteca.iesalmudeyne.es\/wp-content\/uploads\/2017\/05\/20170213_112226-e1493921214233-800x1422.jpg 800w, https:\/\/biblioteca.iesalmudeyne.es\/wp-content\/uploads\/2017\/05\/20170213_112226-e1493921214233-864x1536.jpg 864w, https:\/\/biblioteca.iesalmudeyne.es\/wp-content\/uploads\/2017\/05\/20170213_112226-e1493921214233-1152x2048.jpg 1152w, https:\/\/biblioteca.iesalmudeyne.es\/wp-content\/uploads\/2017\/05\/20170213_112226-e1493921214233-1200x2133.jpg 1200w, https:\/\/biblioteca.iesalmudeyne.es\/wp-content\/uploads\/2017\/05\/20170213_112226-e1493921214233-scaled.jpg 1440w\" sizes=\"(max-width: 169px) 100vw, 169px\" \/><\/a>N\u00e9mesis se abre con dos l\u00edneas argumentales muy distintas que acaban por confluir, en un arranque que ya da el tono de lo que ser\u00e1 la novela. Por un lado, Helena, la esposa de Falco, acaba de perder a un hijo en el parto, y esto la aboca a una amarga depresi\u00f3n, pero, paralelamente, muere tambi\u00e9n el padre de Falco, c\u00e9lebre por sus chanchullos y su vida disipada, quien deja abiertas muchas dudas acerca de d\u00f3nde ir\u00e1 a parar su fortuna y bienes, y anuncia una disputa familiar. En una decisi\u00f3n bastante ins\u00f3lita, y durante unas honras f\u00fanebres que Davis se ocupa de relatar manteni\u00e9ndose muy fiel a los conocimientos hist\u00f3ricos sobre el tema, Falco decide que abuelo y nieto compartan la ceremonia, fusionando simb\u00f3licamente de este modo la tragedia y la comedia. Tampoco faltan otros cad\u00e1veres en esta entrega de la serie, ni las jovencitas a punto de descarriarse, ni los informantes de la peor estofa, ni los chanchullos m\u00e1s deshonestos y rastreros que imaginarse pueda. Ni siquiera una familia de psic\u00f3patas o asesinos en serie a los que nadie parece atreverse a levantarles la voz. Quiz\u00e1s N\u00e9mesis contiene adem\u00e1s alguna de las escenas m\u00e1s duras y violentas jam\u00e1s escritas hasta ahora por Lindsey Davis, y sin duda tambi\u00e9n algunos de los di\u00e1logos m\u00e1s frescos y chispeantes que hayan salido de su pluma. Y el resultado es la mejor novela de este ciclo.<\/span><\/span><\/span><\/span><\/p>\n<\/td>\n<\/tr>\n<tr>\n<td width=\"643\">.<\/p>\n<p>.<\/td>\n<\/tr>\n<tr>\n<td width=\"643\"><span style=\"color: #474747;\"><span style=\"font-family: 'Times New Roman', serif;\"><b>LOS IDUS DE MARZO. La conjura que acab\u00f3 con la vid<\/b><\/span><\/span><span style=\"font-family: 'Times New Roman', serif;\"><b>a de Julio Cesar.<\/b><\/span><span style=\"font-family: 'Times New Roman', serif;\"><span style=\"font-family: Arial, Helvetica, sans-serif;\"><span style=\"font-size: small;\"><b>\u00a0<\/b><\/span><\/span><\/span><span style=\"font-family: 'Times New Roman', serif;\"><b>Valerio<\/b><\/span><span style=\"color: #474747;\"><span style=\"font-family: 'Times New Roman', serif;\"><b> Massimo Manfredi<\/b><\/span><\/span><\/td>\n<\/tr>\n<\/tbody>\n<\/table>\n<p style=\"text-align: justify;\"><span style=\"color: #444444;\"><a href=\"http:\/\/biblioteca.iesalmudeyne.es\/wp-content\/uploads\/2017\/05\/20170213_112236-e1493921432741.jpg\" rel=\"attachment wp-att-660\"><img decoding=\"async\" class=\"size-medium wp-image-660 alignleft\" src=\"http:\/\/biblioteca.iesalmudeyne.es\/wp-content\/uploads\/2017\/05\/20170213_112236-e1493921432741-169x300.jpg\" alt=\"20170213_112236\" width=\"169\" height=\"300\" srcset=\"https:\/\/biblioteca.iesalmudeyne.es\/wp-content\/uploads\/2017\/05\/20170213_112236-e1493921432741-169x300.jpg 169w, https:\/\/biblioteca.iesalmudeyne.es\/wp-content\/uploads\/2017\/05\/20170213_112236-e1493921432741-200x356.jpg 200w, https:\/\/biblioteca.iesalmudeyne.es\/wp-content\/uploads\/2017\/05\/20170213_112236-e1493921432741-400x711.jpg 400w, https:\/\/biblioteca.iesalmudeyne.es\/wp-content\/uploads\/2017\/05\/20170213_112236-e1493921432741-576x1024.jpg 576w, https:\/\/biblioteca.iesalmudeyne.es\/wp-content\/uploads\/2017\/05\/20170213_112236-e1493921432741-600x1067.jpg 600w, https:\/\/biblioteca.iesalmudeyne.es\/wp-content\/uploads\/2017\/05\/20170213_112236-e1493921432741-768x1365.jpg 768w, https:\/\/biblioteca.iesalmudeyne.es\/wp-content\/uploads\/2017\/05\/20170213_112236-e1493921432741-800x1422.jpg 800w, https:\/\/biblioteca.iesalmudeyne.es\/wp-content\/uploads\/2017\/05\/20170213_112236-e1493921432741-864x1536.jpg 864w, https:\/\/biblioteca.iesalmudeyne.es\/wp-content\/uploads\/2017\/05\/20170213_112236-e1493921432741-1152x2048.jpg 1152w, https:\/\/biblioteca.iesalmudeyne.es\/wp-content\/uploads\/2017\/05\/20170213_112236-e1493921432741-1200x2133.jpg 1200w, https:\/\/biblioteca.iesalmudeyne.es\/wp-content\/uploads\/2017\/05\/20170213_112236-e1493921432741-scaled.jpg 1440w\" sizes=\"(max-width: 169px) 100vw, 169px\" \/><\/a><\/span><span style=\"font-family: 'Times New Roman', serif;\"><span style=\"font-size: medium;\"><span style=\"color: #474747;\">Roma, principios de marzo del a\u00f1o 44 a. de C. Cayo Julio C\u00e9sar es un hombre de 56 a\u00f1os, aparentemente en plena forma f\u00edsica pero que en realidad se siente cansado y est\u00e1 enfermo. Adem\u00e1s, su vida corre peligro debido a los repetidos golpes y complots de palacio, urdidos por quienes ven en \u00e9l, desde el paso del Rubic\u00f3n, a un tirano aferrado al poder, culpable de haber puesto fin a la libertad de la Rep\u00fablica. La conspiraci\u00f3n se cierne implacable sobre \u00e9l y ni el sacrificio heroico de Publio Sestio, el m\u00e1s fiel legionario del C\u00e9sar, ni los cuidados amorosos de Calpurnia, ni las atenciones de su amante Servilia, ni las del m\u00e9dico Antistio, ni las del lugarteniente Silvio Salvidieno lograr\u00e1n detenerla. Los presagios se cumplir\u00e1n: los idus de marzo llegar\u00e1n.<\/span><\/span><\/span><\/p>\n<p style=\"text-align: justify;\">.<\/p>\n<p style=\"text-align: justify;\">.<\/p>\n<p style=\"text-align: justify;\">.<\/p>\n<p style=\"text-align: justify;\">.<\/p>\n<p align=\"JUSTIFY\"><strong>SANGRE IMPERIAL. Fabio Sorrentino<\/strong><\/p>\n<p align=\"JUSTIFY\"><span style=\"font-family: 'Times New Roman', serif;\"><span style=\"font-size: medium;\"><a href=\"http:\/\/biblioteca.iesalmudeyne.es\/wp-content\/uploads\/2017\/05\/20170213_112208-e1493921546610.jpg\" rel=\"attachment wp-att-657\"><img decoding=\"async\" class=\"size-medium wp-image-657 alignleft\" src=\"http:\/\/biblioteca.iesalmudeyne.es\/wp-content\/uploads\/2017\/05\/20170213_112208-e1493921546610-169x300.jpg\" alt=\"20170213_112208\" width=\"169\" height=\"300\" srcset=\"https:\/\/biblioteca.iesalmudeyne.es\/wp-content\/uploads\/2017\/05\/20170213_112208-e1493921546610-169x300.jpg 169w, https:\/\/biblioteca.iesalmudeyne.es\/wp-content\/uploads\/2017\/05\/20170213_112208-e1493921546610-200x356.jpg 200w, https:\/\/biblioteca.iesalmudeyne.es\/wp-content\/uploads\/2017\/05\/20170213_112208-e1493921546610-400x711.jpg 400w, https:\/\/biblioteca.iesalmudeyne.es\/wp-content\/uploads\/2017\/05\/20170213_112208-e1493921546610-576x1024.jpg 576w, https:\/\/biblioteca.iesalmudeyne.es\/wp-content\/uploads\/2017\/05\/20170213_112208-e1493921546610-600x1067.jpg 600w, https:\/\/biblioteca.iesalmudeyne.es\/wp-content\/uploads\/2017\/05\/20170213_112208-e1493921546610-768x1365.jpg 768w, https:\/\/biblioteca.iesalmudeyne.es\/wp-content\/uploads\/2017\/05\/20170213_112208-e1493921546610-800x1422.jpg 800w, https:\/\/biblioteca.iesalmudeyne.es\/wp-content\/uploads\/2017\/05\/20170213_112208-e1493921546610-864x1536.jpg 864w, https:\/\/biblioteca.iesalmudeyne.es\/wp-content\/uploads\/2017\/05\/20170213_112208-e1493921546610-1152x2048.jpg 1152w, https:\/\/biblioteca.iesalmudeyne.es\/wp-content\/uploads\/2017\/05\/20170213_112208-e1493921546610-1200x2133.jpg 1200w, https:\/\/biblioteca.iesalmudeyne.es\/wp-content\/uploads\/2017\/05\/20170213_112208-e1493921546610-scaled.jpg 1440w\" sizes=\"(max-width: 169px) 100vw, 169px\" \/><\/a>Tres d\u00edas antes de las nonas de septiembre del a\u00f1o 96 d. C., el princeps peregrinorum Trebonio Macrino, jefe de un servicio de contraespionaje creado por el emperador Domiciano, recibe la orden de dirigirse a la ciudad campana de Liternum en compa\u00f1\u00eda de su fiel liberto Labieno. Desde hace tiempo, un misterioso asesino se ensa\u00f1a con las prostitutas del lupanar m\u00e1s famoso de la colonia, dejando tras de s\u00ed una estela de horror y sangre. Mientras tanto, en Roma, senadores, negociantes y militares traman a espaldas del pr\u00edncipe. Entre reuniones secretas, encuentros aparentemente fortuitos e intuiciones, Macrino y Labieno intentan resolver el caso desesperadamente, sumi\u00e9ndose as\u00ed en una realidad hecha de intrigas, mentiras y mistificaciones. \u00bfConseguir\u00e1 Macrino desenredar la enmara\u00f1ada madeja? \u00bfQu\u00e9 relaci\u00f3n existe entre los casos de Liternum y lo que est\u00e1 a punto de suceder en Roma? Una novela apasionante, en la que los personajes viven plenamente los d\u00edas m\u00e1s gloriosos de la antigua civilizaci\u00f3n latina. <\/span><\/span><span style=\"color: #373737;\"><span style=\"font-family: 'Times New Roman', serif;\"><span style=\"font-size: medium;\"><i>Sangre imperial <\/i><\/span><\/span><\/span><span style=\"color: #373737;\"><span style=\"font-family: 'Times New Roman', serif;\"><span style=\"font-size: medium;\">nos ofrece una trepidante intriga criminal ambientada en la Roma Imperial y revelando una conspiraci\u00f3n que, aun sabiendo el resultado final, no deja de ofrecernos una lectura emocionante y llena de suspense.<\/span><\/span><\/span><\/p>\n<p align=\"JUSTIFY\">.<\/p>\n<p align=\"JUSTIFY\"><span style=\"color: #373737;\"><span style=\"font-family: 'Times New Roman', serif;\"><span style=\"font-size: medium;\"><b>EL ASESINATO DE PIT\u00c1GORAS. Marcos Chicot<\/b><\/span><\/span><\/span><\/p>\n<p align=\"JUSTIFY\"><span style=\"color: #000000;\"><span style=\"font-family: 'Times New Roman', serif;\"><span style=\"font-size: medium;\"><a href=\"http:\/\/biblioteca.iesalmudeyne.es\/wp-content\/uploads\/2017\/05\/20170219_161019-e1493921601358.jpg\" rel=\"attachment wp-att-663\"><img decoding=\"async\" class=\"size-medium wp-image-663 alignleft\" src=\"http:\/\/biblioteca.iesalmudeyne.es\/wp-content\/uploads\/2017\/05\/20170219_161019-e1493921601358-169x300.jpg\" alt=\"20170219_161019\" width=\"169\" height=\"300\" srcset=\"https:\/\/biblioteca.iesalmudeyne.es\/wp-content\/uploads\/2017\/05\/20170219_161019-e1493921601358-169x300.jpg 169w, https:\/\/biblioteca.iesalmudeyne.es\/wp-content\/uploads\/2017\/05\/20170219_161019-e1493921601358-200x356.jpg 200w, https:\/\/biblioteca.iesalmudeyne.es\/wp-content\/uploads\/2017\/05\/20170219_161019-e1493921601358-400x711.jpg 400w, https:\/\/biblioteca.iesalmudeyne.es\/wp-content\/uploads\/2017\/05\/20170219_161019-e1493921601358-576x1024.jpg 576w, https:\/\/biblioteca.iesalmudeyne.es\/wp-content\/uploads\/2017\/05\/20170219_161019-e1493921601358-600x1067.jpg 600w, https:\/\/biblioteca.iesalmudeyne.es\/wp-content\/uploads\/2017\/05\/20170219_161019-e1493921601358-768x1365.jpg 768w, https:\/\/biblioteca.iesalmudeyne.es\/wp-content\/uploads\/2017\/05\/20170219_161019-e1493921601358-800x1422.jpg 800w, https:\/\/biblioteca.iesalmudeyne.es\/wp-content\/uploads\/2017\/05\/20170219_161019-e1493921601358-864x1536.jpg 864w, https:\/\/biblioteca.iesalmudeyne.es\/wp-content\/uploads\/2017\/05\/20170219_161019-e1493921601358-1152x2048.jpg 1152w, https:\/\/biblioteca.iesalmudeyne.es\/wp-content\/uploads\/2017\/05\/20170219_161019-e1493921601358-1200x2133.jpg 1200w, https:\/\/biblioteca.iesalmudeyne.es\/wp-content\/uploads\/2017\/05\/20170219_161019-e1493921601358-scaled.jpg 1440w\" sizes=\"(max-width: 169px) 100vw, 169px\" \/><\/a>El anciano fil\u00f3sofo Pit\u00e1goras, uno de los personajes con m\u00e1s poder de su \u00e9poca, est\u00e1 a punto de elegir un sucesor entre los grandes maestros cuando en su comunidad se inicia una serie de asesinatos. Tras los cr\u00edmenes se atisba una mente oscura y poderosa que parece superar al mism\u00edsimo Pit\u00e1goras. La enigm\u00e1tica Ariadna y el investigador egipcio Aken\u00f3n tratar\u00e1n de descubrir qui\u00e9n es el asesino a la vez que resuelven sus propios sentimientos. Un reto en el que los fantasmas del pasado se unen a las oscuras amenazas del presente\u2026&#8230;.la intriga, el misterio, el romance y los hechos reales se entremezclan a la perfecci\u00f3n&#8230; Todos los personajes son tan interesantes que no sabr\u00e1s por cu\u00e1l de las historias decantarte. Aunque eso no importa, porque sus caminos se cruzar\u00e1n una y otra vez invitando al lector a desentra\u00f1ar el misterio que poco a poco se va tejiendo<\/span><\/span><\/span> <span style=\"font-family: 'Times New Roman', serif;\"><span style=\"font-size: medium;\">hasta la ultima p\u00e1gina.<\/span><\/span><\/p>\n<p align=\"JUSTIFY\">.<\/p>\n<p align=\"JUSTIFY\">.<\/p>\n<p style=\"text-align: justify;\"><b><span style=\"font-family: 'Times New Roman', serif;\"><span style=\"font-size: medium;\">L<\/span><\/span><span style=\"font-family: 'Times New Roman', serif;\"><span style=\"font-size: medium;\">A PLATA DE BRITANIA. Lindsey Davis<\/span><\/span><\/b><\/p>\n<p style=\"text-align: justify;\"><span style=\"color: #161813;\"><span style=\"font-family: Helvetica, Arial, sans-serif;\"><span style=\"font-size: medium;\"><a href=\"http:\/\/biblioteca.iesalmudeyne.es\/wp-content\/uploads\/2017\/05\/20170213_112217-e1493921724446.jpg\" rel=\"attachment wp-att-658\"><img decoding=\"async\" class=\"size-medium wp-image-658 alignleft\" src=\"http:\/\/biblioteca.iesalmudeyne.es\/wp-content\/uploads\/2017\/05\/20170213_112217-e1493921724446-169x300.jpg\" alt=\"20170213_112217\" width=\"169\" height=\"300\" srcset=\"https:\/\/biblioteca.iesalmudeyne.es\/wp-content\/uploads\/2017\/05\/20170213_112217-e1493921724446-169x300.jpg 169w, https:\/\/biblioteca.iesalmudeyne.es\/wp-content\/uploads\/2017\/05\/20170213_112217-e1493921724446-200x356.jpg 200w, https:\/\/biblioteca.iesalmudeyne.es\/wp-content\/uploads\/2017\/05\/20170213_112217-e1493921724446-400x711.jpg 400w, https:\/\/biblioteca.iesalmudeyne.es\/wp-content\/uploads\/2017\/05\/20170213_112217-e1493921724446-576x1024.jpg 576w, https:\/\/biblioteca.iesalmudeyne.es\/wp-content\/uploads\/2017\/05\/20170213_112217-e1493921724446-600x1067.jpg 600w, https:\/\/biblioteca.iesalmudeyne.es\/wp-content\/uploads\/2017\/05\/20170213_112217-e1493921724446-768x1365.jpg 768w, https:\/\/biblioteca.iesalmudeyne.es\/wp-content\/uploads\/2017\/05\/20170213_112217-e1493921724446-800x1422.jpg 800w, https:\/\/biblioteca.iesalmudeyne.es\/wp-content\/uploads\/2017\/05\/20170213_112217-e1493921724446-864x1536.jpg 864w, https:\/\/biblioteca.iesalmudeyne.es\/wp-content\/uploads\/2017\/05\/20170213_112217-e1493921724446-1152x2048.jpg 1152w, https:\/\/biblioteca.iesalmudeyne.es\/wp-content\/uploads\/2017\/05\/20170213_112217-e1493921724446-1200x2133.jpg 1200w, https:\/\/biblioteca.iesalmudeyne.es\/wp-content\/uploads\/2017\/05\/20170213_112217-e1493921724446-scaled.jpg 1440w\" sizes=\"(max-width: 169px) 100vw, 169px\" \/><\/a>En <\/span><\/span><\/span><span style=\"color: #161813;\"><span style=\"font-family: Helvetica, Arial, sans-serif;\"><span style=\"font-size: medium;\">Roma,<\/span><\/span><\/span><span style=\"color: #161813;\"><span style=\"font-family: Helvetica, Arial, sans-serif;\"><span style=\"font-size: medium;\"> en el a\u00f1o 70 d. C., Marco Didio Falco es un c\u00ednico informante de ideas republicanas que un d\u00eda queda prendado de una joven (Sosia Camiliana) envuelta en una conspiraci\u00f3n para derrocar a Vespasiano relacionada con el tr\u00e1fico de lingotes de <\/span><\/span><\/span><span style=\"color: #161813;\"><span style=\"font-family: Helvetica, Arial, sans-serif;\"><span style=\"font-size: medium;\">plata <\/span><\/span><\/span><span style=\"color: #161813;\"><span style=\"font-family: Helvetica, Arial, sans-serif;\"><span style=\"font-size: medium;\">de Britania. Pero Falco no consigue salvarla del ataque de unos peligrosos matones y acepta ser contratado por el t\u00edo de la chica, el senador D\u00e9cimo Camilo Vero, y por el emperador Vespasiano, para embarcar hacia Britania, destapar la conspiraci\u00f3n y resolver el asesinato. Una vez all\u00ed, Falco conoce a una mujer de clase alta, Helena Justina, hija del Senador que le contrat\u00f3. Ambos se profesan una mutua aversi\u00f3n desde el primer momento: \u00e9l odia su clase y ella odia sus prejuicios. Para acometer su misi\u00f3n Falco se infiltrar\u00e1 en una mina de plata como un esclavo, donde conocer\u00e1 el significado de las palabras \u00abodio\u00bb, \u00abmiedo\u00bb y \u00ababuso\u00bb.<\/span><\/span><\/span><\/p>\n<p style=\"text-align: justify;\">.<\/p>\n<p style=\"text-align: center;\"><strong>Si te gustan un mont\u00f3n los libros sobre Roma en esta web encontaras muchas rese\u00f1as!!\u00a0<\/strong><\/p>\n<p style=\"text-align: center;\"><strong>http:\/\/tuslibrosderoma.com\/<\/strong><\/p>\n","protected":false},"excerpt":{"rendered":"<p>El departamento de Lenguas cl\u00e1sicas incorpora este a\u00f1o algunas novedades [&hellip;]<\/p>\n","protected":false},"author":1,"featured_media":661,"comment_status":"open","ping_status":"open","sticky":false,"template":"","format":"standard","meta":{"footnotes":""},"categories":[1],"tags":[],"class_list":["post-675","post","type-post","status-publish","format-standard","has-post-thumbnail","hentry","category-uncategorized"],"_links":{"self":[{"href":"https:\/\/biblioteca.iesalmudeyne.es\/index.php?rest_route=\/wp\/v2\/posts\/675","targetHints":{"allow":["GET"]}}],"collection":[{"href":"https:\/\/biblioteca.iesalmudeyne.es\/index.php?rest_route=\/wp\/v2\/posts"}],"about":[{"href":"https:\/\/biblioteca.iesalmudeyne.es\/index.php?rest_route=\/wp\/v2\/types\/post"}],"author":[{"embeddable":true,"href":"https:\/\/biblioteca.iesalmudeyne.es\/index.php?rest_route=\/wp\/v2\/users\/1"}],"replies":[{"embeddable":true,"href":"https:\/\/biblioteca.iesalmudeyne.es\/index.php?rest_route=%2Fwp%2Fv2%2Fcomments&post=675"}],"version-history":[{"count":0,"href":"https:\/\/biblioteca.iesalmudeyne.es\/index.php?rest_route=\/wp\/v2\/posts\/675\/revisions"}],"wp:featuredmedia":[{"embeddable":true,"href":"https:\/\/biblioteca.iesalmudeyne.es\/index.php?rest_route=\/wp\/v2\/media\/661"}],"wp:attachment":[{"href":"https:\/\/biblioteca.iesalmudeyne.es\/index.php?rest_route=%2Fwp%2Fv2%2Fmedia&parent=675"}],"wp:term":[{"taxonomy":"category","embeddable":true,"href":"https:\/\/biblioteca.iesalmudeyne.es\/index.php?rest_route=%2Fwp%2Fv2%2Fcategories&post=675"},{"taxonomy":"post_tag","embeddable":true,"href":"https:\/\/biblioteca.iesalmudeyne.es\/index.php?rest_route=%2Fwp%2Fv2%2Ftags&post=675"}],"curies":[{"name":"wp","href":"https:\/\/api.w.org\/{rel}","templated":true}]}}