{"id":698,"date":"2017-04-03T20:23:50","date_gmt":"2017-04-03T19:23:50","guid":{"rendered":"http:\/\/biblioteca.iesalmudeyne.es\/?p=698"},"modified":"2017-04-03T20:23:50","modified_gmt":"2017-04-03T19:23:50","slug":"el-poeta-vito-dominguez-encandila-a-nuestros-alumnos-con-el-vertigo-de-sus-versos","status":"publish","type":"post","link":"https:\/\/biblioteca.iesalmudeyne.es\/?p=698","title":{"rendered":"EL POETA VITO DOM\u00cdNGUEZ ENCANDILA A NUESTROS ALUMNOS CON EL V\u00c9RTIGO DE SUS VERSOS"},"content":{"rendered":"<p style=\"text-align: justify;\">El poeta sevillano de Coria del R\u00edo Vito Dom\u00ednguez (1969) ha ofrecido este lunes, en el contexto de la Semana Cultural del IES Almudeyne, una conferencia sobre el ejercicio de la poes\u00eda dirigida principalmente a nuestros alumnos de Bachillerato, que han llenado la biblioteca para escuchar sus reflexiones sobre el ejercicio po\u00e9tico y algunos de los poemas que integran libros suyos como <em>Pronombres personales <\/em>o <em>El v\u00e9rtigo del \u00e1guila<\/em>.<\/p>\n<p style=\"text-align: justify;\"><a href=\"http:\/\/biblioteca.iesalmudeyne.es\/wp-content\/uploads\/2017\/05\/IMG-20170403-WA0003-1024x768.jpg\" rel=\"attachment wp-att-699\"><img decoding=\"async\" class=\"size-medium wp-image-699 aligncenter\" src=\"http:\/\/biblioteca.iesalmudeyne.es\/wp-content\/uploads\/2017\/05\/IMG-20170403-WA0003-1024x768-300x225.jpg\" alt=\"IMG-20170403-WA0003-1024x768\" width=\"300\" height=\"225\" \/><\/a><\/p>\n<p style=\"text-align: justify;\">\u00a0\u00a0\u00a0\u00a0\u00a0\u00a0\u00a0\u00a0\u00a0\u00a0\u00a0 Invitado por al centro por el Departamento de Lengua castellana y Literatura, el poeta se sinti\u00f3 agradecido desde la presentaci\u00f3n que hizo de \u00e9l el profesor Jos\u00e9 Manuel Begines Hormigo, quien destac\u00f3 \u201csu ritmo y su conocimiento cabal de lo que significa un poema\u201d. \u201cDom\u00ednguez\u201d, resalt\u00f3 Begines, \u201cno se equivoca y tiene un sentido del ritmo y de la iron\u00eda verdaderamente admirable\u201d. No en vano, Vito Dom\u00ednguez est\u00e1 en posesi\u00f3n de premios como el Universidad de Sevilla de Poes\u00eda 2001 o el Premio Adonais (2003).<\/p>\n<p style=\"text-align: center;\"><a href=\"http:\/\/biblioteca.iesalmudeyne.es\/wp-content\/uploads\/2017\/05\/IMG-20170403-WA0007-1024x575.jpg\" rel=\"attachment wp-att-702\"><img decoding=\"async\" class=\"alignnone size-medium wp-image-702\" src=\"http:\/\/biblioteca.iesalmudeyne.es\/wp-content\/uploads\/2017\/05\/IMG-20170403-WA0007-1024x575-300x168.jpg\" alt=\"IMG-20170403-WA0007-1024x575\" width=\"300\" height=\"168\" \/><\/a><\/p>\n<p style=\"text-align: justify;\">\u00a0\u00a0\u00a0\u00a0\u00a0\u00a0\u00a0\u00a0\u00a0\u00a0\u00a0 El escritor colabora habitualmente en revistas como <em>Cuadernos de Creaci\u00f3n, Nueva Grecia <\/em>o<em> Estaci\u00f3n Poes\u00eda<\/em>, entre otras. En su encuentro con los alumnos del Almudeyne no le cost\u00f3 enganchar a su auditorio con el recitado de algunos de sus versos. Explic\u00f3 algunos de los conceptos fundamentales de la poes\u00eda desde antiguo, valor\u00f3 la experiencia lectora como condicionante necesario para convertirse en poeta y advirti\u00f3 de determinadas falacias que el mercado impone como falsa poes\u00eda. \u201cEl poeta se hace, no nace. Le pasa como a un piloto de f\u00f3rmula uno\u201d, dijo. Y frente a las preguntas del p\u00fablico, que fueron variadas e interesantes, volvi\u00f3 a insistir en que la poes\u00eda es un artificio para el que es necesario \u201cconocimiento y racionalidad\u201d. \u201cNo se trata tanto de expresar sentimientos\u201d, dijo, \u201csino de hacer despertar los sentimientos del lector, y entonces el poema ya no es tanto del poeta como de quien lo lee\u201d.<\/p>\n<p style=\"text-align: center;\"><a href=\"http:\/\/biblioteca.iesalmudeyne.es\/wp-content\/uploads\/2017\/05\/IMG-20170403-WA0006-2-1024x575.jpg\" rel=\"attachment wp-att-701\"><img decoding=\"async\" class=\"alignnone size-medium wp-image-701\" src=\"http:\/\/biblioteca.iesalmudeyne.es\/wp-content\/uploads\/2017\/05\/IMG-20170403-WA0006-2-1024x575-300x168.jpg\" alt=\"IMG-20170403-WA0006-2-1024x575\" width=\"300\" height=\"168\" \/><\/a> <a href=\"http:\/\/biblioteca.iesalmudeyne.es\/wp-content\/uploads\/2017\/05\/IMG-20170403-WA0005-1024x768.jpg\" rel=\"attachment wp-att-700\"><img decoding=\"async\" class=\"alignnone size-medium wp-image-700\" src=\"http:\/\/biblioteca.iesalmudeyne.es\/wp-content\/uploads\/2017\/05\/IMG-20170403-WA0005-1024x768-300x225.jpg\" alt=\"IMG-20170403-WA0005-1024x768\" width=\"300\" height=\"225\" \/><\/a><\/p>\n<p style=\"text-align: justify;\">\u00a0\u00a0\u00a0\u00a0\u00a0\u00a0\u00a0\u00a0\u00a0\u00a0\u00a0 El acto termin\u00f3 con un fuerte aplauso y con la entrega al invitado de un estuche de vinos de la tierra.<\/p>\n<p style=\"text-align: right;\"><strong>Escrito por \u00c1lvaro Romero<\/strong><\/p>\n","protected":false},"excerpt":{"rendered":"<p>El poeta sevillano de Coria del R\u00edo Vito Dom\u00ednguez (1969) [&hellip;]<\/p>\n","protected":false},"author":1,"featured_media":699,"comment_status":"open","ping_status":"open","sticky":false,"template":"","format":"standard","meta":{"footnotes":""},"categories":[1],"tags":[],"class_list":["post-698","post","type-post","status-publish","format-standard","has-post-thumbnail","hentry","category-uncategorized"],"_links":{"self":[{"href":"https:\/\/biblioteca.iesalmudeyne.es\/index.php?rest_route=\/wp\/v2\/posts\/698","targetHints":{"allow":["GET"]}}],"collection":[{"href":"https:\/\/biblioteca.iesalmudeyne.es\/index.php?rest_route=\/wp\/v2\/posts"}],"about":[{"href":"https:\/\/biblioteca.iesalmudeyne.es\/index.php?rest_route=\/wp\/v2\/types\/post"}],"author":[{"embeddable":true,"href":"https:\/\/biblioteca.iesalmudeyne.es\/index.php?rest_route=\/wp\/v2\/users\/1"}],"replies":[{"embeddable":true,"href":"https:\/\/biblioteca.iesalmudeyne.es\/index.php?rest_route=%2Fwp%2Fv2%2Fcomments&post=698"}],"version-history":[{"count":0,"href":"https:\/\/biblioteca.iesalmudeyne.es\/index.php?rest_route=\/wp\/v2\/posts\/698\/revisions"}],"wp:featuredmedia":[{"embeddable":true,"href":"https:\/\/biblioteca.iesalmudeyne.es\/index.php?rest_route=\/wp\/v2\/media\/699"}],"wp:attachment":[{"href":"https:\/\/biblioteca.iesalmudeyne.es\/index.php?rest_route=%2Fwp%2Fv2%2Fmedia&parent=698"}],"wp:term":[{"taxonomy":"category","embeddable":true,"href":"https:\/\/biblioteca.iesalmudeyne.es\/index.php?rest_route=%2Fwp%2Fv2%2Fcategories&post=698"},{"taxonomy":"post_tag","embeddable":true,"href":"https:\/\/biblioteca.iesalmudeyne.es\/index.php?rest_route=%2Fwp%2Fv2%2Ftags&post=698"}],"curies":[{"name":"wp","href":"https:\/\/api.w.org\/{rel}","templated":true}]}}