{"id":704,"date":"2017-05-01T20:31:51","date_gmt":"2017-05-01T19:31:51","guid":{"rendered":"http:\/\/biblioteca.iesalmudeyne.es\/?p=704"},"modified":"2017-05-01T20:31:51","modified_gmt":"2017-05-01T19:31:51","slug":"mercadillo-solidario","status":"publish","type":"post","link":"https:\/\/biblioteca.iesalmudeyne.es\/?p=704","title":{"rendered":"Mercadillo solidario"},"content":{"rendered":"<p>Este curso hemos vuelto a poner en marcha, por tercer a\u00f1o consecutivo, nuestro mercadillo solidario, que se ha celebrado los d\u00edas 25 y 26 de abril, con varios objetivos importantes:<\/p>\n<ul>\n<li>\n<p align=\"left\">Generar actitudes solidarias<\/p>\n<\/li>\n<li>\n<p align=\"left\">Celebrar el D\u00eda Mundial del libro.<\/p>\n<\/li>\n<li>\n<p align=\"left\">Fomentar el intercambio de libros.<\/p>\n<\/li>\n<li>\n<p align=\"left\">Animar a la lectura. Acercar a los alumnos a los libros y a la lectura.<\/p>\n<\/li>\n<li>\n<p align=\"left\">Incluir a toda la comunidad educativa en las actividades de la biblioteca.<\/p>\n<p><img decoding=\"async\" class=\"aligncenter wp-image-823 size-large\" src=\"http:\/\/revistadigital.iesalmudeyne.es\/wp-content\/uploads\/2017\/05\/20170425_102651-e1493671515248-576x1024.jpg\" sizes=\"(max-width: 525px) 100vw, 525px\" srcset=\"http:\/\/revistadigital.iesalmudeyne.es\/wp-content\/uploads\/2017\/05\/20170425_102651-e1493671515248-576x1024.jpg 576w, http:\/\/revistadigital.iesalmudeyne.es\/wp-content\/uploads\/2017\/05\/20170425_102651-e1493671515248-169x300.jpg 169w, http:\/\/revistadigital.iesalmudeyne.es\/wp-content\/uploads\/2017\/05\/20170425_102651-e1493671515248-768x1365.jpg 768w\" alt=\"\" width=\"525\" height=\"933\" \/><\/li>\n<\/ul>\n<p align=\"left\">En esta ocasi\u00f3n hemos ofrecido, entre otros g\u00e9neros, una buena selecci\u00f3n de comics que han tenido muy buena acogida por parte del alumnado y que se ha vendido casi en su totalidad, teniendo en cuenta el bajo precio (0,50, 1 y 2 euros) s\u00ed que una buena cantidad de libros han cambiado de manos.<\/p>\n<p align=\"left\"><img decoding=\"async\" class=\"aligncenter wp-image-824\" src=\"http:\/\/revistadigital.iesalmudeyne.es\/wp-content\/uploads\/2017\/05\/20170425_103410-e1493671658674-576x1024.jpg\" sizes=\"(max-width: 432px) 100vw, 432px\" srcset=\"http:\/\/revistadigital.iesalmudeyne.es\/wp-content\/uploads\/2017\/05\/20170425_103410-e1493671658674-576x1024.jpg 576w, http:\/\/revistadigital.iesalmudeyne.es\/wp-content\/uploads\/2017\/05\/20170425_103410-e1493671658674-169x300.jpg 169w, http:\/\/revistadigital.iesalmudeyne.es\/wp-content\/uploads\/2017\/05\/20170425_103410-e1493671658674-768x1365.jpg 768w\" alt=\"\" width=\"432\" height=\"768\" \/><\/p>\n<p align=\"left\">En esta edici\u00f3n la recaudaci\u00f3n ha ascendido a algo mas de 200 euros que, aunque no parece mucho, pero curiosamente, al cambio con la moneda de Senegal supone un montante de 131.191,40 francos africanos y \u2026.\u00a1esto si que parece mucho!. Pr\u00f3ximamente llegaran a una residencia de ni\u00f1os discapacitados en la ciudad de Cap Skirring a trav\u00e9s de nuestra compa\u00f1era Rosa Mu\u00f1oz.<\/p>\n<p align=\"left\">Esperamos que para ellos suponga una gran ayuda.<img decoding=\"async\" class=\"aligncenter size-large wp-image-827\" src=\"http:\/\/revistadigital.iesalmudeyne.es\/wp-content\/uploads\/2017\/05\/20170425_102706-e1493671835463-576x1024.jpg\" sizes=\"(max-width: 525px) 100vw, 525px\" srcset=\"http:\/\/revistadigital.iesalmudeyne.es\/wp-content\/uploads\/2017\/05\/20170425_102706-e1493671835463-576x1024.jpg 576w, http:\/\/revistadigital.iesalmudeyne.es\/wp-content\/uploads\/2017\/05\/20170425_102706-e1493671835463-169x300.jpg 169w, http:\/\/revistadigital.iesalmudeyne.es\/wp-content\/uploads\/2017\/05\/20170425_102706-e1493671835463-768x1365.jpg 768w\" alt=\"\" width=\"525\" height=\"933\" \/><\/p>\n<p align=\"left\"><img decoding=\"async\" class=\"aligncenter size-large wp-image-825\" src=\"http:\/\/revistadigital.iesalmudeyne.es\/wp-content\/uploads\/2017\/05\/IMG-20170428-WA0006-1024x768.jpg\" sizes=\"(max-width: 525px) 100vw, 525px\" srcset=\"http:\/\/revistadigital.iesalmudeyne.es\/wp-content\/uploads\/2017\/05\/IMG-20170428-WA0006-1024x768.jpg 1024w, http:\/\/revistadigital.iesalmudeyne.es\/wp-content\/uploads\/2017\/05\/IMG-20170428-WA0006-300x225.jpg 300w, http:\/\/revistadigital.iesalmudeyne.es\/wp-content\/uploads\/2017\/05\/IMG-20170428-WA0006-768x576.jpg 768w, http:\/\/revistadigital.iesalmudeyne.es\/wp-content\/uploads\/2017\/05\/IMG-20170428-WA0006.jpg 1600w\" alt=\"\" width=\"525\" height=\"394\" \/><\/p>\n<p align=\"left\"><img decoding=\"async\" class=\"aligncenter size-large wp-image-826\" src=\"http:\/\/revistadigital.iesalmudeyne.es\/wp-content\/uploads\/2017\/05\/20170426_095925-e1493671801647-576x1024.jpg\" sizes=\"(max-width: 525px) 100vw, 525px\" srcset=\"http:\/\/revistadigital.iesalmudeyne.es\/wp-content\/uploads\/2017\/05\/20170426_095925-e1493671801647-576x1024.jpg 576w, http:\/\/revistadigital.iesalmudeyne.es\/wp-content\/uploads\/2017\/05\/20170426_095925-e1493671801647-169x300.jpg 169w, http:\/\/revistadigital.iesalmudeyne.es\/wp-content\/uploads\/2017\/05\/20170426_095925-e1493671801647-768x1365.jpg 768w\" alt=\"\" width=\"525\" height=\"933\" \/><\/p>\n","protected":false},"excerpt":{"rendered":"<p>Este curso hemos vuelto a poner en marcha, por tercer [&hellip;]<\/p>\n","protected":false},"author":1,"featured_media":711,"comment_status":"open","ping_status":"open","sticky":false,"template":"","format":"standard","meta":{"footnotes":""},"categories":[1],"tags":[],"class_list":["post-704","post","type-post","status-publish","format-standard","has-post-thumbnail","hentry","category-uncategorized"],"_links":{"self":[{"href":"https:\/\/biblioteca.iesalmudeyne.es\/index.php?rest_route=\/wp\/v2\/posts\/704","targetHints":{"allow":["GET"]}}],"collection":[{"href":"https:\/\/biblioteca.iesalmudeyne.es\/index.php?rest_route=\/wp\/v2\/posts"}],"about":[{"href":"https:\/\/biblioteca.iesalmudeyne.es\/index.php?rest_route=\/wp\/v2\/types\/post"}],"author":[{"embeddable":true,"href":"https:\/\/biblioteca.iesalmudeyne.es\/index.php?rest_route=\/wp\/v2\/users\/1"}],"replies":[{"embeddable":true,"href":"https:\/\/biblioteca.iesalmudeyne.es\/index.php?rest_route=%2Fwp%2Fv2%2Fcomments&post=704"}],"version-history":[{"count":0,"href":"https:\/\/biblioteca.iesalmudeyne.es\/index.php?rest_route=\/wp\/v2\/posts\/704\/revisions"}],"wp:featuredmedia":[{"embeddable":true,"href":"https:\/\/biblioteca.iesalmudeyne.es\/index.php?rest_route=\/wp\/v2\/media\/711"}],"wp:attachment":[{"href":"https:\/\/biblioteca.iesalmudeyne.es\/index.php?rest_route=%2Fwp%2Fv2%2Fmedia&parent=704"}],"wp:term":[{"taxonomy":"category","embeddable":true,"href":"https:\/\/biblioteca.iesalmudeyne.es\/index.php?rest_route=%2Fwp%2Fv2%2Fcategories&post=704"},{"taxonomy":"post_tag","embeddable":true,"href":"https:\/\/biblioteca.iesalmudeyne.es\/index.php?rest_route=%2Fwp%2Fv2%2Ftags&post=704"}],"curies":[{"name":"wp","href":"https:\/\/api.w.org\/{rel}","templated":true}]}}