{"id":712,"date":"2017-04-04T20:39:19","date_gmt":"2017-04-04T19:39:19","guid":{"rendered":"http:\/\/biblioteca.iesalmudeyne.es\/?p=712"},"modified":"2017-04-04T20:39:19","modified_gmt":"2017-04-04T19:39:19","slug":"alvaro-begines-de-cine","status":"publish","type":"post","link":"https:\/\/biblioteca.iesalmudeyne.es\/?p=712","title":{"rendered":"\u00c1lvaro Begines&#8230;.de cine"},"content":{"rendered":"<p style=\"text-align: justify;\">El m\u00fasico, director y productor cinematogr\u00e1fico palaciego \u00c1LVARO BEGINES ha participado, hoy, en las jornadas culturales que organiza el IES Almudeyne, con una charla-coloquio cuyo tema central ha sido el cine, y en la que ha tratado aspectos que tocan lo esencialmente art\u00edstico de la cinematograf\u00eda hasta aspectos m\u00e1s mundanos, como por ejemplo las dificultades para concluir un film o la necesaria inversi\u00f3n econ\u00f3mica.<\/p>\n<p style=\"text-align: justify;\"><img decoding=\"async\" class=\"aligncenter wp-image-317 size-large\" src=\"http:\/\/revistadigital.iesalmudeyne.es\/wp-content\/uploads\/2017\/04\/1-768x1024.jpg\" sizes=\"(max-width: 525px) 100vw, 525px\" srcset=\"http:\/\/revistadigital.iesalmudeyne.es\/wp-content\/uploads\/2017\/04\/1-768x1024.jpg 768w, http:\/\/revistadigital.iesalmudeyne.es\/wp-content\/uploads\/2017\/04\/1-225x300.jpg 225w, http:\/\/revistadigital.iesalmudeyne.es\/wp-content\/uploads\/2017\/04\/1.jpg 1200w\" alt=\"\" width=\"525\" height=\"700\" \/><\/p>\n<p style=\"text-align: justify;\">\u00c1lvaro Romero, profesor de Lengua Castellana y Literatura y moderador del coloquio, agradeci\u00f3 la disponibilidad con la que \u00c1LVARO BEGINES acept\u00f3 su invitaci\u00f3n y destac\u00f3, en la presentaci\u00f3n del acto, no solo su discograf\u00eda como integrante del grupo \u201cNo me pises que llevo chanclas\u201d sino su filmograf\u00eda como director y productor: <em>\u00bfPor qu\u00e9 se frotan las patitas?<\/em>, <em>Un mundo cuadrado <\/em>o <em>A cambio de nada <\/em>, pel\u00edcula esta \u00faltima merecedora de dos Goyas o premio Biznaga de Oro a la mejor pel\u00edcula en el Festival de M\u00e1laga. Igualmente, se\u00f1al\u00f3 la importancia del documental con motivo del 25 aniversario del nacimiento de <em>Los chanclas<\/em> y del Agropop.<\/p>\n<p style=\"text-align: justify;\">\u00c1LVARO BEGINES trat\u00f3 diferentes temas interesantes para los alumnos de segundo ciclo de la ESO, Bachillerato y Ciclos Formativos que abarrotaban la biblioteca del centro: la importancia de las buenas ideas, la necesidad del esfuerzo y de aprovechar las facilidades que ofrecen las nuevas tecnolog\u00edas y, fundamentalmente, hablar de lo que est\u00e1 m\u00e1s cerca y lo que se conoce mejor. \u201cCuando nosotros empezamos\u201d, comentaba a prop\u00f3sito de <em>Los chanclas<\/em>, \u201cquer\u00edamos imitar a los de Sevilla y de otros sitios, pero aquello no serv\u00eda. Solo triunfamos cuando fuimos nosotros mismos y habl\u00e1bamos de lo que conoc\u00edamos\u201d.<\/p>\n<p style=\"text-align: justify;\"><img decoding=\"async\" class=\"wp-image-318 size-large aligncenter\" src=\"http:\/\/revistadigital.iesalmudeyne.es\/wp-content\/uploads\/2017\/04\/2-1024x768.jpg\" sizes=\"(max-width: 525px) 100vw, 525px\" srcset=\"http:\/\/revistadigital.iesalmudeyne.es\/wp-content\/uploads\/2017\/04\/2-1024x768.jpg 1024w, http:\/\/revistadigital.iesalmudeyne.es\/wp-content\/uploads\/2017\/04\/2-300x225.jpg 300w, http:\/\/revistadigital.iesalmudeyne.es\/wp-content\/uploads\/2017\/04\/2-768x576.jpg 768w, http:\/\/revistadigital.iesalmudeyne.es\/wp-content\/uploads\/2017\/04\/2.jpg 1600w\" alt=\"\" width=\"525\" height=\"394\" \/><\/p>\n<p style=\"text-align: justify;\">Uno de los momentos m\u00e1s entra\u00f1ables se vivi\u00f3 al proyectar el <em>teaser<\/em>del documental <em>Por humor a la m\u00fasica<\/em>, en la que \u00c1LVARO BEGINES hace un recorrido por la trayectoria de <em>Los chanclas<\/em>. Se produjo un di\u00e1logo que trascend\u00eda lo generacional a partir de un mismo mensaje: los profesores reviv\u00edan sus a\u00f1os de adolescentes cuando cantaban el \u201c\u00bfY t\u00fa de qui\u00e9n eres?\u201d o \u201cLas calles de Chicago\u201d y los adolescentes se concentraban en las dotes art\u00edsticas y cinematogr\u00e1ficas del invitado. Al final del acto, naturalmente, los profesores y las profesoras ped\u00edan fotografiarse con uno de los integrantes fundamentales de los \u201cNo me pises que llevo chanclas\u201d; los adolescentes le ped\u00edan aut\u00f3grafos al director de <em>\u00bfPor qu\u00e9 se frotan las patitas?<\/em> En fin, a \u00c1LVARO BEGINES.<\/p>\n<p style=\"text-align: right;\">Escrito por Jos\u00e9 Manuel Begines.<\/p>\n","protected":false},"excerpt":{"rendered":"<p>El m\u00fasico, director y productor cinematogr\u00e1fico palaciego \u00c1LVARO BEGINES ha [&hellip;]<\/p>\n","protected":false},"author":1,"featured_media":540,"comment_status":"open","ping_status":"open","sticky":false,"template":"","format":"standard","meta":{"footnotes":""},"categories":[1],"tags":[],"class_list":["post-712","post","type-post","status-publish","format-standard","has-post-thumbnail","hentry","category-uncategorized"],"_links":{"self":[{"href":"https:\/\/biblioteca.iesalmudeyne.es\/index.php?rest_route=\/wp\/v2\/posts\/712","targetHints":{"allow":["GET"]}}],"collection":[{"href":"https:\/\/biblioteca.iesalmudeyne.es\/index.php?rest_route=\/wp\/v2\/posts"}],"about":[{"href":"https:\/\/biblioteca.iesalmudeyne.es\/index.php?rest_route=\/wp\/v2\/types\/post"}],"author":[{"embeddable":true,"href":"https:\/\/biblioteca.iesalmudeyne.es\/index.php?rest_route=\/wp\/v2\/users\/1"}],"replies":[{"embeddable":true,"href":"https:\/\/biblioteca.iesalmudeyne.es\/index.php?rest_route=%2Fwp%2Fv2%2Fcomments&post=712"}],"version-history":[{"count":0,"href":"https:\/\/biblioteca.iesalmudeyne.es\/index.php?rest_route=\/wp\/v2\/posts\/712\/revisions"}],"wp:featuredmedia":[{"embeddable":true,"href":"https:\/\/biblioteca.iesalmudeyne.es\/index.php?rest_route=\/wp\/v2\/media\/540"}],"wp:attachment":[{"href":"https:\/\/biblioteca.iesalmudeyne.es\/index.php?rest_route=%2Fwp%2Fv2%2Fmedia&parent=712"}],"wp:term":[{"taxonomy":"category","embeddable":true,"href":"https:\/\/biblioteca.iesalmudeyne.es\/index.php?rest_route=%2Fwp%2Fv2%2Fcategories&post=712"},{"taxonomy":"post_tag","embeddable":true,"href":"https:\/\/biblioteca.iesalmudeyne.es\/index.php?rest_route=%2Fwp%2Fv2%2Ftags&post=712"}],"curies":[{"name":"wp","href":"https:\/\/api.w.org\/{rel}","templated":true}]}}