{"id":714,"date":"2017-04-24T20:49:06","date_gmt":"2017-04-24T19:49:06","guid":{"rendered":"http:\/\/biblioteca.iesalmudeyne.es\/?p=714"},"modified":"2017-04-24T20:49:06","modified_gmt":"2017-04-24T19:49:06","slug":"dia-del-libro-2017","status":"publish","type":"post","link":"https:\/\/biblioteca.iesalmudeyne.es\/?p=714","title":{"rendered":"D\u00eda del libro 2017"},"content":{"rendered":"<header class=\"entry-header\">\n<h1 class=\"entry-title\">NUESTRO HOMENAJE AL LIBRO: LA LITERATURA POPULAR DE LOS PALACIOS Y VILLAFRANCA.<\/h1>\n<\/header>\n<div class=\"entry-content\">\n<p style=\"text-align: justify;\">Los alumnos de 2\u00ba ESO-A y 3\u00ba ESO-A est\u00e1n elaborando libros artesanales, escritos e ilustrados por ellos mismos, que recogen poemas, leyendas y canciones populares de nuestro pueblo.<\/p>\n<p style=\"text-align: justify;\"><img decoding=\"async\" class=\"size-medium wp-image-721 aligncenter\" src=\"http:\/\/revistadigital.iesalmudeyne.es\/wp-content\/uploads\/2017\/04\/P1090127-1-300x225.jpg\" sizes=\"(max-width: 300px) 100vw, 300px\" srcset=\"http:\/\/revistadigital.iesalmudeyne.es\/wp-content\/uploads\/2017\/04\/P1090127-1-300x225.jpg 300w, http:\/\/revistadigital.iesalmudeyne.es\/wp-content\/uploads\/2017\/04\/P1090127-1-768x576.jpg 768w, http:\/\/revistadigital.iesalmudeyne.es\/wp-content\/uploads\/2017\/04\/P1090127-1-1024x768.jpg 1024w\" alt=\"\" width=\"300\" height=\"225\" \/><img decoding=\"async\" class=\"size-medium wp-image-723 aligncenter\" src=\"http:\/\/revistadigital.iesalmudeyne.es\/wp-content\/uploads\/2017\/04\/20170406_121752-1-300x180.jpg\" sizes=\"(max-width: 300px) 100vw, 300px\" srcset=\"http:\/\/revistadigital.iesalmudeyne.es\/wp-content\/uploads\/2017\/04\/20170406_121752-1-300x180.jpg 300w, http:\/\/revistadigital.iesalmudeyne.es\/wp-content\/uploads\/2017\/04\/20170406_121752-1-768x461.jpg 768w, http:\/\/revistadigital.iesalmudeyne.es\/wp-content\/uploads\/2017\/04\/20170406_121752-1-1024x614.jpg 1024w\" alt=\"\" width=\"300\" height=\"180\" \/><img decoding=\"async\" class=\"size-medium wp-image-724 aligncenter\" src=\"http:\/\/revistadigital.iesalmudeyne.es\/wp-content\/uploads\/2017\/04\/20170406_121826-1-300x180.jpg\" sizes=\"(max-width: 300px) 100vw, 300px\" srcset=\"http:\/\/revistadigital.iesalmudeyne.es\/wp-content\/uploads\/2017\/04\/20170406_121826-1-300x180.jpg 300w, http:\/\/revistadigital.iesalmudeyne.es\/wp-content\/uploads\/2017\/04\/20170406_121826-1-768x461.jpg 768w, http:\/\/revistadigital.iesalmudeyne.es\/wp-content\/uploads\/2017\/04\/20170406_121826-1-1024x614.jpg 1024w\" alt=\"\" width=\"300\" height=\"180\" \/><\/p>\n<p style=\"text-align: justify;\">La recogida de materiales se ha hecho con la participaci\u00f3n de las familias de estos alumnos y el trabajo en el aula de Lengua Castellana y Literatura de conocidos romances palaciegos, recopilados por prestigiosos estudiosos de las costumbres locales: Claudio Maestre, Antonio Cruzado, Romero Murube.<\/p>\n<p style=\"text-align: justify;\"><img decoding=\"async\" class=\"size-medium wp-image-720 aligncenter\" src=\"http:\/\/revistadigital.iesalmudeyne.es\/wp-content\/uploads\/2017\/04\/P1090137-1-300x225.jpg\" sizes=\"(max-width: 300px) 100vw, 300px\" srcset=\"http:\/\/revistadigital.iesalmudeyne.es\/wp-content\/uploads\/2017\/04\/P1090137-1-300x225.jpg 300w, http:\/\/revistadigital.iesalmudeyne.es\/wp-content\/uploads\/2017\/04\/P1090137-1-768x576.jpg 768w, http:\/\/revistadigital.iesalmudeyne.es\/wp-content\/uploads\/2017\/04\/P1090137-1-1024x768.jpg 1024w\" alt=\"\" width=\"300\" height=\"225\" \/> <img decoding=\"async\" class=\"size-medium wp-image-725 aligncenter\" src=\"http:\/\/revistadigital.iesalmudeyne.es\/wp-content\/uploads\/2017\/04\/20170406_121902-1-300x180.jpg\" sizes=\"(max-width: 300px) 100vw, 300px\" srcset=\"http:\/\/revistadigital.iesalmudeyne.es\/wp-content\/uploads\/2017\/04\/20170406_121902-1-300x180.jpg 300w, http:\/\/revistadigital.iesalmudeyne.es\/wp-content\/uploads\/2017\/04\/20170406_121902-1-768x461.jpg 768w, http:\/\/revistadigital.iesalmudeyne.es\/wp-content\/uploads\/2017\/04\/20170406_121902-1-1024x614.jpg 1024w\" alt=\"\" width=\"300\" height=\"180\" \/><img decoding=\"async\" class=\"size-medium wp-image-727 aligncenter\" src=\"http:\/\/revistadigital.iesalmudeyne.es\/wp-content\/uploads\/2017\/04\/P1090151-1-300x225.jpg\" sizes=\"(max-width: 300px) 100vw, 300px\" srcset=\"http:\/\/revistadigital.iesalmudeyne.es\/wp-content\/uploads\/2017\/04\/P1090151-1-300x225.jpg 300w, http:\/\/revistadigital.iesalmudeyne.es\/wp-content\/uploads\/2017\/04\/P1090151-1-768x576.jpg 768w, http:\/\/revistadigital.iesalmudeyne.es\/wp-content\/uploads\/2017\/04\/P1090151-1-1024x768.jpg 1024w\" alt=\"\" width=\"300\" height=\"225\" \/> <img decoding=\"async\" class=\"size-medium wp-image-728 aligncenter\" src=\"http:\/\/revistadigital.iesalmudeyne.es\/wp-content\/uploads\/2017\/04\/P1090145-300x225.jpg\" sizes=\"(max-width: 300px) 100vw, 300px\" srcset=\"http:\/\/revistadigital.iesalmudeyne.es\/wp-content\/uploads\/2017\/04\/P1090145-300x225.jpg 300w, http:\/\/revistadigital.iesalmudeyne.es\/wp-content\/uploads\/2017\/04\/P1090145-768x576.jpg 768w, http:\/\/revistadigital.iesalmudeyne.es\/wp-content\/uploads\/2017\/04\/P1090145-1024x768.jpg 1024w\" alt=\"\" width=\"300\" height=\"225\" \/> <img decoding=\"async\" class=\"size-medium wp-image-729 aligncenter\" src=\"http:\/\/revistadigital.iesalmudeyne.es\/wp-content\/uploads\/2017\/04\/P1090146-1-300x225.jpg\" sizes=\"(max-width: 300px) 100vw, 300px\" srcset=\"http:\/\/revistadigital.iesalmudeyne.es\/wp-content\/uploads\/2017\/04\/P1090146-1-300x225.jpg 300w, http:\/\/revistadigital.iesalmudeyne.es\/wp-content\/uploads\/2017\/04\/P1090146-1-768x576.jpg 768w, http:\/\/revistadigital.iesalmudeyne.es\/wp-content\/uploads\/2017\/04\/P1090146-1-1024x768.jpg 1024w\" alt=\"\" width=\"300\" height=\"225\" \/> <img decoding=\"async\" class=\"size-medium wp-image-726 aligncenter\" src=\"http:\/\/revistadigital.iesalmudeyne.es\/wp-content\/uploads\/2017\/04\/20170406_121925-1-300x180.jpg\" sizes=\"(max-width: 300px) 100vw, 300px\" srcset=\"http:\/\/revistadigital.iesalmudeyne.es\/wp-content\/uploads\/2017\/04\/20170406_121925-1-300x180.jpg 300w, http:\/\/revistadigital.iesalmudeyne.es\/wp-content\/uploads\/2017\/04\/20170406_121925-1-768x461.jpg 768w, http:\/\/revistadigital.iesalmudeyne.es\/wp-content\/uploads\/2017\/04\/20170406_121925-1-1024x614.jpg 1024w\" alt=\"\" width=\"300\" height=\"180\" \/><\/p>\n<p style=\"text-align: justify;\">Se incluye en el proyecto de la Biblioteca del centro \u201cMi Literatura, nuestra literatura\u201d, a cargo de las profesoras Lidia B\u00e1ez y Mercedes Guirao.<\/p>\n<p><img decoding=\"async\" class=\"size-medium wp-image-722 aligncenter\" src=\"http:\/\/revistadigital.iesalmudeyne.es\/wp-content\/uploads\/2017\/04\/P1090126-1-300x225.jpg\" sizes=\"(max-width: 300px) 100vw, 300px\" srcset=\"http:\/\/revistadigital.iesalmudeyne.es\/wp-content\/uploads\/2017\/04\/P1090126-1-300x225.jpg 300w, http:\/\/revistadigital.iesalmudeyne.es\/wp-content\/uploads\/2017\/04\/P1090126-1-768x576.jpg 768w, http:\/\/revistadigital.iesalmudeyne.es\/wp-content\/uploads\/2017\/04\/P1090126-1-1024x768.jpg 1024w\" alt=\"\" width=\"300\" height=\"225\" \/><\/p>\n<p style=\"text-align: justify;\">Estos preciosos libros, realizados con esmero y cari\u00f1o por nuestros alumnos, estar\u00e1n expuestos en la Biblioteca del Centro durante los d\u00edas 25, 26 y 27 de Abril, para conmemorar el D\u00eda del Libro y ser\u00e1n ofrecidos, como obsequio, a lasfamilias de los alumnos implicados.<\/p>\n<p style=\"text-align: justify;\"><img decoding=\"async\" class=\"size-medium wp-image-719 aligncenter\" src=\"http:\/\/revistadigital.iesalmudeyne.es\/wp-content\/uploads\/2017\/04\/P1090152-1-300x225.jpg\" sizes=\"(max-width: 300px) 100vw, 300px\" srcset=\"http:\/\/revistadigital.iesalmudeyne.es\/wp-content\/uploads\/2017\/04\/P1090152-1-300x225.jpg 300w, http:\/\/revistadigital.iesalmudeyne.es\/wp-content\/uploads\/2017\/04\/P1090152-1-768x576.jpg 768w, http:\/\/revistadigital.iesalmudeyne.es\/wp-content\/uploads\/2017\/04\/P1090152-1-1024x768.jpg 1024w\" alt=\"\" width=\"300\" height=\"225\" \/><\/p>\n<p style=\"text-align: justify;\">Merece la pena contemplarlos de cerca, por lo que esperamos vuestra asistencia. \u00a1No falt\u00e9is!<\/p>\n<\/div>\n","protected":false},"excerpt":{"rendered":"<p>NUESTRO HOMENAJE AL LIBRO: LA LITERATURA POPULAR DE LOS PALACIOS [&hellip;]<\/p>\n","protected":false},"author":1,"featured_media":720,"comment_status":"open","ping_status":"open","sticky":false,"template":"","format":"standard","meta":{"footnotes":""},"categories":[1],"tags":[],"class_list":["post-714","post","type-post","status-publish","format-standard","has-post-thumbnail","hentry","category-uncategorized"],"_links":{"self":[{"href":"https:\/\/biblioteca.iesalmudeyne.es\/index.php?rest_route=\/wp\/v2\/posts\/714","targetHints":{"allow":["GET"]}}],"collection":[{"href":"https:\/\/biblioteca.iesalmudeyne.es\/index.php?rest_route=\/wp\/v2\/posts"}],"about":[{"href":"https:\/\/biblioteca.iesalmudeyne.es\/index.php?rest_route=\/wp\/v2\/types\/post"}],"author":[{"embeddable":true,"href":"https:\/\/biblioteca.iesalmudeyne.es\/index.php?rest_route=\/wp\/v2\/users\/1"}],"replies":[{"embeddable":true,"href":"https:\/\/biblioteca.iesalmudeyne.es\/index.php?rest_route=%2Fwp%2Fv2%2Fcomments&post=714"}],"version-history":[{"count":0,"href":"https:\/\/biblioteca.iesalmudeyne.es\/index.php?rest_route=\/wp\/v2\/posts\/714\/revisions"}],"wp:featuredmedia":[{"embeddable":true,"href":"https:\/\/biblioteca.iesalmudeyne.es\/index.php?rest_route=\/wp\/v2\/media\/720"}],"wp:attachment":[{"href":"https:\/\/biblioteca.iesalmudeyne.es\/index.php?rest_route=%2Fwp%2Fv2%2Fmedia&parent=714"}],"wp:term":[{"taxonomy":"category","embeddable":true,"href":"https:\/\/biblioteca.iesalmudeyne.es\/index.php?rest_route=%2Fwp%2Fv2%2Fcategories&post=714"},{"taxonomy":"post_tag","embeddable":true,"href":"https:\/\/biblioteca.iesalmudeyne.es\/index.php?rest_route=%2Fwp%2Fv2%2Ftags&post=714"}],"curies":[{"name":"wp","href":"https:\/\/api.w.org\/{rel}","templated":true}]}}