{"id":731,"date":"2017-05-09T13:07:01","date_gmt":"2017-05-09T12:07:01","guid":{"rendered":"http:\/\/biblioteca.iesalmudeyne.es\/?p=731"},"modified":"2017-05-09T13:07:01","modified_gmt":"2017-05-09T12:07:01","slug":"2o-concierto-almudeyne-talent","status":"publish","type":"post","link":"https:\/\/biblioteca.iesalmudeyne.es\/?p=731","title":{"rendered":"Segundo Concierto ALMUDEYNE TALENT"},"content":{"rendered":"<header class=\"entry-header\">\n<p class=\"entry-title\">El d\u00eda 9 de este mes de mayo se celebr\u00f3 en nuestra biblioteca el \u00a02\u00ba concierto de nuestro Almudeyne TALENT. Nuestra alumna Esther Cid y nuestro alumno Rafael Cid de 1\u00ba de ESO nos ofrecieron un recital de flamenquito acompa\u00f1ados de Alberto Ayala a la guitarra.<\/p>\n<\/header>\n<div class=\"entry-content\">\n<p><img decoding=\"async\" class=\"aligncenter size-large wp-image-846\" src=\"http:\/\/revistadigital.iesalmudeyne.es\/wp-content\/uploads\/2017\/05\/talent2-1024x772.jpg\" sizes=\"(max-width: 525px) 100vw, 525px\" srcset=\"http:\/\/revistadigital.iesalmudeyne.es\/wp-content\/uploads\/2017\/05\/talent2-1024x772.jpg 1024w, http:\/\/revistadigital.iesalmudeyne.es\/wp-content\/uploads\/2017\/05\/talent2-300x226.jpg 300w, http:\/\/revistadigital.iesalmudeyne.es\/wp-content\/uploads\/2017\/05\/talent2-768x579.jpg 768w\" alt=\"\" width=\"525\" height=\"396\" \/><\/p>\n<p>En la sala hubo un lleno total y mucho entusiasmo animando a los artistas.<\/p>\n<p><img decoding=\"async\" class=\"aligncenter size-large wp-image-847\" src=\"http:\/\/revistadigital.iesalmudeyne.es\/wp-content\/uploads\/2017\/05\/20170509_111906-1024x768.jpg\" sizes=\"(max-width: 525px) 100vw, 525px\" srcset=\"http:\/\/revistadigital.iesalmudeyne.es\/wp-content\/uploads\/2017\/05\/20170509_111906-1024x768.jpg 1024w, http:\/\/revistadigital.iesalmudeyne.es\/wp-content\/uploads\/2017\/05\/20170509_111906-300x225.jpg 300w, http:\/\/revistadigital.iesalmudeyne.es\/wp-content\/uploads\/2017\/05\/20170509_111906-768x576.jpg 768w\" alt=\"\" width=\"525\" height=\"394\" \/><\/p>\n<p>D\u00edas despu\u00e9s tuve las ocasi\u00f3n de hablar tranquilamente con Rafael y como ten\u00eda curiosidad le ped\u00ed que me contestara a algunas preguntas:<\/p>\n<ul>\n<li>\u00bfPor qu\u00e9 decidiste participar? \u00a0Porque quer\u00eda demostrarme a mi mismo que ten\u00eda valor para hacerlo.<\/li>\n<li>\u00bfCrees que tienes talento para el cante? \u00a0Creo que me gusta, son otras personas las que me dicen que tengo arte.<\/li>\n<li>\u00bfQue te pareci\u00f3 el montaje del concierto? Bien, aunque me hubiera gustado cantar un flamenco m\u00e1s hondo.<\/li>\n<li>\u00bfPor qu\u00e9 elegiste ese repertorio? Tanto Esther como yo pensamos que ser\u00eda mejor algo m\u00e1s movidito y animado.<\/li>\n<li>\u00bfTe gust\u00f3 la experiencia? Mucho. Volver\u00eda a hacerlo de nuevo encantado. \u00a0 \u00a0 \u00a0 .Me cuenta como lleg\u00f3 al flamenco hace dos a\u00f1os en el Rocio y como ahora trata de aprender junto a un grupo de amigos, tambi\u00e9n aficionados, que se siguen reuniendo en esta romer\u00eda.<\/li>\n<\/ul>\n<p>&nbsp;<\/p>\n<p>V\u00eddeos de la actuaci\u00f3n:<\/p>\n<div class=\"video-shortcode\"><iframe title=\"Actuaci\u00f3n de Esther Cid en Almudeyne Talent\" width=\"1200\" height=\"900\" src=\"https:\/\/www.youtube.com\/embed\/ir4-Fr7NCqI?feature=oembed\" frameborder=\"0\" allow=\"accelerometer; autoplay; clipboard-write; encrypted-media; gyroscope; picture-in-picture\" allowfullscreen><\/iframe><\/div>\n<div class=\"video-shortcode\"><iframe title=\"Actuaci\u00f3n de Rafael Cid en Almudeyne Talent\" width=\"1200\" height=\"900\" src=\"https:\/\/www.youtube.com\/embed\/iBj7IrZWD6U?feature=oembed\" frameborder=\"0\" allow=\"accelerometer; autoplay; clipboard-write; encrypted-media; gyroscope; picture-in-picture\" allowfullscreen><\/iframe><\/div>\n<p>&nbsp;<\/p>\n<p>&nbsp;<\/p>\n<p>Gracias a todos.<\/p>\n<\/div>\n","protected":false},"excerpt":{"rendered":"<p>El d\u00eda 9 de este mes de mayo se celebr\u00f3 [&hellip;]<\/p>\n","protected":false},"author":1,"featured_media":739,"comment_status":"open","ping_status":"open","sticky":false,"template":"","format":"standard","meta":{"footnotes":""},"categories":[1],"tags":[],"class_list":["post-731","post","type-post","status-publish","format-standard","has-post-thumbnail","hentry","category-uncategorized"],"_links":{"self":[{"href":"https:\/\/biblioteca.iesalmudeyne.es\/index.php?rest_route=\/wp\/v2\/posts\/731","targetHints":{"allow":["GET"]}}],"collection":[{"href":"https:\/\/biblioteca.iesalmudeyne.es\/index.php?rest_route=\/wp\/v2\/posts"}],"about":[{"href":"https:\/\/biblioteca.iesalmudeyne.es\/index.php?rest_route=\/wp\/v2\/types\/post"}],"author":[{"embeddable":true,"href":"https:\/\/biblioteca.iesalmudeyne.es\/index.php?rest_route=\/wp\/v2\/users\/1"}],"replies":[{"embeddable":true,"href":"https:\/\/biblioteca.iesalmudeyne.es\/index.php?rest_route=%2Fwp%2Fv2%2Fcomments&post=731"}],"version-history":[{"count":0,"href":"https:\/\/biblioteca.iesalmudeyne.es\/index.php?rest_route=\/wp\/v2\/posts\/731\/revisions"}],"wp:featuredmedia":[{"embeddable":true,"href":"https:\/\/biblioteca.iesalmudeyne.es\/index.php?rest_route=\/wp\/v2\/media\/739"}],"wp:attachment":[{"href":"https:\/\/biblioteca.iesalmudeyne.es\/index.php?rest_route=%2Fwp%2Fv2%2Fmedia&parent=731"}],"wp:term":[{"taxonomy":"category","embeddable":true,"href":"https:\/\/biblioteca.iesalmudeyne.es\/index.php?rest_route=%2Fwp%2Fv2%2Fcategories&post=731"},{"taxonomy":"post_tag","embeddable":true,"href":"https:\/\/biblioteca.iesalmudeyne.es\/index.php?rest_route=%2Fwp%2Fv2%2Ftags&post=731"}],"curies":[{"name":"wp","href":"https:\/\/api.w.org\/{rel}","templated":true}]}}