{"id":744,"date":"2017-03-29T18:07:27","date_gmt":"2017-03-29T17:07:27","guid":{"rendered":"http:\/\/biblioteca.iesalmudeyne.es\/?p=744"},"modified":"2017-03-29T18:07:27","modified_gmt":"2017-03-29T17:07:27","slug":"primer-concierto-almudeyne-talent","status":"publish","type":"post","link":"https:\/\/biblioteca.iesalmudeyne.es\/?p=744","title":{"rendered":"Primer Concierto Almudeyne Talent"},"content":{"rendered":"<p>El d\u00eda 28 de marzo se celebr\u00f3 en la biblioteca el primer evento del proyecto Almudeyne TALENT en el que como ya sab\u00e9is los protagonistas son nuestros alumnos.<\/p>\n<p><a href=\"http:\/\/biblioteca.iesalmudeyne.es\/wp-content\/uploads\/2017\/06\/IMG_20170328_110535.jpg\" rel=\"attachment wp-att-746\"><img decoding=\"async\" class=\"aligncenter wp-image-746 size-large\" src=\"http:\/\/biblioteca.iesalmudeyne.es\/wp-content\/uploads\/2017\/06\/IMG_20170328_110535-1024x768.jpg\" alt=\"dav\" width=\"1024\" height=\"768\" srcset=\"https:\/\/biblioteca.iesalmudeyne.es\/wp-content\/uploads\/2017\/06\/IMG_20170328_110535-200x150.jpg 200w, https:\/\/biblioteca.iesalmudeyne.es\/wp-content\/uploads\/2017\/06\/IMG_20170328_110535-300x225.jpg 300w, https:\/\/biblioteca.iesalmudeyne.es\/wp-content\/uploads\/2017\/06\/IMG_20170328_110535-400x300.jpg 400w, https:\/\/biblioteca.iesalmudeyne.es\/wp-content\/uploads\/2017\/06\/IMG_20170328_110535-600x450.jpg 600w, https:\/\/biblioteca.iesalmudeyne.es\/wp-content\/uploads\/2017\/06\/IMG_20170328_110535-768x576.jpg 768w, https:\/\/biblioteca.iesalmudeyne.es\/wp-content\/uploads\/2017\/06\/IMG_20170328_110535-800x600.jpg 800w, https:\/\/biblioteca.iesalmudeyne.es\/wp-content\/uploads\/2017\/06\/IMG_20170328_110535-1024x768.jpg 1024w, https:\/\/biblioteca.iesalmudeyne.es\/wp-content\/uploads\/2017\/06\/IMG_20170328_110535-1200x900.jpg 1200w, https:\/\/biblioteca.iesalmudeyne.es\/wp-content\/uploads\/2017\/06\/IMG_20170328_110535-1536x1152.jpg 1536w, https:\/\/biblioteca.iesalmudeyne.es\/wp-content\/uploads\/2017\/06\/IMG_20170328_110535-scaled.jpg 2560w\" sizes=\"(max-width: 1024px) 100vw, 1024px\" \/><\/a><\/p>\n<p>Los alumnos Jes\u00fas Ramos de 2\u00ba de ESO y Alberto Ayala de 4\u00ba, dos artistas, nos ofrecieron un recital por flamenco acompa\u00f1ado de guitarra.<\/p>\n<p><a href=\"http:\/\/biblioteca.iesalmudeyne.es\/wp-content\/uploads\/2017\/06\/IMG_20170328_110418.jpg\" rel=\"attachment wp-att-745\"><img decoding=\"async\" class=\"wp-image-745 size-large\" src=\"http:\/\/biblioteca.iesalmudeyne.es\/wp-content\/uploads\/2017\/06\/IMG_20170328_110418-1024x768.jpg\" alt=\"dav\" width=\"1024\" height=\"768\" srcset=\"https:\/\/biblioteca.iesalmudeyne.es\/wp-content\/uploads\/2017\/06\/IMG_20170328_110418-200x150.jpg 200w, https:\/\/biblioteca.iesalmudeyne.es\/wp-content\/uploads\/2017\/06\/IMG_20170328_110418-300x225.jpg 300w, https:\/\/biblioteca.iesalmudeyne.es\/wp-content\/uploads\/2017\/06\/IMG_20170328_110418-400x300.jpg 400w, https:\/\/biblioteca.iesalmudeyne.es\/wp-content\/uploads\/2017\/06\/IMG_20170328_110418-600x450.jpg 600w, https:\/\/biblioteca.iesalmudeyne.es\/wp-content\/uploads\/2017\/06\/IMG_20170328_110418-768x576.jpg 768w, https:\/\/biblioteca.iesalmudeyne.es\/wp-content\/uploads\/2017\/06\/IMG_20170328_110418-800x600.jpg 800w, https:\/\/biblioteca.iesalmudeyne.es\/wp-content\/uploads\/2017\/06\/IMG_20170328_110418-1024x768.jpg 1024w, https:\/\/biblioteca.iesalmudeyne.es\/wp-content\/uploads\/2017\/06\/IMG_20170328_110418-1200x900.jpg 1200w, https:\/\/biblioteca.iesalmudeyne.es\/wp-content\/uploads\/2017\/06\/IMG_20170328_110418-1536x1152.jpg 1536w, https:\/\/biblioteca.iesalmudeyne.es\/wp-content\/uploads\/2017\/06\/IMG_20170328_110418-scaled.jpg 2560w\" sizes=\"(max-width: 1024px) 100vw, 1024px\" \/><\/a><\/p>\n<p>Por nuestra parte, con mucha ilusi\u00f3n, convertimos la biblioteca en sala de concierto, para lo que se coloc\u00f3 un tel\u00f3n, focos y un equipo de sonido y contamos con la TV local que grab\u00f3 todo el recital.<\/p>\n<p><a href=\"http:\/\/biblioteca.iesalmudeyne.es\/wp-content\/uploads\/2017\/06\/IMG_20170328_110552.jpg\" rel=\"attachment wp-att-747\"><img decoding=\"async\" class=\"wp-image-747 size-large\" src=\"http:\/\/biblioteca.iesalmudeyne.es\/wp-content\/uploads\/2017\/06\/IMG_20170328_110552-1024x768.jpg\" alt=\"dav\" width=\"1024\" height=\"768\" srcset=\"https:\/\/biblioteca.iesalmudeyne.es\/wp-content\/uploads\/2017\/06\/IMG_20170328_110552-200x150.jpg 200w, https:\/\/biblioteca.iesalmudeyne.es\/wp-content\/uploads\/2017\/06\/IMG_20170328_110552-300x225.jpg 300w, https:\/\/biblioteca.iesalmudeyne.es\/wp-content\/uploads\/2017\/06\/IMG_20170328_110552-400x300.jpg 400w, https:\/\/biblioteca.iesalmudeyne.es\/wp-content\/uploads\/2017\/06\/IMG_20170328_110552-600x450.jpg 600w, https:\/\/biblioteca.iesalmudeyne.es\/wp-content\/uploads\/2017\/06\/IMG_20170328_110552-768x576.jpg 768w, https:\/\/biblioteca.iesalmudeyne.es\/wp-content\/uploads\/2017\/06\/IMG_20170328_110552-800x600.jpg 800w, https:\/\/biblioteca.iesalmudeyne.es\/wp-content\/uploads\/2017\/06\/IMG_20170328_110552-1024x768.jpg 1024w, https:\/\/biblioteca.iesalmudeyne.es\/wp-content\/uploads\/2017\/06\/IMG_20170328_110552-1200x900.jpg 1200w, https:\/\/biblioteca.iesalmudeyne.es\/wp-content\/uploads\/2017\/06\/IMG_20170328_110552-1536x1152.jpg 1536w, https:\/\/biblioteca.iesalmudeyne.es\/wp-content\/uploads\/2017\/06\/IMG_20170328_110552-scaled.jpg 2560w\" sizes=\"(max-width: 1024px) 100vw, 1024px\" \/><\/a><\/p>\n<p>La asistencia fue excelente ya que el sal\u00f3n se llen\u00f3 por completo, asi que nuestros artistas recibieron muchos aplausos de sus compa\u00f1eros, lo que en mi opini\u00f3n fue una experiencia muy especial para todos.<\/p>\n<p>VIDEOS DEL RECITAL:<\/p>\n<div class=\"video-shortcode\"><iframe title=\"Actuaci\u00f3n de Jes\u00fas Ramos y Alberto Ayala en Almudeyne Talent 1\" width=\"1200\" height=\"675\" src=\"https:\/\/www.youtube.com\/embed\/c4mTkHQk8XA?feature=oembed\" frameborder=\"0\" allow=\"accelerometer; autoplay; clipboard-write; encrypted-media; gyroscope; picture-in-picture\" allowfullscreen><\/iframe><\/div>\n<div class=\"video-shortcode\"><iframe title=\"Actuaci\u00f3n de Jes\u00fas Ramos y Alberto Ayala en Almudeyne Talent 2\" width=\"1200\" height=\"675\" src=\"https:\/\/www.youtube.com\/embed\/mF6VRD2pPIM?feature=oembed\" frameborder=\"0\" allow=\"accelerometer; autoplay; clipboard-write; encrypted-media; gyroscope; picture-in-picture\" allowfullscreen><\/iframe><\/div>\n<div class=\"video-shortcode\"><iframe title=\"Actuaci\u00f3n de Jes\u00fas Ramos y Alberto Ayala en Almudeyne Talent 3\" width=\"1200\" height=\"675\" src=\"https:\/\/www.youtube.com\/embed\/1eZ3Yj6C-UA?feature=oembed\" frameborder=\"0\" allow=\"accelerometer; autoplay; clipboard-write; encrypted-media; gyroscope; picture-in-picture\" allowfullscreen><\/iframe><\/div>\n<div class=\"video-shortcode\"><iframe title=\"Actuaci\u00f3n de Jes\u00fas Ramos y Alberto Ayala en Almudeyne Talent 4\" width=\"1200\" height=\"675\" src=\"https:\/\/www.youtube.com\/embed\/1hcUJuf6JlM?feature=oembed\" frameborder=\"0\" allow=\"accelerometer; autoplay; clipboard-write; encrypted-media; gyroscope; picture-in-picture\" allowfullscreen><\/iframe><\/div>\n","protected":false},"excerpt":{"rendered":"<p>El d\u00eda 28 de marzo se celebr\u00f3 en la biblioteca [&hellip;]<\/p>\n","protected":false},"author":1,"featured_media":751,"comment_status":"open","ping_status":"open","sticky":false,"template":"","format":"standard","meta":{"footnotes":""},"categories":[1],"tags":[],"class_list":["post-744","post","type-post","status-publish","format-standard","has-post-thumbnail","hentry","category-uncategorized"],"_links":{"self":[{"href":"https:\/\/biblioteca.iesalmudeyne.es\/index.php?rest_route=\/wp\/v2\/posts\/744","targetHints":{"allow":["GET"]}}],"collection":[{"href":"https:\/\/biblioteca.iesalmudeyne.es\/index.php?rest_route=\/wp\/v2\/posts"}],"about":[{"href":"https:\/\/biblioteca.iesalmudeyne.es\/index.php?rest_route=\/wp\/v2\/types\/post"}],"author":[{"embeddable":true,"href":"https:\/\/biblioteca.iesalmudeyne.es\/index.php?rest_route=\/wp\/v2\/users\/1"}],"replies":[{"embeddable":true,"href":"https:\/\/biblioteca.iesalmudeyne.es\/index.php?rest_route=%2Fwp%2Fv2%2Fcomments&post=744"}],"version-history":[{"count":0,"href":"https:\/\/biblioteca.iesalmudeyne.es\/index.php?rest_route=\/wp\/v2\/posts\/744\/revisions"}],"wp:featuredmedia":[{"embeddable":true,"href":"https:\/\/biblioteca.iesalmudeyne.es\/index.php?rest_route=\/wp\/v2\/media\/751"}],"wp:attachment":[{"href":"https:\/\/biblioteca.iesalmudeyne.es\/index.php?rest_route=%2Fwp%2Fv2%2Fmedia&parent=744"}],"wp:term":[{"taxonomy":"category","embeddable":true,"href":"https:\/\/biblioteca.iesalmudeyne.es\/index.php?rest_route=%2Fwp%2Fv2%2Fcategories&post=744"},{"taxonomy":"post_tag","embeddable":true,"href":"https:\/\/biblioteca.iesalmudeyne.es\/index.php?rest_route=%2Fwp%2Fv2%2Ftags&post=744"}],"curies":[{"name":"wp","href":"https:\/\/api.w.org\/{rel}","templated":true}]}}