{"id":755,"date":"2017-04-21T18:44:15","date_gmt":"2017-04-21T17:44:15","guid":{"rendered":"http:\/\/biblioteca.iesalmudeyne.es\/?p=755"},"modified":"2017-04-21T18:44:15","modified_gmt":"2017-04-21T17:44:15","slug":"simultanea-de-ajedrez-y-caricaturas-en-almudeyne-talent","status":"publish","type":"post","link":"https:\/\/biblioteca.iesalmudeyne.es\/?p=755","title":{"rendered":"Simult\u00e1nea de ajedrez y caricaturas en Almudeyne Talent"},"content":{"rendered":"<p>Dentro de las actividades del proyecto Almudeyne TALENT, promovido por el equipo de profesores de la biblioteca, se han celebrado, el 20 de abril, otras dos interesantes actividades.<\/p>\n<p>Por un lado una simultanea de ajedrez donde nuestro alumno de ciclo Vlad Florian compiti\u00f3 simult\u00e1neamente contra 8 alumnos y dos profesores del centro. En esta actividad particip\u00f3 tambi\u00e9n la Escuela de Ajedrez de la localidad que aporto tableros y fichas para poder llevar a cabo este evento y ademas contamos con la presencia de D. Vicente Landero, una de las personas que m\u00e1s est\u00e1 trabajando por el desarrollo de este deporte en las escuelas de la localidad.<\/p>\n<p><a href=\"http:\/\/biblioteca.iesalmudeyne.es\/wp-content\/uploads\/2017\/06\/IMG_20170420_111017.jpg\" rel=\"attachment wp-att-757\"><img decoding=\"async\" class=\"size-medium wp-image-757\" src=\"http:\/\/biblioteca.iesalmudeyne.es\/wp-content\/uploads\/2017\/06\/IMG_20170420_111017-300x225.jpg\" alt=\"dav\" width=\"300\" height=\"225\" srcset=\"https:\/\/biblioteca.iesalmudeyne.es\/wp-content\/uploads\/2017\/06\/IMG_20170420_111017-200x150.jpg 200w, https:\/\/biblioteca.iesalmudeyne.es\/wp-content\/uploads\/2017\/06\/IMG_20170420_111017-300x225.jpg 300w, https:\/\/biblioteca.iesalmudeyne.es\/wp-content\/uploads\/2017\/06\/IMG_20170420_111017-400x300.jpg 400w, https:\/\/biblioteca.iesalmudeyne.es\/wp-content\/uploads\/2017\/06\/IMG_20170420_111017-600x450.jpg 600w, https:\/\/biblioteca.iesalmudeyne.es\/wp-content\/uploads\/2017\/06\/IMG_20170420_111017-768x576.jpg 768w, https:\/\/biblioteca.iesalmudeyne.es\/wp-content\/uploads\/2017\/06\/IMG_20170420_111017-800x600.jpg 800w, https:\/\/biblioteca.iesalmudeyne.es\/wp-content\/uploads\/2017\/06\/IMG_20170420_111017-1024x768.jpg 1024w, https:\/\/biblioteca.iesalmudeyne.es\/wp-content\/uploads\/2017\/06\/IMG_20170420_111017-1200x900.jpg 1200w, https:\/\/biblioteca.iesalmudeyne.es\/wp-content\/uploads\/2017\/06\/IMG_20170420_111017-1536x1152.jpg 1536w, https:\/\/biblioteca.iesalmudeyne.es\/wp-content\/uploads\/2017\/06\/IMG_20170420_111017-scaled.jpg 2560w\" sizes=\"(max-width: 300px) 100vw, 300px\" \/><\/a><\/p>\n<div id=\"attachment_762\" style=\"width: 310px\" class=\"wp-caption aligncenter\"><a href=\"http:\/\/biblioteca.iesalmudeyne.es\/wp-content\/uploads\/2017\/06\/IMG_20170420_111525.jpg\" rel=\"attachment wp-att-762\"><img decoding=\"async\" aria-describedby=\"caption-attachment-762\" class=\"size-medium wp-image-762\" src=\"http:\/\/biblioteca.iesalmudeyne.es\/wp-content\/uploads\/2017\/06\/IMG_20170420_111525-300x225.jpg\" alt=\"dav\" width=\"300\" height=\"225\" srcset=\"https:\/\/biblioteca.iesalmudeyne.es\/wp-content\/uploads\/2017\/06\/IMG_20170420_111525-200x150.jpg 200w, https:\/\/biblioteca.iesalmudeyne.es\/wp-content\/uploads\/2017\/06\/IMG_20170420_111525-300x225.jpg 300w, https:\/\/biblioteca.iesalmudeyne.es\/wp-content\/uploads\/2017\/06\/IMG_20170420_111525-400x300.jpg 400w, https:\/\/biblioteca.iesalmudeyne.es\/wp-content\/uploads\/2017\/06\/IMG_20170420_111525-600x450.jpg 600w, https:\/\/biblioteca.iesalmudeyne.es\/wp-content\/uploads\/2017\/06\/IMG_20170420_111525-768x576.jpg 768w, https:\/\/biblioteca.iesalmudeyne.es\/wp-content\/uploads\/2017\/06\/IMG_20170420_111525-800x600.jpg 800w, https:\/\/biblioteca.iesalmudeyne.es\/wp-content\/uploads\/2017\/06\/IMG_20170420_111525-1024x768.jpg 1024w, https:\/\/biblioteca.iesalmudeyne.es\/wp-content\/uploads\/2017\/06\/IMG_20170420_111525-1200x900.jpg 1200w, https:\/\/biblioteca.iesalmudeyne.es\/wp-content\/uploads\/2017\/06\/IMG_20170420_111525-1536x1152.jpg 1536w, https:\/\/biblioteca.iesalmudeyne.es\/wp-content\/uploads\/2017\/06\/IMG_20170420_111525-scaled.jpg 2560w\" sizes=\"(max-width: 300px) 100vw, 300px\" \/><\/a><p id=\"caption-attachment-762\" class=\"wp-caption-text\">dav<\/p><\/div>\n<p>Por otro lado, aunque compartiendo el mismo espacio de la biblioteca, nuestro alumno de 2\u00ba de Bachillerato Enrique A. Bonifaz dibuj\u00f3 un retrato para el que pos\u00f3 nuestro jefe de estudios Federico Andujar. La falta de tiempo impidi\u00f3 que pudiera terminarlo, pero podemos asegurar que pr\u00f3ximamente estar\u00e1 acabado.<\/p>\n<p>&nbsp;<\/p>\n<p><a href=\"http:\/\/biblioteca.iesalmudeyne.es\/wp-content\/uploads\/2017\/06\/IMG_20170420_111520.jpg\" rel=\"attachment wp-att-761\"><img decoding=\"async\" class=\"size-medium wp-image-761\" src=\"http:\/\/biblioteca.iesalmudeyne.es\/wp-content\/uploads\/2017\/06\/IMG_20170420_111520-300x225.jpg\" alt=\"dav\" width=\"300\" height=\"225\" srcset=\"https:\/\/biblioteca.iesalmudeyne.es\/wp-content\/uploads\/2017\/06\/IMG_20170420_111520-200x150.jpg 200w, https:\/\/biblioteca.iesalmudeyne.es\/wp-content\/uploads\/2017\/06\/IMG_20170420_111520-300x225.jpg 300w, https:\/\/biblioteca.iesalmudeyne.es\/wp-content\/uploads\/2017\/06\/IMG_20170420_111520-400x300.jpg 400w, https:\/\/biblioteca.iesalmudeyne.es\/wp-content\/uploads\/2017\/06\/IMG_20170420_111520-600x450.jpg 600w, https:\/\/biblioteca.iesalmudeyne.es\/wp-content\/uploads\/2017\/06\/IMG_20170420_111520-768x576.jpg 768w, https:\/\/biblioteca.iesalmudeyne.es\/wp-content\/uploads\/2017\/06\/IMG_20170420_111520-800x600.jpg 800w, https:\/\/biblioteca.iesalmudeyne.es\/wp-content\/uploads\/2017\/06\/IMG_20170420_111520-1024x768.jpg 1024w, https:\/\/biblioteca.iesalmudeyne.es\/wp-content\/uploads\/2017\/06\/IMG_20170420_111520-1200x900.jpg 1200w, https:\/\/biblioteca.iesalmudeyne.es\/wp-content\/uploads\/2017\/06\/IMG_20170420_111520-1536x1152.jpg 1536w, https:\/\/biblioteca.iesalmudeyne.es\/wp-content\/uploads\/2017\/06\/IMG_20170420_111520-scaled.jpg 2560w\" sizes=\"(max-width: 300px) 100vw, 300px\" \/><\/a><\/p>\n<p><a href=\"http:\/\/biblioteca.iesalmudeyne.es\/wp-content\/uploads\/2017\/06\/20170420_112718.jpg\" rel=\"attachment wp-att-769\"><img decoding=\"async\" class=\"size-medium wp-image-769 aligncenter\" src=\"http:\/\/biblioteca.iesalmudeyne.es\/wp-content\/uploads\/2017\/06\/20170420_112718-300x169.jpg\" alt=\"20170420_112718\" width=\"300\" height=\"169\" \/><\/a><\/p>\n","protected":false},"excerpt":{"rendered":"<p>Dentro de las actividades del proyecto Almudeyne TALENT, promovido por [&hellip;]<\/p>\n","protected":false},"author":1,"featured_media":766,"comment_status":"open","ping_status":"open","sticky":false,"template":"","format":"standard","meta":{"footnotes":""},"categories":[1],"tags":[],"class_list":["post-755","post","type-post","status-publish","format-standard","has-post-thumbnail","hentry","category-uncategorized"],"_links":{"self":[{"href":"https:\/\/biblioteca.iesalmudeyne.es\/index.php?rest_route=\/wp\/v2\/posts\/755","targetHints":{"allow":["GET"]}}],"collection":[{"href":"https:\/\/biblioteca.iesalmudeyne.es\/index.php?rest_route=\/wp\/v2\/posts"}],"about":[{"href":"https:\/\/biblioteca.iesalmudeyne.es\/index.php?rest_route=\/wp\/v2\/types\/post"}],"author":[{"embeddable":true,"href":"https:\/\/biblioteca.iesalmudeyne.es\/index.php?rest_route=\/wp\/v2\/users\/1"}],"replies":[{"embeddable":true,"href":"https:\/\/biblioteca.iesalmudeyne.es\/index.php?rest_route=%2Fwp%2Fv2%2Fcomments&post=755"}],"version-history":[{"count":0,"href":"https:\/\/biblioteca.iesalmudeyne.es\/index.php?rest_route=\/wp\/v2\/posts\/755\/revisions"}],"wp:featuredmedia":[{"embeddable":true,"href":"https:\/\/biblioteca.iesalmudeyne.es\/index.php?rest_route=\/wp\/v2\/media\/766"}],"wp:attachment":[{"href":"https:\/\/biblioteca.iesalmudeyne.es\/index.php?rest_route=%2Fwp%2Fv2%2Fmedia&parent=755"}],"wp:term":[{"taxonomy":"category","embeddable":true,"href":"https:\/\/biblioteca.iesalmudeyne.es\/index.php?rest_route=%2Fwp%2Fv2%2Fcategories&post=755"},{"taxonomy":"post_tag","embeddable":true,"href":"https:\/\/biblioteca.iesalmudeyne.es\/index.php?rest_route=%2Fwp%2Fv2%2Ftags&post=755"}],"curies":[{"name":"wp","href":"https:\/\/api.w.org\/{rel}","templated":true}]}}