{"id":772,"date":"2017-06-01T18:22:52","date_gmt":"2017-06-01T17:22:52","guid":{"rendered":"http:\/\/biblioteca.iesalmudeyne.es\/?p=772"},"modified":"2017-06-01T18:22:52","modified_gmt":"2017-06-01T17:22:52","slug":"el-ultimo-broche-de-oro","status":"publish","type":"post","link":"https:\/\/biblioteca.iesalmudeyne.es\/?p=772","title":{"rendered":"El \u00faltimo\u2026. broche de oro"},"content":{"rendered":"<p>El d\u00eda 30 de mayo se celebr\u00f3 en la biblioteca el \u00faltimo concierto de Almudeyne Talent, en esta ocasi\u00f3n presentamos a <strong>Carmen Mayo Murube<\/strong>, alumna de 1\u00ba de bachillerato D, que puso un broche de oro a nuestro talent particular con su dulce voz y unas bonitas canciones . Una vez m\u00e1s el alumno\u00a0<strong>Alberto Ayala<\/strong> la acompa\u00f1\u00f3 con su guitarra.<\/p>\n<p><img decoding=\"async\" class=\"aligncenter size-full wp-image-868\" src=\"http:\/\/revistadigital.iesalmudeyne.es\/wp-content\/uploads\/2017\/06\/IMGA0055.jpg\" sizes=\"(max-width: 360px) 100vw, 360px\" srcset=\"http:\/\/revistadigital.iesalmudeyne.es\/wp-content\/uploads\/2017\/06\/IMGA0055.jpg 360w, http:\/\/revistadigital.iesalmudeyne.es\/wp-content\/uploads\/2017\/06\/IMGA0055-169x300.jpg 169w\" alt=\"\" width=\"360\" height=\"640\" \/><\/p>\n<p><img decoding=\"async\" class=\"aligncenter size-large wp-image-869\" src=\"http:\/\/revistadigital.iesalmudeyne.es\/wp-content\/uploads\/2017\/06\/IMGA0061.jpg\" sizes=\"(max-width: 525px) 100vw, 525px\" srcset=\"http:\/\/revistadigital.iesalmudeyne.es\/wp-content\/uploads\/2017\/06\/IMGA0061.jpg 640w, http:\/\/revistadigital.iesalmudeyne.es\/wp-content\/uploads\/2017\/06\/IMGA0061-300x169.jpg 300w\" alt=\"\" width=\"525\" height=\"295\" \/><\/p>\n<p><img decoding=\"async\" class=\"aligncenter size-large wp-image-870\" src=\"http:\/\/revistadigital.iesalmudeyne.es\/wp-content\/uploads\/2017\/06\/IMGA0059.jpg\" sizes=\"(max-width: 360px) 100vw, 360px\" srcset=\"http:\/\/revistadigital.iesalmudeyne.es\/wp-content\/uploads\/2017\/06\/IMGA0059.jpg 360w, http:\/\/revistadigital.iesalmudeyne.es\/wp-content\/uploads\/2017\/06\/IMGA0059-169x300.jpg 169w\" alt=\"\" width=\"360\" height=\"640\" \/><\/p>\n<p>La verdad es que son\u00f3 de maravilla y todos los presentes, la sala estaba completamente llena, disfrutamos mucho.<\/p>\n<p>Los v\u00eddeos, una vez m\u00e1s, los colgaremos en el blog de la biblioteca Biblideyne, donde los tendr\u00e9is a vuestra disposici\u00f3n.<\/p>\n<p>Para mi ha sido emocionante comprobar como nuestros artistas se crec\u00edan en el escenario dando lo mejor de ellos mismos, pienso que, para ellos, ha sido una experiencia \u00fanica y especial.<\/p>\n<p>Y para terminar solo nos queda agradecer a todos los que han colaborado para hacer posibles estas actividades, a todos los alumnos voluntarios y especialmente al profesor Agust\u00edn Gallardo que se encarg\u00f3 del sonido y de hacerlo posible.<\/p>\n<p><img decoding=\"async\" class=\"aligncenter wp-image-871 size-medium\" src=\"http:\/\/revistadigital.iesalmudeyne.es\/wp-content\/uploads\/2017\/06\/IMGA0054-169x300.jpg\" sizes=\"(max-width: 169px) 100vw, 169px\" srcset=\"http:\/\/revistadigital.iesalmudeyne.es\/wp-content\/uploads\/2017\/06\/IMGA0054-169x300.jpg 169w, http:\/\/revistadigital.iesalmudeyne.es\/wp-content\/uploads\/2017\/06\/IMGA0054.jpg 360w\" alt=\"\" width=\"169\" height=\"300\" \/><\/p>\n<p>El pr\u00f3ximo curso\u2026\u2026 quien sabe.<\/p>\n","protected":false},"excerpt":{"rendered":"<p>El d\u00eda 30 de mayo se celebr\u00f3 en la biblioteca [&hellip;]<\/p>\n","protected":false},"author":1,"featured_media":632,"comment_status":"open","ping_status":"open","sticky":false,"template":"","format":"standard","meta":{"footnotes":""},"categories":[1],"tags":[],"class_list":["post-772","post","type-post","status-publish","format-standard","has-post-thumbnail","hentry","category-uncategorized"],"_links":{"self":[{"href":"https:\/\/biblioteca.iesalmudeyne.es\/index.php?rest_route=\/wp\/v2\/posts\/772","targetHints":{"allow":["GET"]}}],"collection":[{"href":"https:\/\/biblioteca.iesalmudeyne.es\/index.php?rest_route=\/wp\/v2\/posts"}],"about":[{"href":"https:\/\/biblioteca.iesalmudeyne.es\/index.php?rest_route=\/wp\/v2\/types\/post"}],"author":[{"embeddable":true,"href":"https:\/\/biblioteca.iesalmudeyne.es\/index.php?rest_route=\/wp\/v2\/users\/1"}],"replies":[{"embeddable":true,"href":"https:\/\/biblioteca.iesalmudeyne.es\/index.php?rest_route=%2Fwp%2Fv2%2Fcomments&post=772"}],"version-history":[{"count":0,"href":"https:\/\/biblioteca.iesalmudeyne.es\/index.php?rest_route=\/wp\/v2\/posts\/772\/revisions"}],"wp:featuredmedia":[{"embeddable":true,"href":"https:\/\/biblioteca.iesalmudeyne.es\/index.php?rest_route=\/wp\/v2\/media\/632"}],"wp:attachment":[{"href":"https:\/\/biblioteca.iesalmudeyne.es\/index.php?rest_route=%2Fwp%2Fv2%2Fmedia&parent=772"}],"wp:term":[{"taxonomy":"category","embeddable":true,"href":"https:\/\/biblioteca.iesalmudeyne.es\/index.php?rest_route=%2Fwp%2Fv2%2Fcategories&post=772"},{"taxonomy":"post_tag","embeddable":true,"href":"https:\/\/biblioteca.iesalmudeyne.es\/index.php?rest_route=%2Fwp%2Fv2%2Ftags&post=772"}],"curies":[{"name":"wp","href":"https:\/\/api.w.org\/{rel}","templated":true}]}}