{"id":774,"date":"2017-06-14T18:44:40","date_gmt":"2017-06-14T17:44:40","guid":{"rendered":"http:\/\/biblioteca.iesalmudeyne.es\/?p=774"},"modified":"2017-06-14T18:44:40","modified_gmt":"2017-06-14T17:44:40","slug":"nuestro-gesto-solidario","status":"publish","type":"post","link":"https:\/\/biblioteca.iesalmudeyne.es\/?p=774","title":{"rendered":"Nuestro gesto solidario"},"content":{"rendered":"<header class=\"entry-header\">\n<p class=\"entry-title\">Ya sab\u00e9is que con nuestro mercadillo de libros recogimos alg\u00fan dinero, ahora nos toca dejar constancia de que hasta el \u00faltimo euro ha salido para su destino: <span style=\"color: #0000ff;\"><strong><em><span style=\"text-decoration: underline;\">Centro de Minusv\u00e1lidos Cap Skirrim<\/span><\/em><\/strong><\/span><\/p>\n<\/header>\n<div class=\"entry-content\">\n<p><img decoding=\"async\" class=\"aligncenter wp-image-878 size-large\" title=\"justificante de tranferencia\" src=\"http:\/\/revistadigital.iesalmudeyne.es\/wp-content\/uploads\/2017\/06\/20170531_112323-1024x576.jpg\" sizes=\"(max-width: 525px) 100vw, 525px\" srcset=\"http:\/\/revistadigital.iesalmudeyne.es\/wp-content\/uploads\/2017\/06\/20170531_112323-1024x576.jpg 1024w, http:\/\/revistadigital.iesalmudeyne.es\/wp-content\/uploads\/2017\/06\/20170531_112323-300x169.jpg 300w, http:\/\/revistadigital.iesalmudeyne.es\/wp-content\/uploads\/2017\/06\/20170531_112323-768x432.jpg 768w\" alt=\"\" width=\"525\" height=\"295\" \/><\/p>\n<p>Nuestro contacto all\u00ed en Cap Skirrin, \u00a0Alejandro Collantes, \u00a0nos ha dado las gracias repetidamente por esta ayuda tan necesaria y esperamos que pr\u00f3ximamente nos cuente para que la han podido utilizar.<\/p>\n<p>Las condiciones de vida en Senegal son muy duras y m\u00e1s para ni\u00f1os con alguna discapacidad, pero ellos \u00a0no pierden la sonrisa.<\/p>\n<p><img decoding=\"async\" class=\"size-large wp-image-879\" src=\"http:\/\/revistadigital.iesalmudeyne.es\/wp-content\/uploads\/2017\/06\/P7250170-1024x768.jpg\" sizes=\"(max-width: 525px) 100vw, 525px\" srcset=\"http:\/\/revistadigital.iesalmudeyne.es\/wp-content\/uploads\/2017\/06\/P7250170-1024x768.jpg 1024w, http:\/\/revistadigital.iesalmudeyne.es\/wp-content\/uploads\/2017\/06\/P7250170-300x225.jpg 300w, http:\/\/revistadigital.iesalmudeyne.es\/wp-content\/uploads\/2017\/06\/P7250170-768x576.jpg 768w\" alt=\"\" width=\"525\" height=\"394\" \/><\/p>\n<p><img decoding=\"async\" class=\"size-large wp-image-880\" src=\"http:\/\/revistadigital.iesalmudeyne.es\/wp-content\/uploads\/2017\/06\/P7220085-1024x768.jpg\" sizes=\"(max-width: 525px) 100vw, 525px\" srcset=\"http:\/\/revistadigital.iesalmudeyne.es\/wp-content\/uploads\/2017\/06\/P7220085-1024x768.jpg 1024w, http:\/\/revistadigital.iesalmudeyne.es\/wp-content\/uploads\/2017\/06\/P7220085-300x225.jpg 300w, http:\/\/revistadigital.iesalmudeyne.es\/wp-content\/uploads\/2017\/06\/P7220085-768x576.jpg 768w\" alt=\"\" width=\"525\" height=\"394\" \/><\/p>\n<p>Aqu\u00ed est\u00e1n con la profesora Rosa Mu\u00f1oz que pudo visitarlos el verano pasado en lo que fue una experiencia inolvidable.<\/p>\n<p>Creo, de coraz\u00f3n, que cualquier esfuerzo merece la pena, as\u00ed que con esto cogemos \u00e1nimos para el a\u00f1o pr\u00f3ximo volver a intentarlo.<\/p>\n<p>\u00a1Almudeyne solidario!<\/p>\n<\/div>\n","protected":false},"excerpt":{"rendered":"<p>Ya sab\u00e9is que con nuestro mercadillo de libros recogimos alg\u00fan [&hellip;]<\/p>\n","protected":false},"author":1,"featured_media":775,"comment_status":"open","ping_status":"open","sticky":false,"template":"","format":"standard","meta":{"footnotes":""},"categories":[1],"tags":[],"class_list":["post-774","post","type-post","status-publish","format-standard","has-post-thumbnail","hentry","category-uncategorized"],"_links":{"self":[{"href":"https:\/\/biblioteca.iesalmudeyne.es\/index.php?rest_route=\/wp\/v2\/posts\/774","targetHints":{"allow":["GET"]}}],"collection":[{"href":"https:\/\/biblioteca.iesalmudeyne.es\/index.php?rest_route=\/wp\/v2\/posts"}],"about":[{"href":"https:\/\/biblioteca.iesalmudeyne.es\/index.php?rest_route=\/wp\/v2\/types\/post"}],"author":[{"embeddable":true,"href":"https:\/\/biblioteca.iesalmudeyne.es\/index.php?rest_route=\/wp\/v2\/users\/1"}],"replies":[{"embeddable":true,"href":"https:\/\/biblioteca.iesalmudeyne.es\/index.php?rest_route=%2Fwp%2Fv2%2Fcomments&post=774"}],"version-history":[{"count":0,"href":"https:\/\/biblioteca.iesalmudeyne.es\/index.php?rest_route=\/wp\/v2\/posts\/774\/revisions"}],"wp:featuredmedia":[{"embeddable":true,"href":"https:\/\/biblioteca.iesalmudeyne.es\/index.php?rest_route=\/wp\/v2\/media\/775"}],"wp:attachment":[{"href":"https:\/\/biblioteca.iesalmudeyne.es\/index.php?rest_route=%2Fwp%2Fv2%2Fmedia&parent=774"}],"wp:term":[{"taxonomy":"category","embeddable":true,"href":"https:\/\/biblioteca.iesalmudeyne.es\/index.php?rest_route=%2Fwp%2Fv2%2Fcategories&post=774"},{"taxonomy":"post_tag","embeddable":true,"href":"https:\/\/biblioteca.iesalmudeyne.es\/index.php?rest_route=%2Fwp%2Fv2%2Ftags&post=774"}],"curies":[{"name":"wp","href":"https:\/\/api.w.org\/{rel}","templated":true}]}}