{"id":779,"date":"2017-06-18T19:23:00","date_gmt":"2017-06-18T18:23:00","guid":{"rendered":"http:\/\/biblioteca.iesalmudeyne.es\/?p=779"},"modified":"2017-06-18T19:23:00","modified_gmt":"2017-06-18T18:23:00","slug":"nuevos-marcapaginas-para-nuestra-biblideyne","status":"publish","type":"post","link":"https:\/\/biblioteca.iesalmudeyne.es\/?p=779","title":{"rendered":"Nuevos marcap\u00e1ginas para nuestra Biblideyne"},"content":{"rendered":"<div class=\"entry-content\">\n<p>El curso pasado realizamos un concurso para encontrar un logo para nuestra biblioteca y el pr\u00f3ximo curso, \u00a1por fin! vamos a poder tenerlo en los marcap\u00e1ginas que os damos como recordatorio con cada pr\u00e9stamo. Las diferentes propuestas que os presentamos han sido realizadas por los alumnos de 1\u00ba de Sistemas Microinform\u00e1ticos y Redes como una pr\u00e1ctica m\u00e1s dentro de su formaci\u00f3n.<\/p>\n<p>A ellos les agradecemos su creatividad y buen hacer y a sus profesores, como no, el inter\u00e9s que han puesto en colaborar con la biblioteca.<\/p>\n<p><img decoding=\"async\" class=\"alignleft wp-image-884 size-medium\" title=\"Juan Carlos Pe\u00f1a\" src=\"http:\/\/revistadigital.iesalmudeyne.es\/wp-content\/uploads\/2017\/06\/marca_paginas-delante-100x300.png\" sizes=\"(max-width: 100px) 100vw, 100px\" srcset=\"http:\/\/revistadigital.iesalmudeyne.es\/wp-content\/uploads\/2017\/06\/marca_paginas-delante-100x300.png 100w, http:\/\/revistadigital.iesalmudeyne.es\/wp-content\/uploads\/2017\/06\/marca_paginas-delante.png 113w\" alt=\"\" width=\"100\" height=\"300\" \/><img decoding=\"async\" class=\"alignleft wp-image-885 size-medium\" title=\"Pablo Romero\" src=\"http:\/\/revistadigital.iesalmudeyne.es\/wp-content\/uploads\/2017\/06\/Marcapaginas-e1497782976103-100x300.png\" sizes=\"(max-width: 100px) 100vw, 100px\" srcset=\"http:\/\/revistadigital.iesalmudeyne.es\/wp-content\/uploads\/2017\/06\/Marcapaginas-e1497782976103-100x300.png 100w, http:\/\/revistadigital.iesalmudeyne.es\/wp-content\/uploads\/2017\/06\/Marcapaginas-e1497782976103.png 113w\" alt=\"\" width=\"100\" height=\"300\" \/><img decoding=\"async\" class=\"alignleft wp-image-886 size-medium\" title=\"Adri\u00e1n Moral\" src=\"http:\/\/revistadigital.iesalmudeyne.es\/wp-content\/uploads\/2017\/06\/marca-paginas-99x300.png\" sizes=\"(max-width: 99px) 100vw, 99px\" srcset=\"http:\/\/revistadigital.iesalmudeyne.es\/wp-content\/uploads\/2017\/06\/marca-paginas-99x300.png 99w, http:\/\/revistadigital.iesalmudeyne.es\/wp-content\/uploads\/2017\/06\/marca-paginas.png 121w\" alt=\"\" width=\"99\" height=\"300\" \/><img decoding=\"async\" class=\"alignleft wp-image-887 size-medium\" title=\"Raul Gonz\u00e1lez\" src=\"http:\/\/revistadigital.iesalmudeyne.es\/wp-content\/uploads\/2017\/06\/Marcapaginas-100x300.jpg\" sizes=\"(max-width: 100px) 100vw, 100px\" srcset=\"http:\/\/revistadigital.iesalmudeyne.es\/wp-content\/uploads\/2017\/06\/Marcapaginas-100x300.jpg 100w, http:\/\/revistadigital.iesalmudeyne.es\/wp-content\/uploads\/2017\/06\/Marcapaginas.jpg 113w\" alt=\"\" width=\"100\" height=\"300\" \/><\/p>\n<p>&nbsp;<\/p>\n<p>&nbsp;<\/p>\n<p>&nbsp;<\/p>\n<p>&nbsp;<\/p>\n<\/div>\n<p>&nbsp;<\/p>\n<p>&nbsp;<\/p>\n<p>&nbsp;<\/p>\n<p>&nbsp;<\/p>\n<p>&nbsp;<\/p>\n<p>&nbsp;<\/p>\n<p>&nbsp;<\/p>\n<div class=\"entry-content\">\n<p>&nbsp;<\/p>\n<p>&nbsp;<\/p>\n<p><img decoding=\"async\" class=\"alignleft wp-image-890 size-medium\" title=\"Cristina Blesa\" src=\"http:\/\/revistadigital.iesalmudeyne.es\/wp-content\/uploads\/2017\/06\/ALMUDEYNE-100x300.png\" sizes=\"(max-width: 100px) 100vw, 100px\" srcset=\"http:\/\/revistadigital.iesalmudeyne.es\/wp-content\/uploads\/2017\/06\/ALMUDEYNE-100x300.png 100w, http:\/\/revistadigital.iesalmudeyne.es\/wp-content\/uploads\/2017\/06\/ALMUDEYNE.png 113w\" alt=\"\" width=\"100\" height=\"300\" \/><\/p>\n<p><img decoding=\"async\" class=\"alignleft wp-image-891 size-medium\" title=\"Fran D\u00edaz\" src=\"http:\/\/revistadigital.iesalmudeyne.es\/wp-content\/uploads\/2017\/06\/Marcapaginasc-100x300.png\" sizes=\"(max-width: 100px) 100vw, 100px\" srcset=\"http:\/\/revistadigital.iesalmudeyne.es\/wp-content\/uploads\/2017\/06\/Marcapaginasc-100x300.png 100w, http:\/\/revistadigital.iesalmudeyne.es\/wp-content\/uploads\/2017\/06\/Marcapaginasc.png 113w\" alt=\"\" width=\"100\" height=\"300\" \/><img decoding=\"async\" class=\"alignleft wp-image-889 size-medium\" title=\"Juan Carlos Galv\u00e1n\" src=\"http:\/\/revistadigital.iesalmudeyne.es\/wp-content\/uploads\/2017\/06\/Marca-P%C3%A1ginas-100x300.png\" sizes=\"(max-width: 100px) 100vw, 100px\" srcset=\"http:\/\/revistadigital.iesalmudeyne.es\/wp-content\/uploads\/2017\/06\/Marca-P\u00e1ginas-100x300.png 100w, http:\/\/revistadigital.iesalmudeyne.es\/wp-content\/uploads\/2017\/06\/Marca-P\u00e1ginas.png 113w\" alt=\"\" width=\"100\" height=\"300\" \/><img decoding=\"async\" class=\"alignleft wp-image-888 size-medium\" title=\"Jos\u00e9 Miguel Santo\" src=\"http:\/\/revistadigital.iesalmudeyne.es\/wp-content\/uploads\/2017\/06\/Parte-delantera-marcap%C3%A1ginas-100x300.png\" sizes=\"(max-width: 100px) 100vw, 100px\" srcset=\"http:\/\/revistadigital.iesalmudeyne.es\/wp-content\/uploads\/2017\/06\/Parte-delantera-marcap\u00e1ginas-100x300.png 100w, http:\/\/revistadigital.iesalmudeyne.es\/wp-content\/uploads\/2017\/06\/Parte-delantera-marcap\u00e1ginas.png 113w\" alt=\"\" width=\"100\" height=\"300\" \/><\/p>\n<\/div>\n<footer class=\"entry-footer\"><span class=\"edit-link\">\u00a0<\/span><\/footer>\n","protected":false},"excerpt":{"rendered":"<p>El curso pasado realizamos un concurso para encontrar un logo [&hellip;]<\/p>\n","protected":false},"author":1,"featured_media":0,"comment_status":"open","ping_status":"open","sticky":false,"template":"","format":"standard","meta":{"footnotes":""},"categories":[1],"tags":[],"class_list":["post-779","post","type-post","status-publish","format-standard","hentry","category-uncategorized"],"_links":{"self":[{"href":"https:\/\/biblioteca.iesalmudeyne.es\/index.php?rest_route=\/wp\/v2\/posts\/779","targetHints":{"allow":["GET"]}}],"collection":[{"href":"https:\/\/biblioteca.iesalmudeyne.es\/index.php?rest_route=\/wp\/v2\/posts"}],"about":[{"href":"https:\/\/biblioteca.iesalmudeyne.es\/index.php?rest_route=\/wp\/v2\/types\/post"}],"author":[{"embeddable":true,"href":"https:\/\/biblioteca.iesalmudeyne.es\/index.php?rest_route=\/wp\/v2\/users\/1"}],"replies":[{"embeddable":true,"href":"https:\/\/biblioteca.iesalmudeyne.es\/index.php?rest_route=%2Fwp%2Fv2%2Fcomments&post=779"}],"version-history":[{"count":0,"href":"https:\/\/biblioteca.iesalmudeyne.es\/index.php?rest_route=\/wp\/v2\/posts\/779\/revisions"}],"wp:attachment":[{"href":"https:\/\/biblioteca.iesalmudeyne.es\/index.php?rest_route=%2Fwp%2Fv2%2Fmedia&parent=779"}],"wp:term":[{"taxonomy":"category","embeddable":true,"href":"https:\/\/biblioteca.iesalmudeyne.es\/index.php?rest_route=%2Fwp%2Fv2%2Fcategories&post=779"},{"taxonomy":"post_tag","embeddable":true,"href":"https:\/\/biblioteca.iesalmudeyne.es\/index.php?rest_route=%2Fwp%2Fv2%2Ftags&post=779"}],"curies":[{"name":"wp","href":"https:\/\/api.w.org\/{rel}","templated":true}]}}