{"id":782,"date":"2017-06-23T19:28:21","date_gmt":"2017-06-23T18:28:21","guid":{"rendered":"http:\/\/biblioteca.iesalmudeyne.es\/?p=782"},"modified":"2017-06-23T19:28:21","modified_gmt":"2017-06-23T18:28:21","slug":"ganadores-del-iv-concurso-de-poesia-y-microrrelatos","status":"publish","type":"post","link":"https:\/\/biblioteca.iesalmudeyne.es\/?p=782","title":{"rendered":"Ganadores del IV Concurso de poes\u00eda y microrrelatos."},"content":{"rendered":"<p>El pasado \u00a0mes de Noviembre , el Departamento de Lengua Castellana \u00a0y Literatura del IES Almudeyne, public\u00f3 las bases del\u00a0<strong>\u00a0IV \u00a0Concurso de Poes\u00eda y Microrrelatos<\/strong> \u00a0y recientemente, se ha resuelto con los siguientes participantes como ganadores del mismo en \u00a0sus distintas modalidades:<\/p>\n<p>&nbsp;<\/p>\n<p><strong>MODALIDAD \u2013 A , para alumnos de 1\u00ba a 3\u00ba ESO<\/strong>, <strong>en sus dos categor\u00edas:<\/strong><\/p>\n<ul>\n<li><em><strong>POES\u00edA<\/strong><\/em><\/li>\n<\/ul>\n<p class=\"western\" align=\"justify\"><b>1er premio:<\/b><\/p>\n<p class=\"western\" align=\"justify\"><em>\u201cMi sue\u00f1o\u201d <\/em>de Kiara L\u00f3pez Quintero, 1\u00ba ESO- B del IES Almudeyne.<\/p>\n<p class=\"western\" align=\"justify\"><img decoding=\"async\" class=\"aligncenter size-large wp-image-923\" src=\"http:\/\/revistadigital.iesalmudeyne.es\/wp-content\/uploads\/2017\/06\/misue%C3%B1o-767x1024.jpg\" sizes=\"(max-width: 525px) 100vw, 525px\" srcset=\"http:\/\/revistadigital.iesalmudeyne.es\/wp-content\/uploads\/2017\/06\/misue\u00f1o-767x1024.jpg 767w, http:\/\/revistadigital.iesalmudeyne.es\/wp-content\/uploads\/2017\/06\/misue\u00f1o-225x300.jpg 225w, http:\/\/revistadigital.iesalmudeyne.es\/wp-content\/uploads\/2017\/06\/misue\u00f1o-768x1025.jpg 768w\" alt=\"\" width=\"525\" height=\"701\" \/><\/p>\n<p class=\"western\" align=\"justify\"><b>1er finalista:<\/b><\/p>\n<p class=\"western\" align=\"justify\"><em>\u201c\u00bfPor qu\u00e9, mam\u00e1?\u201d<\/em> de Manuel \u00a0Mendoza Gonz\u00e1lez, 1\u00ba ESO- B del IES Almudeyne.<\/p>\n<p class=\"western\" align=\"justify\"><b>2\u00ba finalistas:<\/b><\/p>\n<p class=\"western\" align=\"justify\"><em>\u201cLa luna\u201d<\/em> de Jos\u00e9 Manuel Cid Calancha, 1\u00ba ESO B<\/p>\n<p class=\"western\" align=\"justify\"><em>\u201cD\u00edas de invierno\u201d<\/em> de Alejandra Ben\u00edtez Falc\u00f3n, 1\u00ba ESO- B, ambos del IES Almudeyne.<\/p>\n<p class=\"western\" align=\"justify\">\n<ul>\n<li><strong>MICRORRELATO<\/strong>\n<p class=\"western\" align=\"justify\"><b>1er premio:<\/b><\/p>\n<p class=\"western\" align=\"justify\"><b><\/b><em>\u201cEsa rosquilla\u201d <\/em>de Clara Helena Briand, Colegio Internacional San Francisco de Paula.<\/p>\n<p><img decoding=\"async\" class=\"aligncenter size-full wp-image-924\" src=\"http:\/\/revistadigital.iesalmudeyne.es\/wp-content\/uploads\/2017\/06\/rosquilla.jpg\" sizes=\"(max-width: 767px) 89vw, (max-width: 1000px) 54vw, (max-width: 1071px) 543px, 580px\" srcset=\"http:\/\/revistadigital.iesalmudeyne.es\/wp-content\/uploads\/2017\/06\/rosquilla.jpg 822w, http:\/\/revistadigital.iesalmudeyne.es\/wp-content\/uploads\/2017\/06\/rosquilla-300x168.jpg 300w, http:\/\/revistadigital.iesalmudeyne.es\/wp-content\/uploads\/2017\/06\/rosquilla-768x429.jpg 768w\" alt=\"\" width=\"822\" height=\"459\" \/><\/p>\n<p class=\"western\" align=\"justify\"><b>1er finalista:<\/b><\/p>\n<p class=\"western\" align=\"justify\"><b><\/b>\u201cDescarga fallida\u201d de Cristina Rinc\u00f3n Hidalgo, 1\u00ba ESO- C, IES Almudeyne<\/p>\n<p class=\"western\" align=\"justify\"><b>2\u00ba finalista:<\/b><\/p>\n<p class=\"western\" align=\"justify\"><b><\/b>\u201c\u2014\u2014\u2013\u201c de Antonio S\u00e1nchez \u00a0Sollo, 2\u00ba ESO- B, IES Almudeyne.<\/p>\n<p>.<\/p>\n<p class=\"western\" align=\"justify\">\n<p>.<\/p>\n<p class=\"western\" align=\"justify\">\n<p class=\"western\" align=\"justify\">\n<p class=\"western\" align=\"justify\">\n<p>&nbsp;<\/p>\n<p>&nbsp;<\/p>\n<p>MODALIDAD-<strong> B, para alumnos a partir de 4\u00ba ESO, en sus dos categor\u00edas:<\/strong><\/li>\n<\/ul>\n<ul>\n<li><strong>POES\u00cdA<\/strong><\/li>\n<\/ul>\n<p class=\"western\" align=\"justify\"><b>1er premio:<\/b><\/p>\n<p class=\"western\" align=\"justify\"><em>\u201cEntre susurros\u201d<\/em> de Mar\u00eda Rodr\u00edguez Casta\u00f1o, 1\u00ba BACH. B, IES Almudeyne<\/p>\n<p class=\"western\" align=\"justify\"><img decoding=\"async\" class=\"aligncenter size-large wp-image-921\" src=\"http:\/\/revistadigital.iesalmudeyne.es\/wp-content\/uploads\/2017\/06\/entresusurros-767x1024.jpg\" sizes=\"(max-width: 525px) 100vw, 525px\" srcset=\"http:\/\/revistadigital.iesalmudeyne.es\/wp-content\/uploads\/2017\/06\/entresusurros-767x1024.jpg 767w, http:\/\/revistadigital.iesalmudeyne.es\/wp-content\/uploads\/2017\/06\/entresusurros-225x300.jpg 225w, http:\/\/revistadigital.iesalmudeyne.es\/wp-content\/uploads\/2017\/06\/entresusurros-768x1025.jpg 768w\" alt=\"\" width=\"525\" height=\"701\" \/><\/p>\n<p class=\"western\" align=\"justify\">\n<p class=\"western\" align=\"justify\"><b>1er finalista:<\/b><\/p>\n<p class=\"western\" align=\"justify\"><b><\/b><em>\u201cS\u00ed, esto s\u00ed es amor\u201d<\/em> de Cristina Ben\u00edtez Ram\u00edrez, IES Mart\u00ednez Monta\u00f1\u00e9s<\/p>\n<p class=\"western\" align=\"justify\">\n<p class=\"western\" align=\"justify\"><b>2\u00ba finalistas:<\/b><\/p>\n<p class=\"western\" align=\"justify\"><em>\u201cAhogo\u201d<\/em> de Luc\u00eda Jim\u00e9nez Carvajal, 4\u00ba ESO- C, IES Almudeyne<\/p>\n<p class=\"western\" align=\"justify\"><em>\u00a0\u201cAmando sin educaci\u00f3n\u201d<\/em> de J\u00e9ssica Ben\u00edtez Ram\u00edrez, IES Marisma.<\/p>\n<p class=\"western\" align=\"justify\">\n<ul>\n<li><strong>MICRORRELATO<\/strong><\/li>\n<\/ul>\n<p class=\"western\" align=\"justify\"><b>1er premio:<\/b><\/p>\n<p class=\"western\" align=\"justify\"><em>\u201cLa lluvia\u201d<\/em> de Juan Antonio Cabeza Dom\u00ednguez, 4\u00ba ESO-A, IES Almudeyne<\/p>\n<p class=\"western\" align=\"justify\"><img decoding=\"async\" class=\"aligncenter size-full wp-image-922\" src=\"http:\/\/revistadigital.iesalmudeyne.es\/wp-content\/uploads\/2017\/06\/la-lluvia1.jpg\" sizes=\"(max-width: 767px) 89vw, (max-width: 1000px) 54vw, (max-width: 1071px) 543px, 580px\" srcset=\"http:\/\/revistadigital.iesalmudeyne.es\/wp-content\/uploads\/2017\/06\/la-lluvia1.jpg 807w, http:\/\/revistadigital.iesalmudeyne.es\/wp-content\/uploads\/2017\/06\/la-lluvia1-300x211.jpg 300w, http:\/\/revistadigital.iesalmudeyne.es\/wp-content\/uploads\/2017\/06\/la-lluvia1-768x541.jpg 768w\" alt=\"\" width=\"807\" height=\"568\" \/><\/p>\n<p class=\"western\" align=\"justify\"><b>1er finalista:<\/b><\/p>\n<p class=\"western\" align=\"justify\"><b><\/b>\u201cLa pesadilla\u201d de Inmaculada Triguero Hormigo, 4\u00ba ESO- B,IES Almudeyne<\/p>\n<p class=\"western\" align=\"justify\"><b>2\u00ba finalista:<\/b><\/p>\n<p class=\"western\" align=\"justify\"><b><\/b><em>\u201cEf\u00edmero\u201d<\/em> de Mar\u00eda Rodr\u00edguez Casta\u00f1o, 1\u00ba BACH-B,\u00a0IES Almudeyne<\/p>\n<p>&nbsp;<\/p>\n<p>Las distintas categor\u00edas de cada modalidad cuentan con<strong> un \u00fanico \u00a0premio de 80 euros para el primer clasificado<\/strong> y la menci\u00f3n de dos trabajos finalistas que recibir\u00e1n un Diploma.<\/p>\n<p>La entrega de premios tendr\u00e1 lugar el 29 de junio en el Acto de Clausura del Curso 2016\/2017 en el Teatro Municipal de Los Palacios. Ganadores y finalistas recoger\u00e1n sus diplomas . Los premiados \u00a0leer\u00e1n sus relatos y poemas en este acto donde los distintos miembros de la comunidad educativa pondr\u00e1n punto y final al curso escolar.<\/p>\n<p>\u00a1Enhorabuena a todos los premiados!<\/p>\n","protected":false},"excerpt":{"rendered":"<p>El pasado \u00a0mes de Noviembre , el Departamento de Lengua [&hellip;]<\/p>\n","protected":false},"author":1,"featured_media":0,"comment_status":"open","ping_status":"open","sticky":false,"template":"","format":"standard","meta":{"footnotes":""},"categories":[1],"tags":[],"class_list":["post-782","post","type-post","status-publish","format-standard","hentry","category-uncategorized"],"_links":{"self":[{"href":"https:\/\/biblioteca.iesalmudeyne.es\/index.php?rest_route=\/wp\/v2\/posts\/782","targetHints":{"allow":["GET"]}}],"collection":[{"href":"https:\/\/biblioteca.iesalmudeyne.es\/index.php?rest_route=\/wp\/v2\/posts"}],"about":[{"href":"https:\/\/biblioteca.iesalmudeyne.es\/index.php?rest_route=\/wp\/v2\/types\/post"}],"author":[{"embeddable":true,"href":"https:\/\/biblioteca.iesalmudeyne.es\/index.php?rest_route=\/wp\/v2\/users\/1"}],"replies":[{"embeddable":true,"href":"https:\/\/biblioteca.iesalmudeyne.es\/index.php?rest_route=%2Fwp%2Fv2%2Fcomments&post=782"}],"version-history":[{"count":0,"href":"https:\/\/biblioteca.iesalmudeyne.es\/index.php?rest_route=\/wp\/v2\/posts\/782\/revisions"}],"wp:attachment":[{"href":"https:\/\/biblioteca.iesalmudeyne.es\/index.php?rest_route=%2Fwp%2Fv2%2Fmedia&parent=782"}],"wp:term":[{"taxonomy":"category","embeddable":true,"href":"https:\/\/biblioteca.iesalmudeyne.es\/index.php?rest_route=%2Fwp%2Fv2%2Fcategories&post=782"},{"taxonomy":"post_tag","embeddable":true,"href":"https:\/\/biblioteca.iesalmudeyne.es\/index.php?rest_route=%2Fwp%2Fv2%2Ftags&post=782"}],"curies":[{"name":"wp","href":"https:\/\/api.w.org\/{rel}","templated":true}]}}