{"id":793,"date":"2017-12-07T19:51:20","date_gmt":"2017-12-07T18:51:20","guid":{"rendered":"http:\/\/biblioteca.iesalmudeyne.es\/?p=793"},"modified":"2017-12-07T19:51:20","modified_gmt":"2017-12-07T18:51:20","slug":"comenzamos-un-nuevo-curso","status":"publish","type":"post","link":"https:\/\/biblioteca.iesalmudeyne.es\/?p=793","title":{"rendered":"Un nuevo curso en marcha!!!!"},"content":{"rendered":"<p>Empieza\u00a0 la biblioteca su andadura este curso 2017-2018 con m\u00e1s ganas e ilusi\u00f3n si cabe. Dispuestos a conseguir que la biblioteca escolar tenga el lugar que le corresponde dentro de nuestro instituto.<\/p>\n<p><a href=\"http:\/\/biblioteca.iesalmudeyne.es\/wp-content\/uploads\/2017\/12\/IMG-20171026-WA0002-1.jpg\" rel=\"attachment wp-att-794\"><img decoding=\"async\" class=\"alignnone size-large wp-image-794\" src=\"http:\/\/biblioteca.iesalmudeyne.es\/wp-content\/uploads\/2017\/12\/IMG-20171026-WA0002-1-1024x768.jpg\" alt=\"IMG-20171026-WA0002 (1)\" width=\"1024\" height=\"768\" srcset=\"https:\/\/biblioteca.iesalmudeyne.es\/wp-content\/uploads\/2017\/12\/IMG-20171026-WA0002-1-200x150.jpg 200w, https:\/\/biblioteca.iesalmudeyne.es\/wp-content\/uploads\/2017\/12\/IMG-20171026-WA0002-1-300x225.jpg 300w, https:\/\/biblioteca.iesalmudeyne.es\/wp-content\/uploads\/2017\/12\/IMG-20171026-WA0002-1-400x300.jpg 400w, https:\/\/biblioteca.iesalmudeyne.es\/wp-content\/uploads\/2017\/12\/IMG-20171026-WA0002-1-600x450.jpg 600w, https:\/\/biblioteca.iesalmudeyne.es\/wp-content\/uploads\/2017\/12\/IMG-20171026-WA0002-1-768x576.jpg 768w, https:\/\/biblioteca.iesalmudeyne.es\/wp-content\/uploads\/2017\/12\/IMG-20171026-WA0002-1-800x600.jpg 800w, https:\/\/biblioteca.iesalmudeyne.es\/wp-content\/uploads\/2017\/12\/IMG-20171026-WA0002-1-1024x768.jpg 1024w, https:\/\/biblioteca.iesalmudeyne.es\/wp-content\/uploads\/2017\/12\/IMG-20171026-WA0002-1-1200x901.jpg 1200w, https:\/\/biblioteca.iesalmudeyne.es\/wp-content\/uploads\/2017\/12\/IMG-20171026-WA0002-1-1536x1153.jpg 1536w, https:\/\/biblioteca.iesalmudeyne.es\/wp-content\/uploads\/2017\/12\/IMG-20171026-WA0002-1.jpg 1599w\" sizes=\"(max-width: 1024px) 100vw, 1024px\" \/><\/a>Este a\u00f1o somos muchos los profesores que formamos el equipo de apoyo de la biblioteca, 17 en total, profesores que pertenecemos a distintos departamentos, lo que favorece que las actividades propuestas incidan sobre muchos grupos y se beneficien de ellas un gran n\u00famero de almunos de todos los niveles.<\/p>\n<p>Somos:<\/p>\n<ul>\n<li>Rafael Alonso\u00a0 \u00a0 \u00a0 \u00a0 \u00a0 \u00a0 \u00a0 \u00a0 \u00a0Informatica<\/li>\n<li>M\u00aaJos\u00e9 S\u00e1nchez\u00a0 \u00a0 \u00a0 \u00a0 \u00a0 \u00a0 Inform\u00e1tica<\/li>\n<li>Lidia B\u00e1ez\u00a0 \u00a0 \u00a0 \u00a0 \u00a0 \u00a0 \u00a0 \u00a0 \u00a0 \u00a0 \u00a0 Lengua Castellana<\/li>\n<li>Jos\u00e9 Manuel Begines\u00a0 \u00a0 Lengua Castellana<\/li>\n<li>M\u00aa Dolores Mar\u00edin\u00a0 \u00a0 \u00a0 \u00a0 \u00a0Lengua Castellana<\/li>\n<li>Berta Oca\u00f1a\u00a0 \u00a0 \u00a0 \u00a0 \u00a0 \u00a0 \u00a0 \u00a0 \u00a0 Lengua Castellana<\/li>\n<li>Ana Fernandez\u00a0 \u00a0 \u00a0 \u00a0 \u00a0 \u00a0 \u00a0 Lengua Castellana<\/li>\n<li>\u00c1lvaro Romero\u00a0 \u00a0 \u00a0 \u00a0 \u00a0 \u00a0 \u00a0 \u00a0Lengua Castellana<\/li>\n<li>M\u00aa Valme Rivera\u00a0 \u00a0 \u00a0 \u00a0 \u00a0 \u00a0 \u00a0Lengua CAstellana<\/li>\n<li>Mercedes Guirao\u00a0 \u00a0 \u00a0 \u00a0 \u00a0 \u00a0 Lengua Castellana<\/li>\n<li>Arturo Neyra\u00a0 \u00a0 \u00a0 \u00a0 \u00a0 \u00a0 \u00a0 \u00a0 \u00a0 \u00a0 Pl\u00e1stica y visual<\/li>\n<li>Carolina Ulecia\u00a0 \u00a0 \u00a0 \u00a0 \u00a0 \u00a0 \u00a0 \u00a0 Franc\u00e9s<\/li>\n<li>Raquel V\u00e1zquez\u00a0 \u00a0 \u00a0 \u00a0 \u00a0 \u00a0 \u00a0 \u00a0Ingl\u00e9s<\/li>\n<li>Pedro Antonio Vega\u00a0 \u00a0 \u00a0 \u00a0 \u00a0Tecnolog\u00eda<\/li>\n<li>Rosa Munoz\u00a0 \u00a0 \u00a0 \u00a0 \u00a0 \u00a0 \u00a0 \u00a0 \u00a0 \u00a0 \u00a0 Administraci\u00f3n y finanzas<\/li>\n<li>Aurora Bel\u00e9n Garc\u00eda\u00a0 \u00a0 \u00a0 \u00a0 \u00a0 Administraci\u00f3n y finanzas<\/li>\n<li>Roc\u00edo LIma\u00a0 \u00a0 \u00a0 \u00a0 \u00a0 \u00a0 \u00a0 \u00a0 \u00a0 \u00a0 \u00a0 \u00a0 Orientaci\u00f3n<\/li>\n<li>Charo Mir\u00a0 \u00a0 \u00a0 \u00a0 \u00a0 \u00a0 \u00a0 \u00a0 \u00a0 \u00a0 \u00a0 \u00a0 \u00a0 \u00a0Orientaci\u00f3n. Coordinadora.<\/li>\n<\/ul>\n<p>&nbsp;<\/p>\n<p>Son nuestros objetivos principales favorecer el desarrollo de la competencia ling\u00fcistica, animar a la lectura, apoyar y favorecer los distintos proyectos que tengan lugar en nuestro centro y hacer de nuestra sala biblioteca un lugar de estudio, b\u00fasqueda de informaci\u00f3n, de realizaci\u00f3n de talleres y centro l\u00fadico y cultural de nuestro IES.<\/p>\n<p>\u00a1Buen curso para todos!<\/p>\n<p>\u00a1Estamos para ayudaros as\u00ed que&#8230;&#8230; contad con nosotros!<\/p>\n","protected":false},"excerpt":{"rendered":"<p>Empieza\u00a0 la biblioteca su andadura este curso 2017-2018 con m\u00e1s [&hellip;]<\/p>\n","protected":false},"author":1,"featured_media":0,"comment_status":"open","ping_status":"open","sticky":false,"template":"","format":"standard","meta":{"footnotes":""},"categories":[1],"tags":[],"class_list":["post-793","post","type-post","status-publish","format-standard","hentry","category-uncategorized"],"_links":{"self":[{"href":"https:\/\/biblioteca.iesalmudeyne.es\/index.php?rest_route=\/wp\/v2\/posts\/793","targetHints":{"allow":["GET"]}}],"collection":[{"href":"https:\/\/biblioteca.iesalmudeyne.es\/index.php?rest_route=\/wp\/v2\/posts"}],"about":[{"href":"https:\/\/biblioteca.iesalmudeyne.es\/index.php?rest_route=\/wp\/v2\/types\/post"}],"author":[{"embeddable":true,"href":"https:\/\/biblioteca.iesalmudeyne.es\/index.php?rest_route=\/wp\/v2\/users\/1"}],"replies":[{"embeddable":true,"href":"https:\/\/biblioteca.iesalmudeyne.es\/index.php?rest_route=%2Fwp%2Fv2%2Fcomments&post=793"}],"version-history":[{"count":0,"href":"https:\/\/biblioteca.iesalmudeyne.es\/index.php?rest_route=\/wp\/v2\/posts\/793\/revisions"}],"wp:attachment":[{"href":"https:\/\/biblioteca.iesalmudeyne.es\/index.php?rest_route=%2Fwp%2Fv2%2Fmedia&parent=793"}],"wp:term":[{"taxonomy":"category","embeddable":true,"href":"https:\/\/biblioteca.iesalmudeyne.es\/index.php?rest_route=%2Fwp%2Fv2%2Fcategories&post=793"},{"taxonomy":"post_tag","embeddable":true,"href":"https:\/\/biblioteca.iesalmudeyne.es\/index.php?rest_route=%2Fwp%2Fv2%2Ftags&post=793"}],"curies":[{"name":"wp","href":"https:\/\/api.w.org\/{rel}","templated":true}]}}