{"id":796,"date":"2017-11-07T21:02:08","date_gmt":"2017-11-07T20:02:08","guid":{"rendered":"http:\/\/biblioteca.iesalmudeyne.es\/?p=796"},"modified":"2017-11-07T21:02:08","modified_gmt":"2017-11-07T20:02:08","slug":"fabulosas-historias-de-terror-para-inaugurar-noviembre","status":"publish","type":"post","link":"https:\/\/biblioteca.iesalmudeyne.es\/?p=796","title":{"rendered":"Fabulosas historias de terror para inaugurar noviembre!!!"},"content":{"rendered":"<p>A los profesores de lengua castellana y Literatura de nuestro IES, Jos\u00e9 Manuel Begines y \u00c1lvaro Romero, les sirvieron todas las razones y efem\u00e9rides de comienzos de noviembre: el D\u00eda de los Muertos, de los Santos, Halloween y otras excusas de miedo para hacer un ejercicio literario con algunos de sus alumnos de 1\u00ba de bachillerato A que ha resultado todo un \u00e9xito, al sentir de cuantos grupos participaron en la biblioteca del centro de un cuentacuentos que puso a m\u00e1s de uno los vellos de punta.<\/p>\n<p><a href=\"http:\/\/biblioteca.iesalmudeyne.es\/wp-content\/uploads\/2017\/12\/IMG-20171105-WA0022-300x225.jpg\" rel=\"attachment wp-att-797\"><img decoding=\"async\" class=\"alignnone size-medium wp-image-797\" src=\"http:\/\/biblioteca.iesalmudeyne.es\/wp-content\/uploads\/2017\/12\/IMG-20171105-WA0022-300x225-300x225.jpg\" alt=\"IMG-20171105-WA0022-300x225\" width=\"300\" height=\"225\" \/><\/a><\/p>\n<p style=\"text-align: left;\">Caracterizados tenebrosamente, vestidos rigurosamente de negro, Jos\u00e9 M\u00aa Hormigo y Jos\u00e9 Antonio Dorado, apoyados por Juan Antonio Cabeza y \u00c1ngel Fern\u00e1ndez, se plantaron un foco en la cara para relatar una historia de terror. El primero lo hizo utilizando una historia m\u00e1s o menos ver\u00eddica, m\u00e1s o menos legendaria, o\u00edda en su propia familia, con sus padres y abuelos y un misterioso cura de protagonistas y la abandonada Hacienda de la Mejorada Baja como tel\u00f3n de fondo. El segundo se invent\u00f3 directamente una escalofriante historia ocurrida en torno a un bosque por el que camina el personaje principal, perseguido por un fr\u00edgido hombre con pinta de fantasma&#8230;..<\/p>\n<p style=\"text-align: left;\"><a href=\"http:\/\/biblioteca.iesalmudeyne.es\/wp-content\/uploads\/2017\/12\/IMG-20171105-WA0024-300x225.jpg\" rel=\"attachment wp-att-798\"><img decoding=\"async\" class=\"aligncenter size-medium wp-image-798\" src=\"http:\/\/biblioteca.iesalmudeyne.es\/wp-content\/uploads\/2017\/12\/IMG-20171105-WA0024-300x225-300x225.jpg\" alt=\"IMG-20171105-WA0024-300x225\" width=\"300\" height=\"225\" \/><\/a>Los compa\u00f1eros de otros cursos que asistieron el viernes a estos relato fantasmag\u00f3ricos no solo se metieron en las historias, sino que comprobaron el poder de la literatura- y especialmente de la literatura oral, producida en casa- para ampliar horizontes.<\/p>\n<div id=\"attachment_799\" style=\"width: 310px\" class=\"wp-caption aligncenter\"><a href=\"http:\/\/biblioteca.iesalmudeyne.es\/wp-content\/uploads\/2017\/12\/foto2.jpg\" rel=\"attachment wp-att-799\"><img decoding=\"async\" aria-describedby=\"caption-attachment-799\" class=\"size-medium wp-image-799\" src=\"http:\/\/biblioteca.iesalmudeyne.es\/wp-content\/uploads\/2017\/12\/foto2-300x225.jpg\" alt=\"Raquel G\u00f3mez (1\u00baESO B)\" width=\"300\" height=\"225\" \/><\/a><p id=\"caption-attachment-799\" class=\"wp-caption-text\">Raquel G\u00f3mez (1\u00baESO B)<\/p><\/div>\n<p style=\"text-align: left;\">Adem\u00e1s, muchos de ellos, como Jos\u00e9 Domenech o Luc\u00eda Gayango (1\u00ba ESO D) o Raquel G\u00f3mez (1\u00baESO B), por ejemplo, se animaron a improvisar sus propios relatos, que fueron tambi\u00e9n, muy aplaudidos<\/p>\n<div class=\"mceTemp\"><\/div>\n<div id=\"attachment_800\" style=\"width: 310px\" class=\"wp-caption alignleft\"><a href=\"http:\/\/biblioteca.iesalmudeyne.es\/wp-content\/uploads\/2017\/12\/foto3.jpg\" rel=\"attachment wp-att-800\"><img decoding=\"async\" aria-describedby=\"caption-attachment-800\" class=\"size-medium wp-image-800\" src=\"http:\/\/biblioteca.iesalmudeyne.es\/wp-content\/uploads\/2017\/12\/foto3-300x168.jpg\" alt=\"Jos\u00e9 Domenech (1\u00baESO D)\" width=\"300\" height=\"168\" \/><\/a><p id=\"caption-attachment-800\" class=\"wp-caption-text\">Jos\u00e9 Domenech (1\u00baESO D)<\/p><\/div>\n<p>&nbsp;<\/p>\n<p>&nbsp;<\/p>\n<p>&nbsp;<\/p>\n<p>&nbsp;<\/p>\n<p>&nbsp;<\/p>\n<p>&nbsp;<\/p>\n<p>&nbsp;<\/p>\n<p>&nbsp;<\/p>\n<p>Tal vez el m\u00e1s escalofriante de todos fue el que cont\u00f3 finalmente el propio profesor Jos\u00e9 Manuel Begines, utilizando el propio instituto para con<a href=\"http:\/\/biblioteca.iesalmudeyne.es\/wp-content\/uploads\/2017\/12\/foto4.jpg\" rel=\"attachment wp-att-801\"><img decoding=\"async\" class=\"alignleft size-full wp-image-801\" src=\"http:\/\/biblioteca.iesalmudeyne.es\/wp-content\/uploads\/2017\/12\/foto4.jpg\" alt=\"foto4\" width=\"300\" height=\"168\" srcset=\"https:\/\/biblioteca.iesalmudeyne.es\/wp-content\/uploads\/2017\/12\/foto4-200x112.jpg 200w, https:\/\/biblioteca.iesalmudeyne.es\/wp-content\/uploads\/2017\/12\/foto4.jpg 300w\" sizes=\"(max-width: 300px) 100vw, 300px\" \/><\/a>struir una inquietante leyenda urbana sobre la que muchos chicos terminaron preguntando si era cierta o no.<\/p>\n<p>El propio profesor, ya con las luces encendidas, focaliz\u00f3 el objetivo \u00faltimo del taller: una exposici\u00f3n de Literatura de suspense y terror, con t\u00edtulos c\u00e9lebres de autores como Arthur Conan doyle, Edgar Allan Poe, Lovecraft, Stephen King o Bram Stoker, entree otros muchos, para se\u00f1alar al alumnado que<strong> hay infinitos orificios por los que colarse en la fantas\u00eda y en la biblioteca.<\/strong><\/p>\n<p>&nbsp;<\/p>\n<p>&nbsp;<\/p>\n","protected":false},"excerpt":{"rendered":"<p>A los profesores de lengua castellana y Literatura de nuestro [&hellip;]<\/p>\n","protected":false},"author":1,"featured_media":0,"comment_status":"open","ping_status":"open","sticky":false,"template":"","format":"standard","meta":{"footnotes":""},"categories":[1],"tags":[],"class_list":["post-796","post","type-post","status-publish","format-standard","hentry","category-uncategorized"],"_links":{"self":[{"href":"https:\/\/biblioteca.iesalmudeyne.es\/index.php?rest_route=\/wp\/v2\/posts\/796","targetHints":{"allow":["GET"]}}],"collection":[{"href":"https:\/\/biblioteca.iesalmudeyne.es\/index.php?rest_route=\/wp\/v2\/posts"}],"about":[{"href":"https:\/\/biblioteca.iesalmudeyne.es\/index.php?rest_route=\/wp\/v2\/types\/post"}],"author":[{"embeddable":true,"href":"https:\/\/biblioteca.iesalmudeyne.es\/index.php?rest_route=\/wp\/v2\/users\/1"}],"replies":[{"embeddable":true,"href":"https:\/\/biblioteca.iesalmudeyne.es\/index.php?rest_route=%2Fwp%2Fv2%2Fcomments&post=796"}],"version-history":[{"count":0,"href":"https:\/\/biblioteca.iesalmudeyne.es\/index.php?rest_route=\/wp\/v2\/posts\/796\/revisions"}],"wp:attachment":[{"href":"https:\/\/biblioteca.iesalmudeyne.es\/index.php?rest_route=%2Fwp%2Fv2%2Fmedia&parent=796"}],"wp:term":[{"taxonomy":"category","embeddable":true,"href":"https:\/\/biblioteca.iesalmudeyne.es\/index.php?rest_route=%2Fwp%2Fv2%2Fcategories&post=796"},{"taxonomy":"post_tag","embeddable":true,"href":"https:\/\/biblioteca.iesalmudeyne.es\/index.php?rest_route=%2Fwp%2Fv2%2Ftags&post=796"}],"curies":[{"name":"wp","href":"https:\/\/api.w.org\/{rel}","templated":true}]}}