{"id":808,"date":"2017-11-29T00:25:59","date_gmt":"2017-11-28T23:25:59","guid":{"rendered":"http:\/\/biblioteca.iesalmudeyne.es\/?p=808"},"modified":"2017-11-29T00:25:59","modified_gmt":"2017-11-28T23:25:59","slug":"inauguramos-oficialmente-nuestra-biblioteca","status":"publish","type":"post","link":"https:\/\/biblioteca.iesalmudeyne.es\/?p=808","title":{"rendered":"Inauguramos oficialmente  nuestra biblioteca"},"content":{"rendered":"<p><strong>\u00a1Inauguramos la biblioteca y lo hacemos bailando!<\/strong><\/p>\n<p>&nbsp;<\/p>\n<p><span style=\"font-weight: 400;\">Las alumnas Natalia Pereira, Alejandra Ben\u00edtez y Diana Rangel de 4\u00ba de ESO han sido las art\u00edfices del Flashmob que durante d\u00edas hemos estado ensayando en la biblioteca, intentando que no lo supiera nadie, ya que ten\u00edamos planeado que fuera una autentica sorpresa para todos, aunque los rumores corrieron como la p\u00f3lvora. \u00a0As\u00ed el dia 29 a la hora del recreo, empez\u00f3 a sonar la m\u00fasica y empezamos a \u00a0bailar. Alumnos, alumnas, profesores y profesoras, todos juntos bailamos una coreograf\u00eda en la que fuimos implicando a los espectadores que no sal\u00edan de su asombro. .<\/span><\/p>\n<p><span style=\"font-weight: 400;\">\u00a1Fue muy divertido! <\/span><\/p>\n<p>&nbsp;<\/p>\n<div class=\"video-shortcode\"><iframe title=\"flashmob Almudeyne\" width=\"1200\" height=\"675\" src=\"https:\/\/www.youtube.com\/embed\/azDibll_f6U?feature=oembed\" frameborder=\"0\" allow=\"accelerometer; autoplay; clipboard-write; encrypted-media; gyroscope; picture-in-picture\" allowfullscreen><\/iframe><\/div>\n<p><strong>\u00a1As\u00ed que\u2026. Biblioteca inaugurada para el curso 2017-2018!<\/strong><\/p>\n<p><strong>GRACIAS A TODAS Y TODOS!!<\/strong><\/p>\n","protected":false},"excerpt":{"rendered":"<p>\u00a1Inauguramos la biblioteca y lo hacemos bailando! &nbsp; Las alumnas [&hellip;]<\/p>\n","protected":false},"author":1,"featured_media":0,"comment_status":"open","ping_status":"open","sticky":false,"template":"","format":"standard","meta":{"footnotes":""},"categories":[1],"tags":[],"class_list":["post-808","post","type-post","status-publish","format-standard","hentry","category-uncategorized"],"_links":{"self":[{"href":"https:\/\/biblioteca.iesalmudeyne.es\/index.php?rest_route=\/wp\/v2\/posts\/808","targetHints":{"allow":["GET"]}}],"collection":[{"href":"https:\/\/biblioteca.iesalmudeyne.es\/index.php?rest_route=\/wp\/v2\/posts"}],"about":[{"href":"https:\/\/biblioteca.iesalmudeyne.es\/index.php?rest_route=\/wp\/v2\/types\/post"}],"author":[{"embeddable":true,"href":"https:\/\/biblioteca.iesalmudeyne.es\/index.php?rest_route=\/wp\/v2\/users\/1"}],"replies":[{"embeddable":true,"href":"https:\/\/biblioteca.iesalmudeyne.es\/index.php?rest_route=%2Fwp%2Fv2%2Fcomments&post=808"}],"version-history":[{"count":0,"href":"https:\/\/biblioteca.iesalmudeyne.es\/index.php?rest_route=\/wp\/v2\/posts\/808\/revisions"}],"wp:attachment":[{"href":"https:\/\/biblioteca.iesalmudeyne.es\/index.php?rest_route=%2Fwp%2Fv2%2Fmedia&parent=808"}],"wp:term":[{"taxonomy":"category","embeddable":true,"href":"https:\/\/biblioteca.iesalmudeyne.es\/index.php?rest_route=%2Fwp%2Fv2%2Fcategories&post=808"},{"taxonomy":"post_tag","embeddable":true,"href":"https:\/\/biblioteca.iesalmudeyne.es\/index.php?rest_route=%2Fwp%2Fv2%2Ftags&post=808"}],"curies":[{"name":"wp","href":"https:\/\/api.w.org\/{rel}","templated":true}]}}