{"id":812,"date":"2017-12-14T21:39:15","date_gmt":"2017-12-14T20:39:15","guid":{"rendered":"http:\/\/biblioteca.iesalmudeyne.es\/?p=812"},"modified":"2017-12-14T21:39:15","modified_gmt":"2017-12-14T20:39:15","slug":"experiencia-en-la-biblioteca","status":"publish","type":"post","link":"https:\/\/biblioteca.iesalmudeyne.es\/?p=812","title":{"rendered":"Experiencia en la biblioteca"},"content":{"rendered":"<p>Fue una experiencia inolvidable. Algunos compa\u00f1eros todav\u00eda no hab\u00edan entrado nunca en la biblioteca. Nos ense\u00f1aron las partes de un libro y la importancia que tienen estos en la sociedad. Tambi\u00e9n nos ense\u00f1aron a buscar libros en la biblioteca, estos se clasifican segun el tipo de materia a la que pertenezcan. Ademas en el tejuelo del libro viene toda la informaci\u00f3n para encontrarlos:<\/p>\n<ul>\n<li>las tres primeras letras del autor<\/li>\n<li>las tres primeras letras del titulo<\/li>\n<li>un numero que especifica el tipo de materia<\/li>\n<\/ul>\n<p>\u00a1As\u00ed es mucho m\u00e1s f\u00e1cil encontrar el libro que deseamos leer!<\/p>\n<p><a href=\"http:\/\/biblioteca.iesalmudeyne.es\/wp-content\/uploads\/2017\/12\/Foto-de-Charo-Mir-3.jpg\" rel=\"attachment wp-att-813\"><img decoding=\"async\" class=\"aligncenter size-medium wp-image-813\" src=\"http:\/\/biblioteca.iesalmudeyne.es\/wp-content\/uploads\/2017\/12\/Foto-de-Charo-Mir-3-300x225.jpg\" alt=\"Foto de Charo Mir (3)\" width=\"300\" height=\"225\" srcset=\"https:\/\/biblioteca.iesalmudeyne.es\/wp-content\/uploads\/2017\/12\/Foto-de-Charo-Mir-3-200x150.jpg 200w, https:\/\/biblioteca.iesalmudeyne.es\/wp-content\/uploads\/2017\/12\/Foto-de-Charo-Mir-3-300x225.jpg 300w, https:\/\/biblioteca.iesalmudeyne.es\/wp-content\/uploads\/2017\/12\/Foto-de-Charo-Mir-3-400x300.jpg 400w, https:\/\/biblioteca.iesalmudeyne.es\/wp-content\/uploads\/2017\/12\/Foto-de-Charo-Mir-3-600x450.jpg 600w, https:\/\/biblioteca.iesalmudeyne.es\/wp-content\/uploads\/2017\/12\/Foto-de-Charo-Mir-3-768x576.jpg 768w, https:\/\/biblioteca.iesalmudeyne.es\/wp-content\/uploads\/2017\/12\/Foto-de-Charo-Mir-3-800x600.jpg 800w, https:\/\/biblioteca.iesalmudeyne.es\/wp-content\/uploads\/2017\/12\/Foto-de-Charo-Mir-3-1024x768.jpg 1024w, https:\/\/biblioteca.iesalmudeyne.es\/wp-content\/uploads\/2017\/12\/Foto-de-Charo-Mir-3-1200x900.jpg 1200w, https:\/\/biblioteca.iesalmudeyne.es\/wp-content\/uploads\/2017\/12\/Foto-de-Charo-Mir-3-1536x1152.jpg 1536w, https:\/\/biblioteca.iesalmudeyne.es\/wp-content\/uploads\/2017\/12\/Foto-de-Charo-Mir-3.jpg 1600w\" sizes=\"(max-width: 300px) 100vw, 300px\" \/><\/a><\/p>\n<p>Hicimos un juego para poner en pr\u00e1ctica lo aprendido. Hab\u00eda que hacer un puzzle sobre un libro famoso, poner en orden el nombre del autor y del libro, despu\u00e9s en una carta se pon\u00eda toda la informaci\u00f3n recogida del libro y se lo buscaba en las estanter\u00edas.\u00a1 El primer grupo en encontrarlo se llevaba el titulo de \u00abSuperdetective de la biblioteca\u00bb!<\/p>\n<p>&nbsp;<\/p>\n<p><a href=\"http:\/\/biblioteca.iesalmudeyne.es\/wp-content\/uploads\/2017\/12\/20171121_104415-e1513283709177.jpg\" rel=\"attachment wp-att-814\"><img decoding=\"async\" class=\"aligncenter size-medium wp-image-814\" src=\"http:\/\/biblioteca.iesalmudeyne.es\/wp-content\/uploads\/2017\/12\/20171121_104415-e1513283709177-169x300.jpg\" alt=\"20171121_104415\" width=\"169\" height=\"300\" srcset=\"https:\/\/biblioteca.iesalmudeyne.es\/wp-content\/uploads\/2017\/12\/20171121_104415-e1513283709177-169x300.jpg 169w, https:\/\/biblioteca.iesalmudeyne.es\/wp-content\/uploads\/2017\/12\/20171121_104415-e1513283709177-200x356.jpg 200w, https:\/\/biblioteca.iesalmudeyne.es\/wp-content\/uploads\/2017\/12\/20171121_104415-e1513283709177-400x711.jpg 400w, https:\/\/biblioteca.iesalmudeyne.es\/wp-content\/uploads\/2017\/12\/20171121_104415-e1513283709177-576x1024.jpg 576w, https:\/\/biblioteca.iesalmudeyne.es\/wp-content\/uploads\/2017\/12\/20171121_104415-e1513283709177-600x1067.jpg 600w, https:\/\/biblioteca.iesalmudeyne.es\/wp-content\/uploads\/2017\/12\/20171121_104415-e1513283709177-768x1365.jpg 768w, https:\/\/biblioteca.iesalmudeyne.es\/wp-content\/uploads\/2017\/12\/20171121_104415-e1513283709177-800x1422.jpg 800w, https:\/\/biblioteca.iesalmudeyne.es\/wp-content\/uploads\/2017\/12\/20171121_104415-e1513283709177-864x1536.jpg 864w, https:\/\/biblioteca.iesalmudeyne.es\/wp-content\/uploads\/2017\/12\/20171121_104415-e1513283709177-1152x2048.jpg 1152w, https:\/\/biblioteca.iesalmudeyne.es\/wp-content\/uploads\/2017\/12\/20171121_104415-e1513283709177-1200x2133.jpg 1200w, https:\/\/biblioteca.iesalmudeyne.es\/wp-content\/uploads\/2017\/12\/20171121_104415-e1513283709177-scaled.jpg 1440w\" sizes=\"(max-width: 169px) 100vw, 169px\" \/><\/a> <a href=\"http:\/\/biblioteca.iesalmudeyne.es\/wp-content\/uploads\/2017\/12\/20171121_104655.jpg\" rel=\"attachment wp-att-815\"><br \/>\n<\/a> <a href=\"http:\/\/biblioteca.iesalmudeyne.es\/wp-content\/uploads\/2017\/12\/20171121_105344.jpg\" rel=\"attachment wp-att-816\"><img decoding=\"async\" class=\"aligncenter size-medium wp-image-816\" src=\"http:\/\/biblioteca.iesalmudeyne.es\/wp-content\/uploads\/2017\/12\/20171121_105344-300x169.jpg\" alt=\"20171121_105344\" width=\"300\" height=\"169\" srcset=\"https:\/\/biblioteca.iesalmudeyne.es\/wp-content\/uploads\/2017\/12\/20171121_105344-200x113.jpg 200w, https:\/\/biblioteca.iesalmudeyne.es\/wp-content\/uploads\/2017\/12\/20171121_105344-300x169.jpg 300w, https:\/\/biblioteca.iesalmudeyne.es\/wp-content\/uploads\/2017\/12\/20171121_105344-400x225.jpg 400w, https:\/\/biblioteca.iesalmudeyne.es\/wp-content\/uploads\/2017\/12\/20171121_105344-600x338.jpg 600w, https:\/\/biblioteca.iesalmudeyne.es\/wp-content\/uploads\/2017\/12\/20171121_105344-768x432.jpg 768w, https:\/\/biblioteca.iesalmudeyne.es\/wp-content\/uploads\/2017\/12\/20171121_105344-800x450.jpg 800w, https:\/\/biblioteca.iesalmudeyne.es\/wp-content\/uploads\/2017\/12\/20171121_105344-1024x576.jpg 1024w, https:\/\/biblioteca.iesalmudeyne.es\/wp-content\/uploads\/2017\/12\/20171121_105344-1200x675.jpg 1200w, https:\/\/biblioteca.iesalmudeyne.es\/wp-content\/uploads\/2017\/12\/20171121_105344-1536x864.jpg 1536w, https:\/\/biblioteca.iesalmudeyne.es\/wp-content\/uploads\/2017\/12\/20171121_105344-scaled.jpg 2560w\" sizes=\"(max-width: 300px) 100vw, 300px\" \/><\/a> <a href=\"http:\/\/biblioteca.iesalmudeyne.es\/wp-content\/uploads\/2017\/12\/Foto-de-Charo-Mir-1.jpg\" rel=\"attachment wp-att-817\"><img decoding=\"async\" class=\"size-medium wp-image-817 alignright\" src=\"http:\/\/biblioteca.iesalmudeyne.es\/wp-content\/uploads\/2017\/12\/Foto-de-Charo-Mir-1-300x225.jpg\" alt=\"Foto de Charo Mir (1)\" width=\"300\" height=\"225\" srcset=\"https:\/\/biblioteca.iesalmudeyne.es\/wp-content\/uploads\/2017\/12\/Foto-de-Charo-Mir-1-200x150.jpg 200w, https:\/\/biblioteca.iesalmudeyne.es\/wp-content\/uploads\/2017\/12\/Foto-de-Charo-Mir-1-300x225.jpg 300w, https:\/\/biblioteca.iesalmudeyne.es\/wp-content\/uploads\/2017\/12\/Foto-de-Charo-Mir-1-400x300.jpg 400w, https:\/\/biblioteca.iesalmudeyne.es\/wp-content\/uploads\/2017\/12\/Foto-de-Charo-Mir-1-600x450.jpg 600w, https:\/\/biblioteca.iesalmudeyne.es\/wp-content\/uploads\/2017\/12\/Foto-de-Charo-Mir-1-768x576.jpg 768w, https:\/\/biblioteca.iesalmudeyne.es\/wp-content\/uploads\/2017\/12\/Foto-de-Charo-Mir-1-800x600.jpg 800w, https:\/\/biblioteca.iesalmudeyne.es\/wp-content\/uploads\/2017\/12\/Foto-de-Charo-Mir-1-1024x768.jpg 1024w, https:\/\/biblioteca.iesalmudeyne.es\/wp-content\/uploads\/2017\/12\/Foto-de-Charo-Mir-1-1200x900.jpg 1200w, https:\/\/biblioteca.iesalmudeyne.es\/wp-content\/uploads\/2017\/12\/Foto-de-Charo-Mir-1-1536x1152.jpg 1536w, https:\/\/biblioteca.iesalmudeyne.es\/wp-content\/uploads\/2017\/12\/Foto-de-Charo-Mir-1.jpg 1600w\" sizes=\"(max-width: 300px) 100vw, 300px\" \/><\/a> <a href=\"http:\/\/biblioteca.iesalmudeyne.es\/wp-content\/uploads\/2017\/12\/Foto-de-Charo-Mir-2.jpg\" rel=\"attachment wp-att-818\"><img decoding=\"async\" class=\"aligncenter size-medium wp-image-818\" src=\"http:\/\/biblioteca.iesalmudeyne.es\/wp-content\/uploads\/2017\/12\/Foto-de-Charo-Mir-2-225x300.jpg\" alt=\"Foto de Charo Mir (2)\" width=\"225\" height=\"300\" srcset=\"https:\/\/biblioteca.iesalmudeyne.es\/wp-content\/uploads\/2017\/12\/Foto-de-Charo-Mir-2-200x267.jpg 200w, https:\/\/biblioteca.iesalmudeyne.es\/wp-content\/uploads\/2017\/12\/Foto-de-Charo-Mir-2-225x300.jpg 225w, https:\/\/biblioteca.iesalmudeyne.es\/wp-content\/uploads\/2017\/12\/Foto-de-Charo-Mir-2-400x533.jpg 400w, https:\/\/biblioteca.iesalmudeyne.es\/wp-content\/uploads\/2017\/12\/Foto-de-Charo-Mir-2-600x800.jpg 600w, https:\/\/biblioteca.iesalmudeyne.es\/wp-content\/uploads\/2017\/12\/Foto-de-Charo-Mir-2-768x1024.jpg 768w, https:\/\/biblioteca.iesalmudeyne.es\/wp-content\/uploads\/2017\/12\/Foto-de-Charo-Mir-2-800x1067.jpg 800w, https:\/\/biblioteca.iesalmudeyne.es\/wp-content\/uploads\/2017\/12\/Foto-de-Charo-Mir-2-1152x1536.jpg 1152w, https:\/\/biblioteca.iesalmudeyne.es\/wp-content\/uploads\/2017\/12\/Foto-de-Charo-Mir-2.jpg 1200w\" sizes=\"(max-width: 225px) 100vw, 225px\" \/><\/a> <a href=\"http:\/\/biblioteca.iesalmudeyne.es\/wp-content\/uploads\/2017\/12\/Foto-de-Charo-Mir.jpg\" rel=\"attachment wp-att-819\"><img decoding=\"async\" class=\"aligncenter size-medium wp-image-819\" src=\"http:\/\/biblioteca.iesalmudeyne.es\/wp-content\/uploads\/2017\/12\/Foto-de-Charo-Mir-300x225.jpg\" alt=\"Foto de Charo Mir\" width=\"300\" height=\"225\" srcset=\"https:\/\/biblioteca.iesalmudeyne.es\/wp-content\/uploads\/2017\/12\/Foto-de-Charo-Mir-200x150.jpg 200w, https:\/\/biblioteca.iesalmudeyne.es\/wp-content\/uploads\/2017\/12\/Foto-de-Charo-Mir-300x225.jpg 300w, https:\/\/biblioteca.iesalmudeyne.es\/wp-content\/uploads\/2017\/12\/Foto-de-Charo-Mir-400x300.jpg 400w, https:\/\/biblioteca.iesalmudeyne.es\/wp-content\/uploads\/2017\/12\/Foto-de-Charo-Mir-600x450.jpg 600w, https:\/\/biblioteca.iesalmudeyne.es\/wp-content\/uploads\/2017\/12\/Foto-de-Charo-Mir-768x576.jpg 768w, https:\/\/biblioteca.iesalmudeyne.es\/wp-content\/uploads\/2017\/12\/Foto-de-Charo-Mir-800x600.jpg 800w, https:\/\/biblioteca.iesalmudeyne.es\/wp-content\/uploads\/2017\/12\/Foto-de-Charo-Mir-1024x768.jpg 1024w, https:\/\/biblioteca.iesalmudeyne.es\/wp-content\/uploads\/2017\/12\/Foto-de-Charo-Mir-1200x900.jpg 1200w, https:\/\/biblioteca.iesalmudeyne.es\/wp-content\/uploads\/2017\/12\/Foto-de-Charo-Mir-1536x1152.jpg 1536w, https:\/\/biblioteca.iesalmudeyne.es\/wp-content\/uploads\/2017\/12\/Foto-de-Charo-Mir.jpg 1600w\" sizes=\"(max-width: 300px) 100vw, 300px\" \/><\/a><\/p>\n<p>Ese d\u00eda aprendimos muchas cosas y nos lo pasamos muy bien.<\/p>\n<p>Juan Pablo Cano Parejo.<\/p>\n<p>1\u00ba ESO-A<\/p>\n","protected":false},"excerpt":{"rendered":"<p>Fue una experiencia inolvidable. Algunos compa\u00f1eros todav\u00eda no hab\u00edan entrado [&hellip;]<\/p>\n","protected":false},"author":1,"featured_media":0,"comment_status":"open","ping_status":"open","sticky":false,"template":"","format":"standard","meta":{"footnotes":""},"categories":[1],"tags":[],"class_list":["post-812","post","type-post","status-publish","format-standard","hentry","category-uncategorized"],"_links":{"self":[{"href":"https:\/\/biblioteca.iesalmudeyne.es\/index.php?rest_route=\/wp\/v2\/posts\/812","targetHints":{"allow":["GET"]}}],"collection":[{"href":"https:\/\/biblioteca.iesalmudeyne.es\/index.php?rest_route=\/wp\/v2\/posts"}],"about":[{"href":"https:\/\/biblioteca.iesalmudeyne.es\/index.php?rest_route=\/wp\/v2\/types\/post"}],"author":[{"embeddable":true,"href":"https:\/\/biblioteca.iesalmudeyne.es\/index.php?rest_route=\/wp\/v2\/users\/1"}],"replies":[{"embeddable":true,"href":"https:\/\/biblioteca.iesalmudeyne.es\/index.php?rest_route=%2Fwp%2Fv2%2Fcomments&post=812"}],"version-history":[{"count":0,"href":"https:\/\/biblioteca.iesalmudeyne.es\/index.php?rest_route=\/wp\/v2\/posts\/812\/revisions"}],"wp:attachment":[{"href":"https:\/\/biblioteca.iesalmudeyne.es\/index.php?rest_route=%2Fwp%2Fv2%2Fmedia&parent=812"}],"wp:term":[{"taxonomy":"category","embeddable":true,"href":"https:\/\/biblioteca.iesalmudeyne.es\/index.php?rest_route=%2Fwp%2Fv2%2Fcategories&post=812"},{"taxonomy":"post_tag","embeddable":true,"href":"https:\/\/biblioteca.iesalmudeyne.es\/index.php?rest_route=%2Fwp%2Fv2%2Ftags&post=812"}],"curies":[{"name":"wp","href":"https:\/\/api.w.org\/{rel}","templated":true}]}}