{"id":822,"date":"2017-12-14T22:05:24","date_gmt":"2017-12-14T21:05:24","guid":{"rendered":"http:\/\/biblioteca.iesalmudeyne.es\/?p=822"},"modified":"2017-12-14T22:05:24","modified_gmt":"2017-12-14T21:05:24","slug":"nuestros-marcapaginas-ganadores","status":"publish","type":"post","link":"https:\/\/biblioteca.iesalmudeyne.es\/?p=822","title":{"rendered":"Nuestros marcap\u00e1ginas ganadores"},"content":{"rendered":"<p class=\"alignleft\">\u00a0 \u00a0 \u00a0 \u00a0 \u00a0 \u00a0 \u00a0 \u00a0 \u00a0 \u00a0 \u00a0 \u00a0 \u00a0<strong>\u00a0 \u00a1A que son preciosos!\u00a0<\/strong><br \/>\n<a href=\"http:\/\/biblioteca.iesalmudeyne.es\/wp-content\/uploads\/2017\/12\/Parte-delantera-marcap\u00e1ginas-1.png\" rel=\"attachment wp-att-825\"><img decoding=\"async\" class=\"alignleft wp-image-825 size-medium\" src=\"http:\/\/biblioteca.iesalmudeyne.es\/wp-content\/uploads\/2017\/12\/Parte-delantera-marcap\u00e1ginas-1-100x300.png\" alt=\"Parte delantera marcap\u00e1ginas (1)\" width=\"100\" height=\"300\" \/><\/a><a href=\"http:\/\/biblioteca.iesalmudeyne.es\/wp-content\/uploads\/2017\/12\/Marcapaginas-1.jpg\" rel=\"attachment wp-att-824\"><img decoding=\"async\" class=\"size-medium wp-image-824\" src=\"http:\/\/biblioteca.iesalmudeyne.es\/wp-content\/uploads\/2017\/12\/Marcapaginas-1-100x300.jpg\" alt=\"Marcapaginas (1)\" width=\"100\" height=\"300\" srcset=\"https:\/\/biblioteca.iesalmudeyne.es\/wp-content\/uploads\/2017\/12\/Marcapaginas-1-100x300.jpg 100w, https:\/\/biblioteca.iesalmudeyne.es\/wp-content\/uploads\/2017\/12\/Marcapaginas-1.jpg 113w\" sizes=\"(max-width: 100px) 100vw, 100px\" \/><\/a><a href=\"http:\/\/biblioteca.iesalmudeyne.es\/wp-content\/uploads\/2017\/12\/marca-paginas-1.png\" rel=\"attachment wp-att-823\"><img decoding=\"async\" class=\"wp-image-823 size-medium alignnone\" src=\"http:\/\/biblioteca.iesalmudeyne.es\/wp-content\/uploads\/2017\/12\/marca-paginas-1-99x300.png\" alt=\"marca paginas (1)\" width=\"99\" height=\"300\" srcset=\"https:\/\/biblioteca.iesalmudeyne.es\/wp-content\/uploads\/2017\/12\/marca-paginas-1-99x300.png 99w, https:\/\/biblioteca.iesalmudeyne.es\/wp-content\/uploads\/2017\/12\/marca-paginas-1.png 121w\" sizes=\"(max-width: 99px) 100vw, 99px\" \/><\/a><\/p>\n<p>&nbsp;<\/p>\n<p>&nbsp;<\/p>\n<p>&nbsp;<\/p>\n<p>Gracias a Adri\u00e1n Moral,\u00a0 Jos\u00e9 MIguel Santos y Ra\u00fal Gonz\u00e1lez, alumnos este a\u00f1o de 2\u00ba de SMR y al profesor Jos\u00e9 Carlos Revuelta por su colaboraci\u00f3n.<\/p>\n<p><strong>\u00a1Esperemos que pronto los podamos tener\u00a0 \u00a0 \u00a0 \u00a0 \u00a0 \u00a0 \u00a0 \u00a0 \u00a0 \u00a0 \u00a0 \u00a0 en la biblioteca!<\/strong><\/p>\n<p class=\"alignleft\">\n","protected":false},"excerpt":{"rendered":"<p>\u00a0 \u00a0 \u00a0 \u00a0 \u00a0 \u00a0 \u00a0 \u00a0 \u00a0 \u00a0 [&hellip;]<\/p>\n","protected":false},"author":1,"featured_media":0,"comment_status":"closed","ping_status":"closed","sticky":false,"template":"","format":"standard","meta":{"footnotes":""},"categories":[1],"tags":[],"class_list":["post-822","post","type-post","status-publish","format-standard","hentry","category-uncategorized"],"_links":{"self":[{"href":"https:\/\/biblioteca.iesalmudeyne.es\/index.php?rest_route=\/wp\/v2\/posts\/822","targetHints":{"allow":["GET"]}}],"collection":[{"href":"https:\/\/biblioteca.iesalmudeyne.es\/index.php?rest_route=\/wp\/v2\/posts"}],"about":[{"href":"https:\/\/biblioteca.iesalmudeyne.es\/index.php?rest_route=\/wp\/v2\/types\/post"}],"author":[{"embeddable":true,"href":"https:\/\/biblioteca.iesalmudeyne.es\/index.php?rest_route=\/wp\/v2\/users\/1"}],"replies":[{"embeddable":true,"href":"https:\/\/biblioteca.iesalmudeyne.es\/index.php?rest_route=%2Fwp%2Fv2%2Fcomments&post=822"}],"version-history":[{"count":0,"href":"https:\/\/biblioteca.iesalmudeyne.es\/index.php?rest_route=\/wp\/v2\/posts\/822\/revisions"}],"wp:attachment":[{"href":"https:\/\/biblioteca.iesalmudeyne.es\/index.php?rest_route=%2Fwp%2Fv2%2Fmedia&parent=822"}],"wp:term":[{"taxonomy":"category","embeddable":true,"href":"https:\/\/biblioteca.iesalmudeyne.es\/index.php?rest_route=%2Fwp%2Fv2%2Fcategories&post=822"},{"taxonomy":"post_tag","embeddable":true,"href":"https:\/\/biblioteca.iesalmudeyne.es\/index.php?rest_route=%2Fwp%2Fv2%2Ftags&post=822"}],"curies":[{"name":"wp","href":"https:\/\/api.w.org\/{rel}","templated":true}]}}