{"id":854,"date":"2017-12-20T21:29:28","date_gmt":"2017-12-20T20:29:28","guid":{"rendered":"http:\/\/biblioteca.iesalmudeyne.es\/?p=854"},"modified":"2017-12-20T21:29:28","modified_gmt":"2017-12-20T20:29:28","slug":"navidad-internacional","status":"publish","type":"post","link":"https:\/\/biblioteca.iesalmudeyne.es\/?p=854","title":{"rendered":"NAVIDAD INTERNACIONAL"},"content":{"rendered":"<p><span style=\"font-weight: 400;\">Las profesoras del grupo biblioteca, Raquel y Carolina, de los Departamentos de Ingl\u00e9s \u00a0y Franc\u00e9s \u00a0han preparado una serie de \u00a0actividades \u00a0para el mes de diciembre, \u00a0que han enmarcado dentro del t\u00edtulo \u201cNavidades Internacionales\u201d y que han desarrollado con \u00a0algunos grupos biling\u00fces del centro de 1\u00ba , 2\u00ba y 3\u00ba de ESO. <\/span><\/p>\n<p>&nbsp;<\/p>\n<p><b>\u00a0 \u00a0 \u00a0 \u00a0 \u00a0 \u00a0 \u00a0 \u00a0 \u00a0 \u00a0 \u00a0 \u00a0 \u00a0 \u00a0 \u00a0 \u00a0 \u00a0 \u00a0 \u00a0 \u00a0 \u00a0 \u00a0 \u00a0 \u00a0 \u00a0 \u00a0 \u00a0 \u00a0 \u00a0 \u00a0 \u00a0 TARJETAS Y ADORNOS NAVIDE\u00d1OS<\/b><\/p>\n<p><span style=\"font-weight: 400;\">Felicitaciones y adornos artesanales realizados por los alumnos con mucho arte e imaginaci\u00f3n que quedaron expuestas y que decoraron nuestro centro para estas fiestas tan entra\u00f1ables. Por supuesto, escritas tanto en ingl\u00e9s como en franc\u00e9s.<\/span><\/p>\n<p><a href=\"http:\/\/biblioteca.iesalmudeyne.es\/wp-content\/uploads\/2018\/02\/20171215_104816-e1518119580927.jpg\" rel=\"attachment wp-att-855\"><img decoding=\"async\" class=\"aligncenter size-medium wp-image-855\" src=\"http:\/\/biblioteca.iesalmudeyne.es\/wp-content\/uploads\/2018\/02\/20171215_104816-e1518119580927-169x300.jpg\" alt=\"20171215_104816\" width=\"169\" height=\"300\" srcset=\"https:\/\/biblioteca.iesalmudeyne.es\/wp-content\/uploads\/2018\/02\/20171215_104816-e1518119580927-169x300.jpg 169w, https:\/\/biblioteca.iesalmudeyne.es\/wp-content\/uploads\/2018\/02\/20171215_104816-e1518119580927-200x356.jpg 200w, https:\/\/biblioteca.iesalmudeyne.es\/wp-content\/uploads\/2018\/02\/20171215_104816-e1518119580927-400x711.jpg 400w, https:\/\/biblioteca.iesalmudeyne.es\/wp-content\/uploads\/2018\/02\/20171215_104816-e1518119580927-576x1024.jpg 576w, https:\/\/biblioteca.iesalmudeyne.es\/wp-content\/uploads\/2018\/02\/20171215_104816-e1518119580927-600x1067.jpg 600w, https:\/\/biblioteca.iesalmudeyne.es\/wp-content\/uploads\/2018\/02\/20171215_104816-e1518119580927-768x1365.jpg 768w, https:\/\/biblioteca.iesalmudeyne.es\/wp-content\/uploads\/2018\/02\/20171215_104816-e1518119580927-800x1422.jpg 800w, https:\/\/biblioteca.iesalmudeyne.es\/wp-content\/uploads\/2018\/02\/20171215_104816-e1518119580927-864x1536.jpg 864w, https:\/\/biblioteca.iesalmudeyne.es\/wp-content\/uploads\/2018\/02\/20171215_104816-e1518119580927-1152x2048.jpg 1152w, https:\/\/biblioteca.iesalmudeyne.es\/wp-content\/uploads\/2018\/02\/20171215_104816-e1518119580927-1200x2133.jpg 1200w, https:\/\/biblioteca.iesalmudeyne.es\/wp-content\/uploads\/2018\/02\/20171215_104816-e1518119580927-scaled.jpg 1440w\" sizes=\"(max-width: 169px) 100vw, 169px\" \/><\/a> <a href=\"http:\/\/biblioteca.iesalmudeyne.es\/wp-content\/uploads\/2018\/02\/20171219_154325.jpg\" rel=\"attachment wp-att-856\"><img decoding=\"async\" class=\"aligncenter size-medium wp-image-856\" src=\"http:\/\/biblioteca.iesalmudeyne.es\/wp-content\/uploads\/2018\/02\/20171219_154325-300x169.jpg\" alt=\"20171219_154325\" width=\"300\" height=\"169\" srcset=\"https:\/\/biblioteca.iesalmudeyne.es\/wp-content\/uploads\/2018\/02\/20171219_154325-200x113.jpg 200w, https:\/\/biblioteca.iesalmudeyne.es\/wp-content\/uploads\/2018\/02\/20171219_154325-300x169.jpg 300w, https:\/\/biblioteca.iesalmudeyne.es\/wp-content\/uploads\/2018\/02\/20171219_154325-400x225.jpg 400w, https:\/\/biblioteca.iesalmudeyne.es\/wp-content\/uploads\/2018\/02\/20171219_154325-600x338.jpg 600w, https:\/\/biblioteca.iesalmudeyne.es\/wp-content\/uploads\/2018\/02\/20171219_154325-768x432.jpg 768w, https:\/\/biblioteca.iesalmudeyne.es\/wp-content\/uploads\/2018\/02\/20171219_154325-800x450.jpg 800w, https:\/\/biblioteca.iesalmudeyne.es\/wp-content\/uploads\/2018\/02\/20171219_154325-1024x576.jpg 1024w, https:\/\/biblioteca.iesalmudeyne.es\/wp-content\/uploads\/2018\/02\/20171219_154325-1200x675.jpg 1200w, https:\/\/biblioteca.iesalmudeyne.es\/wp-content\/uploads\/2018\/02\/20171219_154325-1536x864.jpg 1536w, https:\/\/biblioteca.iesalmudeyne.es\/wp-content\/uploads\/2018\/02\/20171219_154325-scaled.jpg 2560w\" sizes=\"(max-width: 300px) 100vw, 300px\" \/><\/a> <a href=\"http:\/\/biblioteca.iesalmudeyne.es\/wp-content\/uploads\/2018\/02\/20171219_154346.jpg\" rel=\"attachment wp-att-857\"><img decoding=\"async\" class=\"aligncenter size-medium wp-image-857\" src=\"http:\/\/biblioteca.iesalmudeyne.es\/wp-content\/uploads\/2018\/02\/20171219_154346-300x169.jpg\" alt=\"20171219_154346\" width=\"300\" height=\"169\" srcset=\"https:\/\/biblioteca.iesalmudeyne.es\/wp-content\/uploads\/2018\/02\/20171219_154346-200x113.jpg 200w, https:\/\/biblioteca.iesalmudeyne.es\/wp-content\/uploads\/2018\/02\/20171219_154346-300x169.jpg 300w, https:\/\/biblioteca.iesalmudeyne.es\/wp-content\/uploads\/2018\/02\/20171219_154346-400x225.jpg 400w, https:\/\/biblioteca.iesalmudeyne.es\/wp-content\/uploads\/2018\/02\/20171219_154346-600x338.jpg 600w, https:\/\/biblioteca.iesalmudeyne.es\/wp-content\/uploads\/2018\/02\/20171219_154346-768x432.jpg 768w, https:\/\/biblioteca.iesalmudeyne.es\/wp-content\/uploads\/2018\/02\/20171219_154346-800x450.jpg 800w, https:\/\/biblioteca.iesalmudeyne.es\/wp-content\/uploads\/2018\/02\/20171219_154346-1024x576.jpg 1024w, https:\/\/biblioteca.iesalmudeyne.es\/wp-content\/uploads\/2018\/02\/20171219_154346-1200x675.jpg 1200w, https:\/\/biblioteca.iesalmudeyne.es\/wp-content\/uploads\/2018\/02\/20171219_154346-1536x864.jpg 1536w, https:\/\/biblioteca.iesalmudeyne.es\/wp-content\/uploads\/2018\/02\/20171219_154346-scaled.jpg 2560w\" sizes=\"(max-width: 300px) 100vw, 300px\" \/><\/a><\/p>\n<p><span style=\"font-weight: 400;\">\u00a0 \u00a0 \u00a0 \u00a0 \u00a0 \u00a0 \u00a0 \u00a0 \u00a0 \u00a0 <strong>\u00a0 \u00a0 \u00a0 \u00a0 \u00a0 \u00a0 \u00a0 \u00a0 \u00a0 \u00a0 <\/strong><\/span><\/p>\n<p><span style=\"font-weight: 400;\"><strong>\u00a0 \u00a0 \u00a0 \u00a0 \u00a0 \u00a0 \u00a0 \u00a0 \u00a0 \u00a0 \u00a0 \u00a0 \u00a0 \u00a0 \u00a0 \u00a0 \u00a0 \u00a0 \u00a0 \u00a0 \u00a0 \u00a0 \u00a0 \u00a0CONCURSO DE DULCES NAVIDE\u00d1OS INTERNACIONALES<\/strong><\/span><\/p>\n<p><a href=\"http:\/\/biblioteca.iesalmudeyne.es\/wp-content\/uploads\/2018\/02\/20171222_093439-e1518119858394.jpg\" rel=\"attachment wp-att-858\"><img decoding=\"async\" class=\"aligncenter size-medium wp-image-858\" src=\"http:\/\/biblioteca.iesalmudeyne.es\/wp-content\/uploads\/2018\/02\/20171222_093439-e1518119858394-169x300.jpg\" alt=\"20171222_093439\" width=\"169\" height=\"300\" srcset=\"https:\/\/biblioteca.iesalmudeyne.es\/wp-content\/uploads\/2018\/02\/20171222_093439-e1518119858394-169x300.jpg 169w, https:\/\/biblioteca.iesalmudeyne.es\/wp-content\/uploads\/2018\/02\/20171222_093439-e1518119858394-200x356.jpg 200w, https:\/\/biblioteca.iesalmudeyne.es\/wp-content\/uploads\/2018\/02\/20171222_093439-e1518119858394-400x711.jpg 400w, https:\/\/biblioteca.iesalmudeyne.es\/wp-content\/uploads\/2018\/02\/20171222_093439-e1518119858394-576x1024.jpg 576w, https:\/\/biblioteca.iesalmudeyne.es\/wp-content\/uploads\/2018\/02\/20171222_093439-e1518119858394-600x1067.jpg 600w, https:\/\/biblioteca.iesalmudeyne.es\/wp-content\/uploads\/2018\/02\/20171222_093439-e1518119858394-768x1365.jpg 768w, https:\/\/biblioteca.iesalmudeyne.es\/wp-content\/uploads\/2018\/02\/20171222_093439-e1518119858394-800x1422.jpg 800w, https:\/\/biblioteca.iesalmudeyne.es\/wp-content\/uploads\/2018\/02\/20171222_093439-e1518119858394-864x1536.jpg 864w, https:\/\/biblioteca.iesalmudeyne.es\/wp-content\/uploads\/2018\/02\/20171222_093439-e1518119858394-1152x2048.jpg 1152w, https:\/\/biblioteca.iesalmudeyne.es\/wp-content\/uploads\/2018\/02\/20171222_093439-e1518119858394-1200x2133.jpg 1200w, https:\/\/biblioteca.iesalmudeyne.es\/wp-content\/uploads\/2018\/02\/20171222_093439-e1518119858394-scaled.jpg 1440w\" sizes=\"(max-width: 169px) 100vw, 169px\" \/><\/a><\/p>\n<p><a href=\"http:\/\/biblioteca.iesalmudeyne.es\/wp-content\/uploads\/2018\/02\/20171222_093407-e1518120183619.jpg\" rel=\"attachment wp-att-860\"><img decoding=\"async\" class=\"size-medium wp-image-860 alignleft\" src=\"http:\/\/biblioteca.iesalmudeyne.es\/wp-content\/uploads\/2018\/02\/20171222_093407-e1518120183619-169x300.jpg\" alt=\"20171222_093407\" width=\"169\" height=\"300\" srcset=\"https:\/\/biblioteca.iesalmudeyne.es\/wp-content\/uploads\/2018\/02\/20171222_093407-e1518120183619-169x300.jpg 169w, https:\/\/biblioteca.iesalmudeyne.es\/wp-content\/uploads\/2018\/02\/20171222_093407-e1518120183619-200x356.jpg 200w, https:\/\/biblioteca.iesalmudeyne.es\/wp-content\/uploads\/2018\/02\/20171222_093407-e1518120183619-400x711.jpg 400w, https:\/\/biblioteca.iesalmudeyne.es\/wp-content\/uploads\/2018\/02\/20171222_093407-e1518120183619-576x1024.jpg 576w, https:\/\/biblioteca.iesalmudeyne.es\/wp-content\/uploads\/2018\/02\/20171222_093407-e1518120183619-600x1067.jpg 600w, https:\/\/biblioteca.iesalmudeyne.es\/wp-content\/uploads\/2018\/02\/20171222_093407-e1518120183619-768x1365.jpg 768w, https:\/\/biblioteca.iesalmudeyne.es\/wp-content\/uploads\/2018\/02\/20171222_093407-e1518120183619-800x1422.jpg 800w, https:\/\/biblioteca.iesalmudeyne.es\/wp-content\/uploads\/2018\/02\/20171222_093407-e1518120183619-864x1536.jpg 864w, https:\/\/biblioteca.iesalmudeyne.es\/wp-content\/uploads\/2018\/02\/20171222_093407-e1518120183619-1152x2048.jpg 1152w, https:\/\/biblioteca.iesalmudeyne.es\/wp-content\/uploads\/2018\/02\/20171222_093407-e1518120183619-1200x2133.jpg 1200w, https:\/\/biblioteca.iesalmudeyne.es\/wp-content\/uploads\/2018\/02\/20171222_093407-e1518120183619-scaled.jpg 1440w\" sizes=\"(max-width: 169px) 100vw, 169px\" \/><\/a><\/p>\n<p>&nbsp;<\/p>\n<p>&nbsp;<\/p>\n<p><span style=\"font-weight: 400;\">Realizados por los alumnos de 1\u00ba A y B y valorados por sus compa\u00f1eros de otros primeros de ESO, quienes\u00a0 finalmente dieron el<\/span><b> primer premio<\/b><span style=\"font-weight: 400;\"> al equipo formado por \u00a0Ana Mart\u00edn, Luc\u00eda Hidalgo y Natalia Crespo de 1\u00baESO-A y el <\/span><b>segundo premio<\/b><span style=\"font-weight: 400;\"> fue para los hermanos Ra\u00fal y Juan Manuel Rold\u00e1n \u00a0tambi\u00e9n de 1\u00baESO-A.<\/span><\/p>\n<p>Lo mejor&#8230;.\u00a1 que todos pudimos disfrutarlos !<\/p>\n<p><span style=\"font-weight: 400;\">Finalmente a los alumnos premiados se les entreg\u00f3 una mochila y\u00a0 una bolsa de deporte como colof\u00f3n de un acto musical que se celebr\u00f3 en el sal\u00f3n de usos m\u00faltiples y donde interpretaron villancicos tanto profesores como alumnos.<\/span><\/p>\n<p><a href=\"http:\/\/biblioteca.iesalmudeyne.es\/wp-content\/uploads\/2018\/02\/Historia-de-las-notas-musicales.jpg\" rel=\"attachment wp-att-867\"><img decoding=\"async\" class=\"size-medium wp-image-867 alignright\" src=\"http:\/\/biblioteca.iesalmudeyne.es\/wp-content\/uploads\/2018\/02\/Historia-de-las-notas-musicales-300x200.jpg\" alt=\"Historia-de-las-notas-musicales\" width=\"300\" height=\"200\" srcset=\"https:\/\/biblioteca.iesalmudeyne.es\/wp-content\/uploads\/2018\/02\/Historia-de-las-notas-musicales-200x133.jpg 200w, https:\/\/biblioteca.iesalmudeyne.es\/wp-content\/uploads\/2018\/02\/Historia-de-las-notas-musicales-300x200.jpg 300w, https:\/\/biblioteca.iesalmudeyne.es\/wp-content\/uploads\/2018\/02\/Historia-de-las-notas-musicales-400x267.jpg 400w, https:\/\/biblioteca.iesalmudeyne.es\/wp-content\/uploads\/2018\/02\/Historia-de-las-notas-musicales.jpg 600w\" sizes=\"(max-width: 300px) 100vw, 300px\" \/><\/a><\/p>\n<p>&nbsp;<\/p>\n<p>&nbsp;<\/p>\n<p>&nbsp;<\/p>\n<p>&nbsp;<\/p>\n<p><b>HISTORIAS NAVIDE\u00d1AS<\/b><\/p>\n<p><em><span style=\"font-weight: 400;\">La siguiente \u00a0cr\u00f3nica nos la env\u00eda la alumna<\/span><b> Marta Coronilla Murube de 3\u00aaA.<\/b><\/em><\/p>\n<p>&nbsp;<\/p>\n<p><span style=\"font-weight: 400;\">Carolina, nuestra profesora de franc\u00e9s de 3\u00baA, nos propuso una gran idea. Un proyecto para Navidad.<\/span><\/p>\n<p><span style=\"font-weight: 400;\">Cantamos el villancico del Tamborilero y tambi\u00e9n preparamos unas obras de teatro navide\u00f1as, realizadas por grupos de 5 o 6 alumnos y todo esto en franc\u00e9s \u00a1c\u00f3mo no!. Hicimos la representaci\u00f3n el d\u00eda 22 de diciembre en la biblioteca del centro: tres obras de distintas tem\u00e1ticas. \u00a1Fue un proyecto muy interesante y ante todo muy divertido!<\/span><\/p>\n<p><span style=\"font-weight: 400;\">Tras una semana de ensayos pudimos representarlo para los alumnos de 1\u00ba y 2\u00ba de ESO, que quedaron encantados.<\/span><\/p>\n<p><a href=\"http:\/\/biblioteca.iesalmudeyne.es\/wp-content\/uploads\/2018\/02\/IMG-20171222-WA0009.jpg\" rel=\"attachment wp-att-862\"><img decoding=\"async\" class=\"size-medium wp-image-862 alignleft\" src=\"http:\/\/biblioteca.iesalmudeyne.es\/wp-content\/uploads\/2018\/02\/IMG-20171222-WA0009-300x225.jpg\" alt=\"IMG-20171222-WA0009\" width=\"300\" height=\"225\" srcset=\"https:\/\/biblioteca.iesalmudeyne.es\/wp-content\/uploads\/2018\/02\/IMG-20171222-WA0009-200x150.jpg 200w, https:\/\/biblioteca.iesalmudeyne.es\/wp-content\/uploads\/2018\/02\/IMG-20171222-WA0009-300x225.jpg 300w, https:\/\/biblioteca.iesalmudeyne.es\/wp-content\/uploads\/2018\/02\/IMG-20171222-WA0009-400x300.jpg 400w, https:\/\/biblioteca.iesalmudeyne.es\/wp-content\/uploads\/2018\/02\/IMG-20171222-WA0009-600x450.jpg 600w, https:\/\/biblioteca.iesalmudeyne.es\/wp-content\/uploads\/2018\/02\/IMG-20171222-WA0009-768x576.jpg 768w, https:\/\/biblioteca.iesalmudeyne.es\/wp-content\/uploads\/2018\/02\/IMG-20171222-WA0009-800x600.jpg 800w, https:\/\/biblioteca.iesalmudeyne.es\/wp-content\/uploads\/2018\/02\/IMG-20171222-WA0009-1024x768.jpg 1024w, https:\/\/biblioteca.iesalmudeyne.es\/wp-content\/uploads\/2018\/02\/IMG-20171222-WA0009-1200x900.jpg 1200w, https:\/\/biblioteca.iesalmudeyne.es\/wp-content\/uploads\/2018\/02\/IMG-20171222-WA0009-1536x1152.jpg 1536w, https:\/\/biblioteca.iesalmudeyne.es\/wp-content\/uploads\/2018\/02\/IMG-20171222-WA0009.jpg 1600w\" sizes=\"(max-width: 300px) 100vw, 300px\" \/><\/a><a href=\"http:\/\/biblioteca.iesalmudeyne.es\/wp-content\/uploads\/2018\/02\/IMG-20171222-WA0018.jpg\" rel=\"attachment wp-att-864\"><img decoding=\"async\" class=\"size-medium wp-image-864 alignleft\" src=\"http:\/\/biblioteca.iesalmudeyne.es\/wp-content\/uploads\/2018\/02\/IMG-20171222-WA0018-300x225.jpg\" alt=\"IMG-20171222-WA0018\" width=\"300\" height=\"225\" srcset=\"https:\/\/biblioteca.iesalmudeyne.es\/wp-content\/uploads\/2018\/02\/IMG-20171222-WA0018-200x150.jpg 200w, https:\/\/biblioteca.iesalmudeyne.es\/wp-content\/uploads\/2018\/02\/IMG-20171222-WA0018-300x225.jpg 300w, https:\/\/biblioteca.iesalmudeyne.es\/wp-content\/uploads\/2018\/02\/IMG-20171222-WA0018-400x300.jpg 400w, https:\/\/biblioteca.iesalmudeyne.es\/wp-content\/uploads\/2018\/02\/IMG-20171222-WA0018-600x450.jpg 600w, https:\/\/biblioteca.iesalmudeyne.es\/wp-content\/uploads\/2018\/02\/IMG-20171222-WA0018-768x576.jpg 768w, https:\/\/biblioteca.iesalmudeyne.es\/wp-content\/uploads\/2018\/02\/IMG-20171222-WA0018-800x600.jpg 800w, https:\/\/biblioteca.iesalmudeyne.es\/wp-content\/uploads\/2018\/02\/IMG-20171222-WA0018-1024x768.jpg 1024w, https:\/\/biblioteca.iesalmudeyne.es\/wp-content\/uploads\/2018\/02\/IMG-20171222-WA0018-1200x900.jpg 1200w, https:\/\/biblioteca.iesalmudeyne.es\/wp-content\/uploads\/2018\/02\/IMG-20171222-WA0018-1536x1152.jpg 1536w, https:\/\/biblioteca.iesalmudeyne.es\/wp-content\/uploads\/2018\/02\/IMG-20171222-WA0018.jpg 1600w\" sizes=\"(max-width: 300px) 100vw, 300px\" \/><\/a> <a href=\"http:\/\/biblioteca.iesalmudeyne.es\/wp-content\/uploads\/2018\/02\/IMG-20171222-WA0020.jpg\" rel=\"attachment wp-att-865\"><img decoding=\"async\" class=\"size-medium wp-image-865 alignright\" src=\"http:\/\/biblioteca.iesalmudeyne.es\/wp-content\/uploads\/2018\/02\/IMG-20171222-WA0020-300x225.jpg\" alt=\"IMG-20171222-WA0020\" width=\"300\" height=\"225\" srcset=\"https:\/\/biblioteca.iesalmudeyne.es\/wp-content\/uploads\/2018\/02\/IMG-20171222-WA0020-200x150.jpg 200w, https:\/\/biblioteca.iesalmudeyne.es\/wp-content\/uploads\/2018\/02\/IMG-20171222-WA0020-300x225.jpg 300w, https:\/\/biblioteca.iesalmudeyne.es\/wp-content\/uploads\/2018\/02\/IMG-20171222-WA0020-400x300.jpg 400w, https:\/\/biblioteca.iesalmudeyne.es\/wp-content\/uploads\/2018\/02\/IMG-20171222-WA0020-600x450.jpg 600w, https:\/\/biblioteca.iesalmudeyne.es\/wp-content\/uploads\/2018\/02\/IMG-20171222-WA0020-768x576.jpg 768w, https:\/\/biblioteca.iesalmudeyne.es\/wp-content\/uploads\/2018\/02\/IMG-20171222-WA0020-800x600.jpg 800w, https:\/\/biblioteca.iesalmudeyne.es\/wp-content\/uploads\/2018\/02\/IMG-20171222-WA0020-1024x768.jpg 1024w, https:\/\/biblioteca.iesalmudeyne.es\/wp-content\/uploads\/2018\/02\/IMG-20171222-WA0020-1200x900.jpg 1200w, https:\/\/biblioteca.iesalmudeyne.es\/wp-content\/uploads\/2018\/02\/IMG-20171222-WA0020-1536x1152.jpg 1536w, https:\/\/biblioteca.iesalmudeyne.es\/wp-content\/uploads\/2018\/02\/IMG-20171222-WA0020.jpg 1600w\" sizes=\"(max-width: 300px) 100vw, 300px\" \/><\/a> <a href=\"http:\/\/biblioteca.iesalmudeyne.es\/wp-content\/uploads\/2018\/02\/IMG-20171222-WA0016.jpg\" rel=\"attachment wp-att-863\"><img decoding=\"async\" class=\"size-medium wp-image-863 alignright\" src=\"http:\/\/biblioteca.iesalmudeyne.es\/wp-content\/uploads\/2018\/02\/IMG-20171222-WA0016-300x225.jpg\" alt=\"IMG-20171222-WA0016\" width=\"300\" height=\"225\" srcset=\"https:\/\/biblioteca.iesalmudeyne.es\/wp-content\/uploads\/2018\/02\/IMG-20171222-WA0016-200x150.jpg 200w, https:\/\/biblioteca.iesalmudeyne.es\/wp-content\/uploads\/2018\/02\/IMG-20171222-WA0016-300x225.jpg 300w, https:\/\/biblioteca.iesalmudeyne.es\/wp-content\/uploads\/2018\/02\/IMG-20171222-WA0016-400x300.jpg 400w, https:\/\/biblioteca.iesalmudeyne.es\/wp-content\/uploads\/2018\/02\/IMG-20171222-WA0016-600x450.jpg 600w, https:\/\/biblioteca.iesalmudeyne.es\/wp-content\/uploads\/2018\/02\/IMG-20171222-WA0016-768x576.jpg 768w, https:\/\/biblioteca.iesalmudeyne.es\/wp-content\/uploads\/2018\/02\/IMG-20171222-WA0016-800x600.jpg 800w, https:\/\/biblioteca.iesalmudeyne.es\/wp-content\/uploads\/2018\/02\/IMG-20171222-WA0016-1024x768.jpg 1024w, https:\/\/biblioteca.iesalmudeyne.es\/wp-content\/uploads\/2018\/02\/IMG-20171222-WA0016-1200x900.jpg 1200w, https:\/\/biblioteca.iesalmudeyne.es\/wp-content\/uploads\/2018\/02\/IMG-20171222-WA0016-1536x1152.jpg 1536w, https:\/\/biblioteca.iesalmudeyne.es\/wp-content\/uploads\/2018\/02\/IMG-20171222-WA0016.jpg 1600w\" sizes=\"(max-width: 300px) 100vw, 300px\" \/><\/a><a href=\"http:\/\/biblioteca.iesalmudeyne.es\/wp-content\/uploads\/2018\/02\/IMG-20180112-WA0008.jpg\" rel=\"attachment wp-att-866\"><img decoding=\"async\" class=\"aligncenter size-medium wp-image-866\" src=\"http:\/\/biblioteca.iesalmudeyne.es\/wp-content\/uploads\/2018\/02\/IMG-20180112-WA0008-300x169.jpg\" alt=\"IMG-20180112-WA0008\" width=\"300\" height=\"169\" srcset=\"https:\/\/biblioteca.iesalmudeyne.es\/wp-content\/uploads\/2018\/02\/IMG-20180112-WA0008-200x113.jpg 200w, https:\/\/biblioteca.iesalmudeyne.es\/wp-content\/uploads\/2018\/02\/IMG-20180112-WA0008-300x169.jpg 300w, https:\/\/biblioteca.iesalmudeyne.es\/wp-content\/uploads\/2018\/02\/IMG-20180112-WA0008-400x225.jpg 400w, https:\/\/biblioteca.iesalmudeyne.es\/wp-content\/uploads\/2018\/02\/IMG-20180112-WA0008-600x338.jpg 600w, https:\/\/biblioteca.iesalmudeyne.es\/wp-content\/uploads\/2018\/02\/IMG-20180112-WA0008-768x432.jpg 768w, https:\/\/biblioteca.iesalmudeyne.es\/wp-content\/uploads\/2018\/02\/IMG-20180112-WA0008-800x450.jpg 800w, https:\/\/biblioteca.iesalmudeyne.es\/wp-content\/uploads\/2018\/02\/IMG-20180112-WA0008-1024x576.jpg 1024w, https:\/\/biblioteca.iesalmudeyne.es\/wp-content\/uploads\/2018\/02\/IMG-20180112-WA0008-1200x675.jpg 1200w, https:\/\/biblioteca.iesalmudeyne.es\/wp-content\/uploads\/2018\/02\/IMG-20180112-WA0008.jpg 1280w\" sizes=\"(max-width: 300px) 100vw, 300px\" \/><\/a><\/p>\n<p><span style=\"font-weight: 400;\">Y para terminar, agradecer, sobre todo a Carolina, su dedicaci\u00f3n, paciencia y entusiasmo con todos nosotros.<\/span><\/p>\n<p><span style=\"font-weight: 400;\">\u00a0 \u00a0 \u00a0 \u00a0 \u00a0 \u00a0 \u00a0 \u00a0 \u00a0 \u00a0 \u00a0 \u00a0 \u00a0 \u00a0 \u00a0 \u00a0 \u00a0 \u00a0 \u00a0 \u00a0 \u00a0 \u00a0 \u00a0 \u00a0 \u00a0 \u00a0 \u00a0 \u00a0 \u00a0 \u00a0 \u00a0 \u00a0 \u00a0 \u00a0 \u00a0GRACIAS DE CORAZ\u00d3N<\/span><\/p>\n<p>&nbsp;<\/p>\n","protected":false},"excerpt":{"rendered":"<p>Las profesoras del grupo biblioteca, Raquel y Carolina, de los [&hellip;]<\/p>\n","protected":false},"author":1,"featured_media":0,"comment_status":"open","ping_status":"open","sticky":false,"template":"","format":"standard","meta":{"footnotes":""},"categories":[1],"tags":[],"class_list":["post-854","post","type-post","status-publish","format-standard","hentry","category-uncategorized"],"_links":{"self":[{"href":"https:\/\/biblioteca.iesalmudeyne.es\/index.php?rest_route=\/wp\/v2\/posts\/854","targetHints":{"allow":["GET"]}}],"collection":[{"href":"https:\/\/biblioteca.iesalmudeyne.es\/index.php?rest_route=\/wp\/v2\/posts"}],"about":[{"href":"https:\/\/biblioteca.iesalmudeyne.es\/index.php?rest_route=\/wp\/v2\/types\/post"}],"author":[{"embeddable":true,"href":"https:\/\/biblioteca.iesalmudeyne.es\/index.php?rest_route=\/wp\/v2\/users\/1"}],"replies":[{"embeddable":true,"href":"https:\/\/biblioteca.iesalmudeyne.es\/index.php?rest_route=%2Fwp%2Fv2%2Fcomments&post=854"}],"version-history":[{"count":0,"href":"https:\/\/biblioteca.iesalmudeyne.es\/index.php?rest_route=\/wp\/v2\/posts\/854\/revisions"}],"wp:attachment":[{"href":"https:\/\/biblioteca.iesalmudeyne.es\/index.php?rest_route=%2Fwp%2Fv2%2Fmedia&parent=854"}],"wp:term":[{"taxonomy":"category","embeddable":true,"href":"https:\/\/biblioteca.iesalmudeyne.es\/index.php?rest_route=%2Fwp%2Fv2%2Fcategories&post=854"},{"taxonomy":"post_tag","embeddable":true,"href":"https:\/\/biblioteca.iesalmudeyne.es\/index.php?rest_route=%2Fwp%2Fv2%2Ftags&post=854"}],"curies":[{"name":"wp","href":"https:\/\/api.w.org\/{rel}","templated":true}]}}