{"id":869,"date":"2017-12-22T21:36:59","date_gmt":"2017-12-22T20:36:59","guid":{"rendered":"http:\/\/biblioteca.iesalmudeyne.es\/?p=869"},"modified":"2017-12-22T21:36:59","modified_gmt":"2017-12-22T20:36:59","slug":"feliz-navidad-a-tods","status":"publish","type":"post","link":"https:\/\/biblioteca.iesalmudeyne.es\/?p=869","title":{"rendered":"\u00a1FELIZ NAVIDAD A TOD@S!"},"content":{"rendered":"<p><span style=\"font-weight: 400;\">\u00a1Feliz Navidad y pr\u00f3spero a\u00f1o nuevo 2018 para todos!<\/span><\/p>\n<p><span style=\"font-weight: 400;\">A todos, a nuestros alumnos y a sus familias que son nuestra raz\u00f3n de ser , a \u00a0los profesores que cada d\u00eda ponen lo mejor de ellos mismos en las aulas, al personal laboral, sin quienes el instituto no podr\u00eda funcionar, toda una comunidad con su car\u00e1cter, su fuerza y su ilusi\u00f3n, \u00a0se une en este v\u00eddeo, para de una forma divertida, felicitar la Navidad . Una experiencia nueva este a\u00f1o que sobre todo ha encantado a nuestros alumnos y participan en ella con tanta alegr\u00eda que nos han contagiado a todos.<\/span><\/p>\n<p><span style=\"font-weight: 400;\">\u00a1Aqu\u00ed ten\u00e9is el hist\u00f3rico v\u00eddeo! \u00a1Qu\u00e9 lo disfrut\u00e9is!<\/span><\/p>\n<p>&nbsp;<\/p>\n<div class=\"video-shortcode\"><iframe title=\"Video Navide\u00f1o IES Almudeyne\" width=\"1200\" height=\"675\" src=\"https:\/\/www.youtube.com\/embed\/ZXOjd0Kqiao?feature=oembed\" frameborder=\"0\" allow=\"accelerometer; autoplay; clipboard-write; encrypted-media; gyroscope; picture-in-picture\" allowfullscreen><\/iframe><\/div>\n","protected":false},"excerpt":{"rendered":"<p>\u00a1Feliz Navidad y pr\u00f3spero a\u00f1o nuevo 2018 para todos! A [&hellip;]<\/p>\n","protected":false},"author":1,"featured_media":0,"comment_status":"open","ping_status":"open","sticky":false,"template":"","format":"standard","meta":{"footnotes":""},"categories":[1],"tags":[],"class_list":["post-869","post","type-post","status-publish","format-standard","hentry","category-uncategorized"],"_links":{"self":[{"href":"https:\/\/biblioteca.iesalmudeyne.es\/index.php?rest_route=\/wp\/v2\/posts\/869","targetHints":{"allow":["GET"]}}],"collection":[{"href":"https:\/\/biblioteca.iesalmudeyne.es\/index.php?rest_route=\/wp\/v2\/posts"}],"about":[{"href":"https:\/\/biblioteca.iesalmudeyne.es\/index.php?rest_route=\/wp\/v2\/types\/post"}],"author":[{"embeddable":true,"href":"https:\/\/biblioteca.iesalmudeyne.es\/index.php?rest_route=\/wp\/v2\/users\/1"}],"replies":[{"embeddable":true,"href":"https:\/\/biblioteca.iesalmudeyne.es\/index.php?rest_route=%2Fwp%2Fv2%2Fcomments&post=869"}],"version-history":[{"count":0,"href":"https:\/\/biblioteca.iesalmudeyne.es\/index.php?rest_route=\/wp\/v2\/posts\/869\/revisions"}],"wp:attachment":[{"href":"https:\/\/biblioteca.iesalmudeyne.es\/index.php?rest_route=%2Fwp%2Fv2%2Fmedia&parent=869"}],"wp:term":[{"taxonomy":"category","embeddable":true,"href":"https:\/\/biblioteca.iesalmudeyne.es\/index.php?rest_route=%2Fwp%2Fv2%2Fcategories&post=869"},{"taxonomy":"post_tag","embeddable":true,"href":"https:\/\/biblioteca.iesalmudeyne.es\/index.php?rest_route=%2Fwp%2Fv2%2Ftags&post=869"}],"curies":[{"name":"wp","href":"https:\/\/api.w.org\/{rel}","templated":true}]}}