{"id":882,"date":"2018-02-11T21:04:48","date_gmt":"2018-02-11T20:04:48","guid":{"rendered":"http:\/\/biblioteca.iesalmudeyne.es\/?p=882"},"modified":"2018-02-11T21:04:48","modified_gmt":"2018-02-11T20:04:48","slug":"arranca-el-taller-de-ajedrez","status":"publish","type":"post","link":"https:\/\/biblioteca.iesalmudeyne.es\/?p=882","title":{"rendered":"\u00a1Arranca el Taller de Ajedrez!"},"content":{"rendered":"<p>La semana pasada, \u00a1por fin! empez\u00f3 a funcionar nuestro taller de ajedrez.<\/p>\n<p>Desde el curso pasado ven\u00edamos observando que este juego de estrategia despertaba bastante inter\u00e9s entre el alumnado, sobre todo del primer ciclo de la ESO, asi que este curso quer\u00edamos poner en marcha un taller donde pudieran aprender, de manos de un ajedrecista experimentado, los fundamentos de este juego.<\/p>\n<p><a href=\"http:\/\/biblioteca.iesalmudeyne.es\/wp-content\/uploads\/2018\/02\/20171222_114442.jpg\" rel=\"attachment wp-att-883\"><img decoding=\"async\" class=\"aligncenter size-medium wp-image-883\" src=\"http:\/\/biblioteca.iesalmudeyne.es\/wp-content\/uploads\/2018\/02\/20171222_114442-300x169.jpg\" alt=\"20171222_114442\" width=\"300\" height=\"169\" srcset=\"https:\/\/biblioteca.iesalmudeyne.es\/wp-content\/uploads\/2018\/02\/20171222_114442-200x113.jpg 200w, https:\/\/biblioteca.iesalmudeyne.es\/wp-content\/uploads\/2018\/02\/20171222_114442-300x169.jpg 300w, https:\/\/biblioteca.iesalmudeyne.es\/wp-content\/uploads\/2018\/02\/20171222_114442-400x225.jpg 400w, https:\/\/biblioteca.iesalmudeyne.es\/wp-content\/uploads\/2018\/02\/20171222_114442-600x338.jpg 600w, https:\/\/biblioteca.iesalmudeyne.es\/wp-content\/uploads\/2018\/02\/20171222_114442-768x432.jpg 768w, https:\/\/biblioteca.iesalmudeyne.es\/wp-content\/uploads\/2018\/02\/20171222_114442-800x450.jpg 800w, https:\/\/biblioteca.iesalmudeyne.es\/wp-content\/uploads\/2018\/02\/20171222_114442-1024x576.jpg 1024w, https:\/\/biblioteca.iesalmudeyne.es\/wp-content\/uploads\/2018\/02\/20171222_114442-1200x675.jpg 1200w, https:\/\/biblioteca.iesalmudeyne.es\/wp-content\/uploads\/2018\/02\/20171222_114442-1536x864.jpg 1536w, https:\/\/biblioteca.iesalmudeyne.es\/wp-content\/uploads\/2018\/02\/20171222_114442-scaled.jpg 2560w\" sizes=\"(max-width: 300px) 100vw, 300px\" \/><\/a><\/p>\n<p>Nuestro alumno de SMR,\u00a0 Vlad F. Florian, es el encargado de llevarlo adelante, en principio con un grupo que podr\u00e1 oscilar entre 10 y 20 alumnos. Se celebrar\u00e1 los MI\u00c9RCOLES y VIERNES a la hora del recreo, de 11 a 11:30.<\/p>\n<p>Tras la primera sesi\u00f3n los alumnos salieron muy contentos.<\/p>\n<p><a href=\"http:\/\/biblioteca.iesalmudeyne.es\/wp-content\/uploads\/2018\/02\/IMG-20180211-WA0019.jpg\" rel=\"attachment wp-att-884\"><img decoding=\"async\" class=\"size-medium wp-image-884 alignleft\" src=\"http:\/\/biblioteca.iesalmudeyne.es\/wp-content\/uploads\/2018\/02\/IMG-20180211-WA0019-300x225.jpg\" alt=\"IMG-20180211-WA0019\" width=\"300\" height=\"225\" srcset=\"https:\/\/biblioteca.iesalmudeyne.es\/wp-content\/uploads\/2018\/02\/IMG-20180211-WA0019-200x150.jpg 200w, https:\/\/biblioteca.iesalmudeyne.es\/wp-content\/uploads\/2018\/02\/IMG-20180211-WA0019-300x225.jpg 300w, https:\/\/biblioteca.iesalmudeyne.es\/wp-content\/uploads\/2018\/02\/IMG-20180211-WA0019-400x300.jpg 400w, https:\/\/biblioteca.iesalmudeyne.es\/wp-content\/uploads\/2018\/02\/IMG-20180211-WA0019-600x450.jpg 600w, https:\/\/biblioteca.iesalmudeyne.es\/wp-content\/uploads\/2018\/02\/IMG-20180211-WA0019-768x576.jpg 768w, https:\/\/biblioteca.iesalmudeyne.es\/wp-content\/uploads\/2018\/02\/IMG-20180211-WA0019-800x600.jpg 800w, https:\/\/biblioteca.iesalmudeyne.es\/wp-content\/uploads\/2018\/02\/IMG-20180211-WA0019-1024x768.jpg 1024w, https:\/\/biblioteca.iesalmudeyne.es\/wp-content\/uploads\/2018\/02\/IMG-20180211-WA0019-1200x900.jpg 1200w, https:\/\/biblioteca.iesalmudeyne.es\/wp-content\/uploads\/2018\/02\/IMG-20180211-WA0019-1536x1152.jpg 1536w, https:\/\/biblioteca.iesalmudeyne.es\/wp-content\/uploads\/2018\/02\/IMG-20180211-WA0019.jpg 1600w\" sizes=\"(max-width: 300px) 100vw, 300px\" \/><\/a> <a href=\"http:\/\/biblioteca.iesalmudeyne.es\/wp-content\/uploads\/2018\/02\/IMG-20180211-WA0021.jpg\" rel=\"attachment wp-att-885\"><img decoding=\"async\" class=\"aligncenter size-medium wp-image-885\" src=\"http:\/\/biblioteca.iesalmudeyne.es\/wp-content\/uploads\/2018\/02\/IMG-20180211-WA0021-225x300.jpg\" alt=\"IMG-20180211-WA0021\" width=\"225\" height=\"300\" srcset=\"https:\/\/biblioteca.iesalmudeyne.es\/wp-content\/uploads\/2018\/02\/IMG-20180211-WA0021-200x267.jpg 200w, https:\/\/biblioteca.iesalmudeyne.es\/wp-content\/uploads\/2018\/02\/IMG-20180211-WA0021-225x300.jpg 225w, https:\/\/biblioteca.iesalmudeyne.es\/wp-content\/uploads\/2018\/02\/IMG-20180211-WA0021-400x533.jpg 400w, https:\/\/biblioteca.iesalmudeyne.es\/wp-content\/uploads\/2018\/02\/IMG-20180211-WA0021-600x800.jpg 600w, https:\/\/biblioteca.iesalmudeyne.es\/wp-content\/uploads\/2018\/02\/IMG-20180211-WA0021-768x1024.jpg 768w, https:\/\/biblioteca.iesalmudeyne.es\/wp-content\/uploads\/2018\/02\/IMG-20180211-WA0021-800x1067.jpg 800w, https:\/\/biblioteca.iesalmudeyne.es\/wp-content\/uploads\/2018\/02\/IMG-20180211-WA0021-1152x1536.jpg 1152w, https:\/\/biblioteca.iesalmudeyne.es\/wp-content\/uploads\/2018\/02\/IMG-20180211-WA0021.jpg 1200w\" sizes=\"(max-width: 225px) 100vw, 225px\" \/><\/a><\/p>\n<p>\u00a1Esperamos verlos jugar en el Campeonato Intercentros escolares que se celabrar\u00e1<\/p>\n<p>pronto en nuestro pueblo!<\/p>\n","protected":false},"excerpt":{"rendered":"<p>La semana pasada, \u00a1por fin! empez\u00f3 a funcionar nuestro taller [&hellip;]<\/p>\n","protected":false},"author":1,"featured_media":0,"comment_status":"open","ping_status":"open","sticky":false,"template":"","format":"standard","meta":{"footnotes":""},"categories":[1],"tags":[],"class_list":["post-882","post","type-post","status-publish","format-standard","hentry","category-uncategorized"],"_links":{"self":[{"href":"https:\/\/biblioteca.iesalmudeyne.es\/index.php?rest_route=\/wp\/v2\/posts\/882","targetHints":{"allow":["GET"]}}],"collection":[{"href":"https:\/\/biblioteca.iesalmudeyne.es\/index.php?rest_route=\/wp\/v2\/posts"}],"about":[{"href":"https:\/\/biblioteca.iesalmudeyne.es\/index.php?rest_route=\/wp\/v2\/types\/post"}],"author":[{"embeddable":true,"href":"https:\/\/biblioteca.iesalmudeyne.es\/index.php?rest_route=\/wp\/v2\/users\/1"}],"replies":[{"embeddable":true,"href":"https:\/\/biblioteca.iesalmudeyne.es\/index.php?rest_route=%2Fwp%2Fv2%2Fcomments&post=882"}],"version-history":[{"count":0,"href":"https:\/\/biblioteca.iesalmudeyne.es\/index.php?rest_route=\/wp\/v2\/posts\/882\/revisions"}],"wp:attachment":[{"href":"https:\/\/biblioteca.iesalmudeyne.es\/index.php?rest_route=%2Fwp%2Fv2%2Fmedia&parent=882"}],"wp:term":[{"taxonomy":"category","embeddable":true,"href":"https:\/\/biblioteca.iesalmudeyne.es\/index.php?rest_route=%2Fwp%2Fv2%2Fcategories&post=882"},{"taxonomy":"post_tag","embeddable":true,"href":"https:\/\/biblioteca.iesalmudeyne.es\/index.php?rest_route=%2Fwp%2Fv2%2Ftags&post=882"}],"curies":[{"name":"wp","href":"https:\/\/api.w.org\/{rel}","templated":true}]}}