{"id":887,"date":"2018-02-13T20:58:40","date_gmt":"2018-02-13T19:58:40","guid":{"rendered":"http:\/\/biblioteca.iesalmudeyne.es\/?p=887"},"modified":"2018-02-13T20:58:40","modified_gmt":"2018-02-13T19:58:40","slug":"programa-por-que-leer-a-los-clasicos-para-el-fomento-de-la-lectura-encuentro-con-ma-jose-barrios","status":"publish","type":"post","link":"https:\/\/biblioteca.iesalmudeyne.es\/?p=887","title":{"rendered":"PROGRAMA \u00bfPOR QU\u00c9 LEER A LOS CL\u00c1SICOS? PARA EL FOMENTO DE LA LECTURA Encuentro con M\u00aa Jos\u00e9 Barrios"},"content":{"rendered":"<p align=\"justify\">\n<p align=\"justify\">Una de las actividades m\u00e1s interesantes que hemos logrado poner en marcha este curso en nuestra biblioteca son los programas de fomento de la lectura del Ministerio de Educaci\u00f3n: \u00bfPor qu\u00e9 leer a los cl\u00e1sicos? y Encuentros con autores.<\/p>\n<p align=\"justify\"><a name=\"_GoBack\"><\/a> El primero se llev\u00f3 a cabo el pasado lunes 5 de febrero y contamos con la presencia de M\u00aa Jos\u00e9 Barrios, due\u00f1a de la librer\u00eda Casa Tomada de Sevilla, escritora especializada, sobre todo, en microrrelatos, profesora de diversos talleres de escritura creativa y de la Universidad EUSA y emprendedora y difusora de la cultura en nuestra ciudad. Todo un honor que nos acompa\u00f1ara un par de horas y que hablara a nuestros alumnos de 1\u00b0 de Bachillerato sobre un g\u00e9nero emergente, pero a\u00fan desconocido o incluso algo despreciado, como es el microrrelato. En su charla nos desvel\u00f3 los secretos de un buen microrrelato, c\u00f3mo debe ser y qu\u00e9 elementos debe tener; adem\u00e1s de realizar una lectura y an\u00e1lisis de algunos muy famosos (el archiconocido del dinosaurio de Monterroso) o de otros escritos por ella misma (algunos de los cuales se convirtieron en virales gracias a las redes sociales y han sido premiados y traducido a diversos idiomas, \u00a1hasta al alban\u00e9s!). Como este por ejemplo:<\/p>\n<p align=\"justify\"><a href=\"http:\/\/biblioteca.iesalmudeyne.es\/wp-content\/uploads\/2018\/02\/aviso-1.jpg\" rel=\"attachment wp-att-888\"><img decoding=\"async\" class=\"aligncenter size-full wp-image-888\" src=\"http:\/\/biblioteca.iesalmudeyne.es\/wp-content\/uploads\/2018\/02\/aviso-1.jpg\" alt=\"aviso (1)\" width=\"500\" height=\"500\" srcset=\"https:\/\/biblioteca.iesalmudeyne.es\/wp-content\/uploads\/2018\/02\/aviso-1-66x66.jpg 66w, https:\/\/biblioteca.iesalmudeyne.es\/wp-content\/uploads\/2018\/02\/aviso-1-150x150.jpg 150w, https:\/\/biblioteca.iesalmudeyne.es\/wp-content\/uploads\/2018\/02\/aviso-1-200x200.jpg 200w, https:\/\/biblioteca.iesalmudeyne.es\/wp-content\/uploads\/2018\/02\/aviso-1-300x300.jpg 300w, https:\/\/biblioteca.iesalmudeyne.es\/wp-content\/uploads\/2018\/02\/aviso-1-400x400.jpg 400w, https:\/\/biblioteca.iesalmudeyne.es\/wp-content\/uploads\/2018\/02\/aviso-1.jpg 500w\" sizes=\"(max-width: 500px) 100vw, 500px\" \/><\/a><\/p>\n<p align=\"justify\">Nuestros alumnos participaron haciendo preguntas y respondiendo a las de ella y algunos hasta se han lanzado a escribir microrrelatos siguiendo sus premisas con bastante buenos resultados.<\/p>\n<p align=\"justify\"><a href=\"http:\/\/biblioteca.iesalmudeyne.es\/wp-content\/uploads\/2018\/02\/foto-micros-1.jpg\" rel=\"attachment wp-att-889\"><img decoding=\"async\" class=\"aligncenter size-medium wp-image-889\" src=\"http:\/\/biblioteca.iesalmudeyne.es\/wp-content\/uploads\/2018\/02\/foto-micros-1-225x300.jpg\" alt=\"foto micros (1)\" width=\"225\" height=\"300\" srcset=\"https:\/\/biblioteca.iesalmudeyne.es\/wp-content\/uploads\/2018\/02\/foto-micros-1-200x267.jpg 200w, https:\/\/biblioteca.iesalmudeyne.es\/wp-content\/uploads\/2018\/02\/foto-micros-1-225x300.jpg 225w, https:\/\/biblioteca.iesalmudeyne.es\/wp-content\/uploads\/2018\/02\/foto-micros-1-400x533.jpg 400w, https:\/\/biblioteca.iesalmudeyne.es\/wp-content\/uploads\/2018\/02\/foto-micros-1-600x800.jpg 600w, https:\/\/biblioteca.iesalmudeyne.es\/wp-content\/uploads\/2018\/02\/foto-micros-1-768x1024.jpg 768w, https:\/\/biblioteca.iesalmudeyne.es\/wp-content\/uploads\/2018\/02\/foto-micros-1-800x1067.jpg 800w, https:\/\/biblioteca.iesalmudeyne.es\/wp-content\/uploads\/2018\/02\/foto-micros-1-1152x1536.jpg 1152w, https:\/\/biblioteca.iesalmudeyne.es\/wp-content\/uploads\/2018\/02\/foto-micros-1-1200x1600.jpg 1200w, https:\/\/biblioteca.iesalmudeyne.es\/wp-content\/uploads\/2018\/02\/foto-micros-1-1536x2048.jpg 1536w, https:\/\/biblioteca.iesalmudeyne.es\/wp-content\/uploads\/2018\/02\/foto-micros-1-scaled.jpg 1920w\" sizes=\"(max-width: 225px) 100vw, 225px\" \/><\/a><\/p>\n<p align=\"justify\">\u00a1Todo un lujazo!<\/p>\n<p align=\"justify\">Todo sea por leer y acercar a nuestros adolescentes a los libros y a los autores.<\/p>\n<p align=\"justify\"><a href=\"http:\/\/biblioteca.iesalmudeyne.es\/wp-content\/uploads\/2018\/02\/IMG_20180205_114140.jpg\" rel=\"attachment wp-att-891\"><img decoding=\"async\" class=\"size-medium wp-image-891 alignleft\" src=\"http:\/\/biblioteca.iesalmudeyne.es\/wp-content\/uploads\/2018\/02\/IMG_20180205_114140-225x300.jpg\" alt=\"IMG_20180205_114140\" width=\"225\" height=\"300\" srcset=\"https:\/\/biblioteca.iesalmudeyne.es\/wp-content\/uploads\/2018\/02\/IMG_20180205_114140-200x267.jpg 200w, https:\/\/biblioteca.iesalmudeyne.es\/wp-content\/uploads\/2018\/02\/IMG_20180205_114140-225x300.jpg 225w, https:\/\/biblioteca.iesalmudeyne.es\/wp-content\/uploads\/2018\/02\/IMG_20180205_114140-400x533.jpg 400w, https:\/\/biblioteca.iesalmudeyne.es\/wp-content\/uploads\/2018\/02\/IMG_20180205_114140-600x800.jpg 600w, https:\/\/biblioteca.iesalmudeyne.es\/wp-content\/uploads\/2018\/02\/IMG_20180205_114140-768x1024.jpg 768w, https:\/\/biblioteca.iesalmudeyne.es\/wp-content\/uploads\/2018\/02\/IMG_20180205_114140-800x1067.jpg 800w, https:\/\/biblioteca.iesalmudeyne.es\/wp-content\/uploads\/2018\/02\/IMG_20180205_114140-1152x1536.jpg 1152w, https:\/\/biblioteca.iesalmudeyne.es\/wp-content\/uploads\/2018\/02\/IMG_20180205_114140-1200x1600.jpg 1200w, https:\/\/biblioteca.iesalmudeyne.es\/wp-content\/uploads\/2018\/02\/IMG_20180205_114140-1536x2048.jpg 1536w, https:\/\/biblioteca.iesalmudeyne.es\/wp-content\/uploads\/2018\/02\/IMG_20180205_114140-scaled.jpg 1920w\" sizes=\"(max-width: 225px) 100vw, 225px\" \/><\/a> <a href=\"http:\/\/biblioteca.iesalmudeyne.es\/wp-content\/uploads\/2018\/02\/IMG_20180205_114238.jpg\" rel=\"attachment wp-att-892\"><img decoding=\"async\" class=\"aligncenter size-medium wp-image-892\" src=\"http:\/\/biblioteca.iesalmudeyne.es\/wp-content\/uploads\/2018\/02\/IMG_20180205_114238-300x225.jpg\" alt=\"IMG_20180205_114238\" width=\"300\" height=\"225\" srcset=\"https:\/\/biblioteca.iesalmudeyne.es\/wp-content\/uploads\/2018\/02\/IMG_20180205_114238-200x150.jpg 200w, https:\/\/biblioteca.iesalmudeyne.es\/wp-content\/uploads\/2018\/02\/IMG_20180205_114238-300x225.jpg 300w, https:\/\/biblioteca.iesalmudeyne.es\/wp-content\/uploads\/2018\/02\/IMG_20180205_114238-400x300.jpg 400w, https:\/\/biblioteca.iesalmudeyne.es\/wp-content\/uploads\/2018\/02\/IMG_20180205_114238-600x450.jpg 600w, https:\/\/biblioteca.iesalmudeyne.es\/wp-content\/uploads\/2018\/02\/IMG_20180205_114238-768x576.jpg 768w, https:\/\/biblioteca.iesalmudeyne.es\/wp-content\/uploads\/2018\/02\/IMG_20180205_114238-800x600.jpg 800w, https:\/\/biblioteca.iesalmudeyne.es\/wp-content\/uploads\/2018\/02\/IMG_20180205_114238-1024x768.jpg 1024w, https:\/\/biblioteca.iesalmudeyne.es\/wp-content\/uploads\/2018\/02\/IMG_20180205_114238-1200x900.jpg 1200w, https:\/\/biblioteca.iesalmudeyne.es\/wp-content\/uploads\/2018\/02\/IMG_20180205_114238-1536x1152.jpg 1536w, https:\/\/biblioteca.iesalmudeyne.es\/wp-content\/uploads\/2018\/02\/IMG_20180205_114238-scaled.jpg 2560w\" sizes=\"(max-width: 300px) 100vw, 300px\" \/><\/a><a href=\"http:\/\/biblioteca.iesalmudeyne.es\/wp-content\/uploads\/2018\/02\/IMG_20180205_134006.jpg\" rel=\"attachment wp-att-894\"><img decoding=\"async\" class=\"size-medium wp-image-894\" src=\"http:\/\/biblioteca.iesalmudeyne.es\/wp-content\/uploads\/2018\/02\/IMG_20180205_134006-300x225.jpg\" alt=\"IMG_20180205_134006\" width=\"300\" height=\"225\" srcset=\"https:\/\/biblioteca.iesalmudeyne.es\/wp-content\/uploads\/2018\/02\/IMG_20180205_134006-200x150.jpg 200w, https:\/\/biblioteca.iesalmudeyne.es\/wp-content\/uploads\/2018\/02\/IMG_20180205_134006-300x225.jpg 300w, https:\/\/biblioteca.iesalmudeyne.es\/wp-content\/uploads\/2018\/02\/IMG_20180205_134006-400x300.jpg 400w, https:\/\/biblioteca.iesalmudeyne.es\/wp-content\/uploads\/2018\/02\/IMG_20180205_134006-600x450.jpg 600w, https:\/\/biblioteca.iesalmudeyne.es\/wp-content\/uploads\/2018\/02\/IMG_20180205_134006-768x576.jpg 768w, https:\/\/biblioteca.iesalmudeyne.es\/wp-content\/uploads\/2018\/02\/IMG_20180205_134006-800x600.jpg 800w, https:\/\/biblioteca.iesalmudeyne.es\/wp-content\/uploads\/2018\/02\/IMG_20180205_134006-1024x768.jpg 1024w, https:\/\/biblioteca.iesalmudeyne.es\/wp-content\/uploads\/2018\/02\/IMG_20180205_134006-1200x900.jpg 1200w, https:\/\/biblioteca.iesalmudeyne.es\/wp-content\/uploads\/2018\/02\/IMG_20180205_134006-1536x1152.jpg 1536w, https:\/\/biblioteca.iesalmudeyne.es\/wp-content\/uploads\/2018\/02\/IMG_20180205_134006-scaled.jpg 2560w\" sizes=\"(max-width: 300px) 100vw, 300px\" \/><\/a><a href=\"http:\/\/biblioteca.iesalmudeyne.es\/wp-content\/uploads\/2018\/02\/IMG_20180205_114623.jpg\" rel=\"attachment wp-att-893\"><img decoding=\"async\" class=\"size-medium wp-image-893 alignleft\" src=\"http:\/\/biblioteca.iesalmudeyne.es\/wp-content\/uploads\/2018\/02\/IMG_20180205_114623-225x300.jpg\" alt=\"IMG_20180205_114623\" width=\"225\" height=\"300\" srcset=\"https:\/\/biblioteca.iesalmudeyne.es\/wp-content\/uploads\/2018\/02\/IMG_20180205_114623-200x267.jpg 200w, https:\/\/biblioteca.iesalmudeyne.es\/wp-content\/uploads\/2018\/02\/IMG_20180205_114623-225x300.jpg 225w, https:\/\/biblioteca.iesalmudeyne.es\/wp-content\/uploads\/2018\/02\/IMG_20180205_114623-400x533.jpg 400w, https:\/\/biblioteca.iesalmudeyne.es\/wp-content\/uploads\/2018\/02\/IMG_20180205_114623-600x800.jpg 600w, https:\/\/biblioteca.iesalmudeyne.es\/wp-content\/uploads\/2018\/02\/IMG_20180205_114623-768x1024.jpg 768w, https:\/\/biblioteca.iesalmudeyne.es\/wp-content\/uploads\/2018\/02\/IMG_20180205_114623-800x1067.jpg 800w, https:\/\/biblioteca.iesalmudeyne.es\/wp-content\/uploads\/2018\/02\/IMG_20180205_114623-1152x1536.jpg 1152w, https:\/\/biblioteca.iesalmudeyne.es\/wp-content\/uploads\/2018\/02\/IMG_20180205_114623-1200x1600.jpg 1200w, https:\/\/biblioteca.iesalmudeyne.es\/wp-content\/uploads\/2018\/02\/IMG_20180205_114623-1536x2048.jpg 1536w, https:\/\/biblioteca.iesalmudeyne.es\/wp-content\/uploads\/2018\/02\/IMG_20180205_114623-scaled.jpg 1920w\" sizes=\"(max-width: 225px) 100vw, 225px\" \/><\/a><br \/>\n<a href=\"http:\/\/biblioteca.iesalmudeyne.es\/wp-content\/uploads\/2018\/02\/IMG_20180205_134017.jpg\" rel=\"attachment wp-att-895\"><img decoding=\"async\" class=\"alignleft size-medium wp-image-895\" src=\"http:\/\/biblioteca.iesalmudeyne.es\/wp-content\/uploads\/2018\/02\/IMG_20180205_134017-300x225.jpg\" alt=\"IMG_20180205_134017\" width=\"300\" height=\"225\" srcset=\"https:\/\/biblioteca.iesalmudeyne.es\/wp-content\/uploads\/2018\/02\/IMG_20180205_134017-200x150.jpg 200w, https:\/\/biblioteca.iesalmudeyne.es\/wp-content\/uploads\/2018\/02\/IMG_20180205_134017-300x225.jpg 300w, https:\/\/biblioteca.iesalmudeyne.es\/wp-content\/uploads\/2018\/02\/IMG_20180205_134017-400x300.jpg 400w, https:\/\/biblioteca.iesalmudeyne.es\/wp-content\/uploads\/2018\/02\/IMG_20180205_134017-600x450.jpg 600w, https:\/\/biblioteca.iesalmudeyne.es\/wp-content\/uploads\/2018\/02\/IMG_20180205_134017-768x576.jpg 768w, https:\/\/biblioteca.iesalmudeyne.es\/wp-content\/uploads\/2018\/02\/IMG_20180205_134017-800x600.jpg 800w, https:\/\/biblioteca.iesalmudeyne.es\/wp-content\/uploads\/2018\/02\/IMG_20180205_134017-1024x768.jpg 1024w, https:\/\/biblioteca.iesalmudeyne.es\/wp-content\/uploads\/2018\/02\/IMG_20180205_134017-1200x900.jpg 1200w, https:\/\/biblioteca.iesalmudeyne.es\/wp-content\/uploads\/2018\/02\/IMG_20180205_134017-1536x1152.jpg 1536w, https:\/\/biblioteca.iesalmudeyne.es\/wp-content\/uploads\/2018\/02\/IMG_20180205_134017-scaled.jpg 2560w\" sizes=\"(max-width: 300px) 100vw, 300px\" \/><\/a><\/p>\n","protected":false},"excerpt":{"rendered":"<p>Una de las actividades m\u00e1s interesantes que hemos logrado poner [&hellip;]<\/p>\n","protected":false},"author":1,"featured_media":0,"comment_status":"open","ping_status":"open","sticky":false,"template":"","format":"standard","meta":{"footnotes":""},"categories":[1],"tags":[],"class_list":["post-887","post","type-post","status-publish","format-standard","hentry","category-uncategorized"],"_links":{"self":[{"href":"https:\/\/biblioteca.iesalmudeyne.es\/index.php?rest_route=\/wp\/v2\/posts\/887","targetHints":{"allow":["GET"]}}],"collection":[{"href":"https:\/\/biblioteca.iesalmudeyne.es\/index.php?rest_route=\/wp\/v2\/posts"}],"about":[{"href":"https:\/\/biblioteca.iesalmudeyne.es\/index.php?rest_route=\/wp\/v2\/types\/post"}],"author":[{"embeddable":true,"href":"https:\/\/biblioteca.iesalmudeyne.es\/index.php?rest_route=\/wp\/v2\/users\/1"}],"replies":[{"embeddable":true,"href":"https:\/\/biblioteca.iesalmudeyne.es\/index.php?rest_route=%2Fwp%2Fv2%2Fcomments&post=887"}],"version-history":[{"count":0,"href":"https:\/\/biblioteca.iesalmudeyne.es\/index.php?rest_route=\/wp\/v2\/posts\/887\/revisions"}],"wp:attachment":[{"href":"https:\/\/biblioteca.iesalmudeyne.es\/index.php?rest_route=%2Fwp%2Fv2%2Fmedia&parent=887"}],"wp:term":[{"taxonomy":"category","embeddable":true,"href":"https:\/\/biblioteca.iesalmudeyne.es\/index.php?rest_route=%2Fwp%2Fv2%2Fcategories&post=887"},{"taxonomy":"post_tag","embeddable":true,"href":"https:\/\/biblioteca.iesalmudeyne.es\/index.php?rest_route=%2Fwp%2Fv2%2Ftags&post=887"}],"curies":[{"name":"wp","href":"https:\/\/api.w.org\/{rel}","templated":true}]}}