{"id":897,"date":"2018-02-13T21:51:30","date_gmt":"2018-02-13T20:51:30","guid":{"rendered":"http:\/\/biblioteca.iesalmudeyne.es\/?p=897"},"modified":"2018-02-13T21:51:30","modified_gmt":"2018-02-13T20:51:30","slug":"dia-de-las-mujeres-cientificas","status":"publish","type":"post","link":"https:\/\/biblioteca.iesalmudeyne.es\/?p=897","title":{"rendered":"D\u00cdA DE LAS MUJERES CIENT\u00cdFICAS"},"content":{"rendered":"<p>El pasado viernes 9 de febrero celebramos en nuestro instituto el D\u00eda de la Mujer y la Ni\u00f1a en la Ciencia. Para ello, nuestro alumnado de 4\u00ba ESO y 1\u00ba de\u00a0<b>Bachillerato, guiados por su profesora Irene Gonz\u00e1lez y organizados por el Departamento de F\u00edsica y Qu\u00edmica y la coordinadora de Coeducaci\u00f3n, representaron las vidas de mujeres cient\u00edficas\u00a0<\/b>como: Hipatia de Alejandr\u00eda, Agnodice, Hedy Lamarr, Alice Ball, Lise Meitner, Rosalind Franklin, Joselyn Bell, Mileva Maric o Chien- Shiung Wu, entre otras muchas.<\/p>\n<p><span style=\"color: #1d2129;\"><span style=\"font-family: Helvetica, serif;\"><span style=\"font-size: small;\">Desde las 10:00 de la ma\u00f1ana, las cient\u00edficas han ido invadiendo las aulas de 1\u00ba ESO para hablarles a los m\u00e1s peque\u00f1os de las dificultades que encontraron siendo mujeres en su faceta investigadora. A las 11:00, siete de ellas nos deleitaron en el porche de entrada con sus sorprendentes vidas y logros.<\/span><\/span><\/span><\/p>\n<p><span style=\"color: #1d2129;\"><span style=\"font-family: Helvetica, serif;\"><span style=\"font-size: small;\">Nuestro SUM, Gimnasio, Laboratorio y Biblioteca, se han convertido en escenarios perfectos que han acogido las fascinantes vidas de estas cient\u00edficas mientras el alumnado de nuestro centro, iba desfilando ensimismado en sus vidas y la magn\u00edfica puesta en escena de los actores y actrices. Por unas horas, se han creado los escenarios perfectos para reflexionar acerca de la injusta sombra en la que muchas de ellas han debido permanecer a lo largo de la historia, sin recibir el reconocimiento que se merecen por el simple hecho de haber nacido mujer. \u00a0<\/span><\/span><\/span><\/p>\n<p><a href=\"http:\/\/biblioteca.iesalmudeyne.es\/wp-content\/uploads\/2018\/02\/IMG-20180211-WA0013.jpg\" rel=\"attachment wp-att-898\"><img decoding=\"async\" class=\"alignleft size-medium wp-image-898\" src=\"http:\/\/biblioteca.iesalmudeyne.es\/wp-content\/uploads\/2018\/02\/IMG-20180211-WA0013-225x300.jpg\" alt=\"IMG-20180211-WA0013\" width=\"225\" height=\"300\" srcset=\"https:\/\/biblioteca.iesalmudeyne.es\/wp-content\/uploads\/2018\/02\/IMG-20180211-WA0013-200x267.jpg 200w, https:\/\/biblioteca.iesalmudeyne.es\/wp-content\/uploads\/2018\/02\/IMG-20180211-WA0013-225x300.jpg 225w, https:\/\/biblioteca.iesalmudeyne.es\/wp-content\/uploads\/2018\/02\/IMG-20180211-WA0013-400x533.jpg 400w, https:\/\/biblioteca.iesalmudeyne.es\/wp-content\/uploads\/2018\/02\/IMG-20180211-WA0013-600x800.jpg 600w, https:\/\/biblioteca.iesalmudeyne.es\/wp-content\/uploads\/2018\/02\/IMG-20180211-WA0013-768x1024.jpg 768w, https:\/\/biblioteca.iesalmudeyne.es\/wp-content\/uploads\/2018\/02\/IMG-20180211-WA0013-800x1067.jpg 800w, https:\/\/biblioteca.iesalmudeyne.es\/wp-content\/uploads\/2018\/02\/IMG-20180211-WA0013-1152x1536.jpg 1152w, https:\/\/biblioteca.iesalmudeyne.es\/wp-content\/uploads\/2018\/02\/IMG-20180211-WA0013.jpg 1200w\" sizes=\"(max-width: 225px) 100vw, 225px\" \/><\/a><\/p>\n<p>&nbsp;<\/p>\n<p>&nbsp;<\/p>\n<p>&nbsp;<\/p>\n<p><a href=\"http:\/\/biblioteca.iesalmudeyne.es\/wp-content\/uploads\/2018\/02\/IMG-20180211-WA0011.jpg\" rel=\"attachment wp-att-899\"><img decoding=\"async\" class=\"alignright size-medium wp-image-899\" src=\"http:\/\/biblioteca.iesalmudeyne.es\/wp-content\/uploads\/2018\/02\/IMG-20180211-WA0011-300x225.jpg\" alt=\"IMG-20180211-WA0011\" width=\"300\" height=\"225\" srcset=\"https:\/\/biblioteca.iesalmudeyne.es\/wp-content\/uploads\/2018\/02\/IMG-20180211-WA0011-200x150.jpg 200w, https:\/\/biblioteca.iesalmudeyne.es\/wp-content\/uploads\/2018\/02\/IMG-20180211-WA0011-300x225.jpg 300w, https:\/\/biblioteca.iesalmudeyne.es\/wp-content\/uploads\/2018\/02\/IMG-20180211-WA0011-400x300.jpg 400w, https:\/\/biblioteca.iesalmudeyne.es\/wp-content\/uploads\/2018\/02\/IMG-20180211-WA0011-600x450.jpg 600w, https:\/\/biblioteca.iesalmudeyne.es\/wp-content\/uploads\/2018\/02\/IMG-20180211-WA0011-768x576.jpg 768w, https:\/\/biblioteca.iesalmudeyne.es\/wp-content\/uploads\/2018\/02\/IMG-20180211-WA0011-800x600.jpg 800w, https:\/\/biblioteca.iesalmudeyne.es\/wp-content\/uploads\/2018\/02\/IMG-20180211-WA0011-1024x768.jpg 1024w, https:\/\/biblioteca.iesalmudeyne.es\/wp-content\/uploads\/2018\/02\/IMG-20180211-WA0011-1200x900.jpg 1200w, https:\/\/biblioteca.iesalmudeyne.es\/wp-content\/uploads\/2018\/02\/IMG-20180211-WA0011-1536x1152.jpg 1536w, https:\/\/biblioteca.iesalmudeyne.es\/wp-content\/uploads\/2018\/02\/IMG-20180211-WA0011.jpg 1600w\" sizes=\"(max-width: 300px) 100vw, 300px\" \/><\/a><\/p>\n<p>&nbsp;<\/p>\n<p>&nbsp;<\/p>\n<p>&nbsp;<\/p>\n<p>&nbsp;<\/p>\n<p>&nbsp;<\/p>\n<p>&nbsp;<\/p>\n<p>&nbsp;<\/p>\n<p>&nbsp;<\/p>\n<p>&nbsp;<\/p>\n<p><a href=\"http:\/\/biblioteca.iesalmudeyne.es\/wp-content\/uploads\/2018\/02\/IMG-20180211-WA0008.jpg\" rel=\"attachment wp-att-900\"><img decoding=\"async\" class=\"alignleft size-medium wp-image-900\" src=\"http:\/\/biblioteca.iesalmudeyne.es\/wp-content\/uploads\/2018\/02\/IMG-20180211-WA0008-225x300.jpg\" alt=\"IMG-20180211-WA0008\" width=\"225\" height=\"300\" srcset=\"https:\/\/biblioteca.iesalmudeyne.es\/wp-content\/uploads\/2018\/02\/IMG-20180211-WA0008-200x267.jpg 200w, https:\/\/biblioteca.iesalmudeyne.es\/wp-content\/uploads\/2018\/02\/IMG-20180211-WA0008-225x300.jpg 225w, https:\/\/biblioteca.iesalmudeyne.es\/wp-content\/uploads\/2018\/02\/IMG-20180211-WA0008-400x533.jpg 400w, https:\/\/biblioteca.iesalmudeyne.es\/wp-content\/uploads\/2018\/02\/IMG-20180211-WA0008-600x800.jpg 600w, https:\/\/biblioteca.iesalmudeyne.es\/wp-content\/uploads\/2018\/02\/IMG-20180211-WA0008-768x1024.jpg 768w, https:\/\/biblioteca.iesalmudeyne.es\/wp-content\/uploads\/2018\/02\/IMG-20180211-WA0008-800x1067.jpg 800w, https:\/\/biblioteca.iesalmudeyne.es\/wp-content\/uploads\/2018\/02\/IMG-20180211-WA0008-1152x1536.jpg 1152w, https:\/\/biblioteca.iesalmudeyne.es\/wp-content\/uploads\/2018\/02\/IMG-20180211-WA0008.jpg 1200w\" sizes=\"(max-width: 225px) 100vw, 225px\" \/><\/a><\/p>\n<p>&nbsp;<\/p>\n<p><a href=\"http:\/\/biblioteca.iesalmudeyne.es\/wp-content\/uploads\/2018\/02\/IMG-20180211-WA0016.jpg\" rel=\"attachment wp-att-901\"><img decoding=\"async\" class=\"alignright size-medium wp-image-901\" src=\"http:\/\/biblioteca.iesalmudeyne.es\/wp-content\/uploads\/2018\/02\/IMG-20180211-WA0016-300x225.jpg\" alt=\"IMG-20180211-WA0016\" width=\"300\" height=\"225\" srcset=\"https:\/\/biblioteca.iesalmudeyne.es\/wp-content\/uploads\/2018\/02\/IMG-20180211-WA0016-200x150.jpg 200w, https:\/\/biblioteca.iesalmudeyne.es\/wp-content\/uploads\/2018\/02\/IMG-20180211-WA0016-300x225.jpg 300w, https:\/\/biblioteca.iesalmudeyne.es\/wp-content\/uploads\/2018\/02\/IMG-20180211-WA0016-400x300.jpg 400w, https:\/\/biblioteca.iesalmudeyne.es\/wp-content\/uploads\/2018\/02\/IMG-20180211-WA0016-600x450.jpg 600w, https:\/\/biblioteca.iesalmudeyne.es\/wp-content\/uploads\/2018\/02\/IMG-20180211-WA0016-768x576.jpg 768w, https:\/\/biblioteca.iesalmudeyne.es\/wp-content\/uploads\/2018\/02\/IMG-20180211-WA0016-800x600.jpg 800w, https:\/\/biblioteca.iesalmudeyne.es\/wp-content\/uploads\/2018\/02\/IMG-20180211-WA0016-1024x768.jpg 1024w, https:\/\/biblioteca.iesalmudeyne.es\/wp-content\/uploads\/2018\/02\/IMG-20180211-WA0016-1200x900.jpg 1200w, https:\/\/biblioteca.iesalmudeyne.es\/wp-content\/uploads\/2018\/02\/IMG-20180211-WA0016-1536x1152.jpg 1536w, https:\/\/biblioteca.iesalmudeyne.es\/wp-content\/uploads\/2018\/02\/IMG-20180211-WA0016.jpg 1600w\" sizes=\"(max-width: 300px) 100vw, 300px\" \/><\/a><\/p>\n<p>&nbsp;<\/p>\n<p>&nbsp;<\/p>\n<p>&nbsp;<\/p>\n<p>&nbsp;<\/p>\n<p>&nbsp;<\/p>\n<p>&nbsp;<\/p>\n<p>&nbsp;<\/p>\n<p>&nbsp;<\/p>\n<p>&nbsp;<\/p>\n<p>&nbsp;<\/p>\n<p>&nbsp;<\/p>\n<p><a href=\"http:\/\/biblioteca.iesalmudeyne.es\/wp-content\/uploads\/2018\/02\/IMG-20180211-WA0009.jpg\" rel=\"attachment wp-att-902\"><img decoding=\"async\" class=\"alignleft size-medium wp-image-902\" src=\"http:\/\/biblioteca.iesalmudeyne.es\/wp-content\/uploads\/2018\/02\/IMG-20180211-WA0009-225x300.jpg\" alt=\"IMG-20180211-WA0009\" width=\"225\" height=\"300\" srcset=\"https:\/\/biblioteca.iesalmudeyne.es\/wp-content\/uploads\/2018\/02\/IMG-20180211-WA0009-200x267.jpg 200w, https:\/\/biblioteca.iesalmudeyne.es\/wp-content\/uploads\/2018\/02\/IMG-20180211-WA0009-225x300.jpg 225w, https:\/\/biblioteca.iesalmudeyne.es\/wp-content\/uploads\/2018\/02\/IMG-20180211-WA0009-400x533.jpg 400w, https:\/\/biblioteca.iesalmudeyne.es\/wp-content\/uploads\/2018\/02\/IMG-20180211-WA0009-600x800.jpg 600w, https:\/\/biblioteca.iesalmudeyne.es\/wp-content\/uploads\/2018\/02\/IMG-20180211-WA0009-768x1024.jpg 768w, https:\/\/biblioteca.iesalmudeyne.es\/wp-content\/uploads\/2018\/02\/IMG-20180211-WA0009-800x1067.jpg 800w, https:\/\/biblioteca.iesalmudeyne.es\/wp-content\/uploads\/2018\/02\/IMG-20180211-WA0009-1152x1536.jpg 1152w, https:\/\/biblioteca.iesalmudeyne.es\/wp-content\/uploads\/2018\/02\/IMG-20180211-WA0009.jpg 1200w\" sizes=\"(max-width: 225px) 100vw, 225px\" \/><\/a><\/p>\n<p><a href=\"http:\/\/biblioteca.iesalmudeyne.es\/wp-content\/uploads\/2018\/02\/IMG-20180211-WA0014.jpg\" rel=\"attachment wp-att-903\"><img decoding=\"async\" class=\"size-medium wp-image-903 aligncenter\" src=\"http:\/\/biblioteca.iesalmudeyne.es\/wp-content\/uploads\/2018\/02\/IMG-20180211-WA0014-225x300.jpg\" alt=\"IMG-20180211-WA0014\" width=\"225\" height=\"300\" srcset=\"https:\/\/biblioteca.iesalmudeyne.es\/wp-content\/uploads\/2018\/02\/IMG-20180211-WA0014-200x267.jpg 200w, https:\/\/biblioteca.iesalmudeyne.es\/wp-content\/uploads\/2018\/02\/IMG-20180211-WA0014-225x300.jpg 225w, https:\/\/biblioteca.iesalmudeyne.es\/wp-content\/uploads\/2018\/02\/IMG-20180211-WA0014-400x533.jpg 400w, https:\/\/biblioteca.iesalmudeyne.es\/wp-content\/uploads\/2018\/02\/IMG-20180211-WA0014-600x800.jpg 600w, https:\/\/biblioteca.iesalmudeyne.es\/wp-content\/uploads\/2018\/02\/IMG-20180211-WA0014-768x1024.jpg 768w, https:\/\/biblioteca.iesalmudeyne.es\/wp-content\/uploads\/2018\/02\/IMG-20180211-WA0014-800x1067.jpg 800w, https:\/\/biblioteca.iesalmudeyne.es\/wp-content\/uploads\/2018\/02\/IMG-20180211-WA0014-1152x1536.jpg 1152w, https:\/\/biblioteca.iesalmudeyne.es\/wp-content\/uploads\/2018\/02\/IMG-20180211-WA0014.jpg 1200w\" sizes=\"(max-width: 225px) 100vw, 225px\" \/><\/a><\/p>\n<p>&nbsp;<\/p>\n<p>&nbsp;<\/p>\n<p><a href=\"http:\/\/biblioteca.iesalmudeyne.es\/wp-content\/uploads\/2018\/02\/IMG-20180211-WA0018.jpg\" rel=\"attachment wp-att-904\"><img decoding=\"async\" class=\"alignleft size-medium wp-image-904\" src=\"http:\/\/biblioteca.iesalmudeyne.es\/wp-content\/uploads\/2018\/02\/IMG-20180211-WA0018-225x300.jpg\" alt=\"IMG-20180211-WA0018\" width=\"225\" height=\"300\" srcset=\"https:\/\/biblioteca.iesalmudeyne.es\/wp-content\/uploads\/2018\/02\/IMG-20180211-WA0018-200x267.jpg 200w, https:\/\/biblioteca.iesalmudeyne.es\/wp-content\/uploads\/2018\/02\/IMG-20180211-WA0018-225x300.jpg 225w, https:\/\/biblioteca.iesalmudeyne.es\/wp-content\/uploads\/2018\/02\/IMG-20180211-WA0018-400x533.jpg 400w, https:\/\/biblioteca.iesalmudeyne.es\/wp-content\/uploads\/2018\/02\/IMG-20180211-WA0018-600x800.jpg 600w, https:\/\/biblioteca.iesalmudeyne.es\/wp-content\/uploads\/2018\/02\/IMG-20180211-WA0018-768x1024.jpg 768w, https:\/\/biblioteca.iesalmudeyne.es\/wp-content\/uploads\/2018\/02\/IMG-20180211-WA0018-800x1067.jpg 800w, https:\/\/biblioteca.iesalmudeyne.es\/wp-content\/uploads\/2018\/02\/IMG-20180211-WA0018-1152x1536.jpg 1152w, https:\/\/biblioteca.iesalmudeyne.es\/wp-content\/uploads\/2018\/02\/IMG-20180211-WA0018.jpg 1200w\" sizes=\"(max-width: 225px) 100vw, 225px\" \/><\/a><\/p>\n<p>&nbsp;<\/p>\n<p>&nbsp;<\/p>\n<p><a href=\"http:\/\/biblioteca.iesalmudeyne.es\/wp-content\/uploads\/2018\/02\/IMG-20180211-WA0015.jpg\" rel=\"attachment wp-att-905\"><img decoding=\"async\" class=\"alignright size-medium wp-image-905\" src=\"http:\/\/biblioteca.iesalmudeyne.es\/wp-content\/uploads\/2018\/02\/IMG-20180211-WA0015-225x300.jpg\" alt=\"IMG-20180211-WA0015\" width=\"225\" height=\"300\" srcset=\"https:\/\/biblioteca.iesalmudeyne.es\/wp-content\/uploads\/2018\/02\/IMG-20180211-WA0015-200x267.jpg 200w, https:\/\/biblioteca.iesalmudeyne.es\/wp-content\/uploads\/2018\/02\/IMG-20180211-WA0015-225x300.jpg 225w, https:\/\/biblioteca.iesalmudeyne.es\/wp-content\/uploads\/2018\/02\/IMG-20180211-WA0015-400x533.jpg 400w, https:\/\/biblioteca.iesalmudeyne.es\/wp-content\/uploads\/2018\/02\/IMG-20180211-WA0015-600x800.jpg 600w, https:\/\/biblioteca.iesalmudeyne.es\/wp-content\/uploads\/2018\/02\/IMG-20180211-WA0015-768x1024.jpg 768w, https:\/\/biblioteca.iesalmudeyne.es\/wp-content\/uploads\/2018\/02\/IMG-20180211-WA0015-800x1067.jpg 800w, https:\/\/biblioteca.iesalmudeyne.es\/wp-content\/uploads\/2018\/02\/IMG-20180211-WA0015-1152x1536.jpg 1152w, https:\/\/biblioteca.iesalmudeyne.es\/wp-content\/uploads\/2018\/02\/IMG-20180211-WA0015.jpg 1200w\" sizes=\"(max-width: 225px) 100vw, 225px\" \/><\/a><\/p>\n<p>&nbsp;<\/p>\n<p>&nbsp;<\/p>\n<p>&nbsp;<\/p>\n<p>&nbsp;<\/p>\n<p>&nbsp;<\/p>\n<p>&nbsp;<\/p>\n<p>&nbsp;<\/p>\n<p>&nbsp;<\/p>\n<p>&nbsp;<\/p>\n<p>&nbsp;<\/p>\n<p>&nbsp;<\/p>\n<p>&nbsp;<\/p>\n<p><a href=\"http:\/\/biblioteca.iesalmudeyne.es\/wp-content\/uploads\/2018\/02\/IMG-20180211-WA0007.jpg\" rel=\"attachment wp-att-909\"><img decoding=\"async\" class=\"aligncenter size-large wp-image-909\" src=\"http:\/\/biblioteca.iesalmudeyne.es\/wp-content\/uploads\/2018\/02\/IMG-20180211-WA0007-1024x768.jpg\" alt=\"IMG-20180211-WA0007\" width=\"1024\" height=\"768\" srcset=\"https:\/\/biblioteca.iesalmudeyne.es\/wp-content\/uploads\/2018\/02\/IMG-20180211-WA0007-200x150.jpg 200w, https:\/\/biblioteca.iesalmudeyne.es\/wp-content\/uploads\/2018\/02\/IMG-20180211-WA0007-300x225.jpg 300w, https:\/\/biblioteca.iesalmudeyne.es\/wp-content\/uploads\/2018\/02\/IMG-20180211-WA0007-400x300.jpg 400w, https:\/\/biblioteca.iesalmudeyne.es\/wp-content\/uploads\/2018\/02\/IMG-20180211-WA0007-600x450.jpg 600w, https:\/\/biblioteca.iesalmudeyne.es\/wp-content\/uploads\/2018\/02\/IMG-20180211-WA0007-768x576.jpg 768w, https:\/\/biblioteca.iesalmudeyne.es\/wp-content\/uploads\/2018\/02\/IMG-20180211-WA0007-800x600.jpg 800w, https:\/\/biblioteca.iesalmudeyne.es\/wp-content\/uploads\/2018\/02\/IMG-20180211-WA0007-1024x768.jpg 1024w, https:\/\/biblioteca.iesalmudeyne.es\/wp-content\/uploads\/2018\/02\/IMG-20180211-WA0007-1200x900.jpg 1200w, https:\/\/biblioteca.iesalmudeyne.es\/wp-content\/uploads\/2018\/02\/IMG-20180211-WA0007-1536x1152.jpg 1536w, https:\/\/biblioteca.iesalmudeyne.es\/wp-content\/uploads\/2018\/02\/IMG-20180211-WA0007.jpg 1600w\" sizes=\"(max-width: 1024px) 100vw, 1024px\" \/><\/a><\/p>\n<p>En nuestra Biblideyne se ha montado una peque\u00f1a exposici\u00f3n sobre la vida de alguna de estas cient\u00edficas con los trabajos realizados por nuestro alumnado que permanecer\u00e1 expuesta todo el mes de marzo y que se ir\u00e1 ampliando progresivamente con nuevas figuras femeninas de todas las \u00e1reas de conocimientos que, por ser mujer, no han tenido la misma visibilidad que sus coet\u00e1neos varones.<\/p>\n<p><a href=\"http:\/\/biblioteca.iesalmudeyne.es\/wp-content\/uploads\/2018\/02\/IMG-20180211-WA0020.jpg\" rel=\"attachment wp-att-906\"><img decoding=\"async\" class=\"aligncenter size-medium wp-image-906\" src=\"http:\/\/biblioteca.iesalmudeyne.es\/wp-content\/uploads\/2018\/02\/IMG-20180211-WA0020-300x225.jpg\" alt=\"IMG-20180211-WA0020\" width=\"300\" height=\"225\" srcset=\"https:\/\/biblioteca.iesalmudeyne.es\/wp-content\/uploads\/2018\/02\/IMG-20180211-WA0020-200x150.jpg 200w, https:\/\/biblioteca.iesalmudeyne.es\/wp-content\/uploads\/2018\/02\/IMG-20180211-WA0020-300x225.jpg 300w, https:\/\/biblioteca.iesalmudeyne.es\/wp-content\/uploads\/2018\/02\/IMG-20180211-WA0020-400x300.jpg 400w, https:\/\/biblioteca.iesalmudeyne.es\/wp-content\/uploads\/2018\/02\/IMG-20180211-WA0020-600x450.jpg 600w, https:\/\/biblioteca.iesalmudeyne.es\/wp-content\/uploads\/2018\/02\/IMG-20180211-WA0020-768x576.jpg 768w, https:\/\/biblioteca.iesalmudeyne.es\/wp-content\/uploads\/2018\/02\/IMG-20180211-WA0020-800x600.jpg 800w, https:\/\/biblioteca.iesalmudeyne.es\/wp-content\/uploads\/2018\/02\/IMG-20180211-WA0020-1024x768.jpg 1024w, https:\/\/biblioteca.iesalmudeyne.es\/wp-content\/uploads\/2018\/02\/IMG-20180211-WA0020-1200x900.jpg 1200w, https:\/\/biblioteca.iesalmudeyne.es\/wp-content\/uploads\/2018\/02\/IMG-20180211-WA0020-1536x1152.jpg 1536w, https:\/\/biblioteca.iesalmudeyne.es\/wp-content\/uploads\/2018\/02\/IMG-20180211-WA0020.jpg 1600w\" sizes=\"(max-width: 300px) 100vw, 300px\" \/><\/a><\/p>\n<p><span style=\"color: #1d2129;\"><span style=\"font-family: Helvetica, serif;\"><span style=\"font-size: small;\"><br \/>\nComo apoyo a esta inmensa labor realizada por nuestro alumnado, los docentes del IES Almudeyne hemos querido acompa\u00f1ar esta reivindicaci\u00f3n, llevando camisetas blancas de las que han colgado aquellas cient\u00edficas que han llamado nuestra atenci\u00f3n y cuyo nombre hemos querido reivindicar.<\/span><\/span><\/span><\/p>\n<p><a href=\"http:\/\/biblioteca.iesalmudeyne.es\/wp-content\/uploads\/2018\/02\/IMG-20180211-WA0017.jpg\" rel=\"attachment wp-att-907\"><img decoding=\"async\" class=\"alignleft size-medium wp-image-907\" src=\"http:\/\/biblioteca.iesalmudeyne.es\/wp-content\/uploads\/2018\/02\/IMG-20180211-WA0017-225x300.jpg\" alt=\"IMG-20180211-WA0017\" width=\"225\" height=\"300\" srcset=\"https:\/\/biblioteca.iesalmudeyne.es\/wp-content\/uploads\/2018\/02\/IMG-20180211-WA0017-200x267.jpg 200w, https:\/\/biblioteca.iesalmudeyne.es\/wp-content\/uploads\/2018\/02\/IMG-20180211-WA0017-225x300.jpg 225w, https:\/\/biblioteca.iesalmudeyne.es\/wp-content\/uploads\/2018\/02\/IMG-20180211-WA0017-400x533.jpg 400w, https:\/\/biblioteca.iesalmudeyne.es\/wp-content\/uploads\/2018\/02\/IMG-20180211-WA0017-600x800.jpg 600w, https:\/\/biblioteca.iesalmudeyne.es\/wp-content\/uploads\/2018\/02\/IMG-20180211-WA0017-768x1024.jpg 768w, https:\/\/biblioteca.iesalmudeyne.es\/wp-content\/uploads\/2018\/02\/IMG-20180211-WA0017-800x1067.jpg 800w, https:\/\/biblioteca.iesalmudeyne.es\/wp-content\/uploads\/2018\/02\/IMG-20180211-WA0017-1152x1536.jpg 1152w, https:\/\/biblioteca.iesalmudeyne.es\/wp-content\/uploads\/2018\/02\/IMG-20180211-WA0017.jpg 1200w\" sizes=\"(max-width: 225px) 100vw, 225px\" \/><\/a><\/p>\n<p><span style=\"color: #1d2129;\"><span style=\"font-family: Helvetica, serif;\"><span style=\"font-size: small;\">Nuestra comunidad educativa entiende que ense\u00f1ar no solo es transmitir conocimientos y saberes sino fomentar un esp\u00edritu cr\u00edtico en nuestro alumnado que nos encamine hacia una sociedad m\u00e1s justa e igualitaria. <\/span><\/span><\/span><\/p>\n<p><a name=\"_GoBack\"><\/a><a href=\"http:\/\/biblioteca.iesalmudeyne.es\/wp-content\/uploads\/2018\/02\/IMG-20180211-WA0006-1.jpg\" rel=\"attachment wp-att-908\"><img decoding=\"async\" class=\"alignright size-medium wp-image-908\" src=\"http:\/\/biblioteca.iesalmudeyne.es\/wp-content\/uploads\/2018\/02\/IMG-20180211-WA0006-1-300x172.jpg\" alt=\"IMG-20180211-WA0006 (1)\" width=\"300\" height=\"172\" srcset=\"https:\/\/biblioteca.iesalmudeyne.es\/wp-content\/uploads\/2018\/02\/IMG-20180211-WA0006-1-200x115.jpg 200w, https:\/\/biblioteca.iesalmudeyne.es\/wp-content\/uploads\/2018\/02\/IMG-20180211-WA0006-1-300x172.jpg 300w, https:\/\/biblioteca.iesalmudeyne.es\/wp-content\/uploads\/2018\/02\/IMG-20180211-WA0006-1-400x229.jpg 400w, https:\/\/biblioteca.iesalmudeyne.es\/wp-content\/uploads\/2018\/02\/IMG-20180211-WA0006-1-600x344.jpg 600w, https:\/\/biblioteca.iesalmudeyne.es\/wp-content\/uploads\/2018\/02\/IMG-20180211-WA0006-1-768x440.jpg 768w, https:\/\/biblioteca.iesalmudeyne.es\/wp-content\/uploads\/2018\/02\/IMG-20180211-WA0006-1-800x459.jpg 800w, https:\/\/biblioteca.iesalmudeyne.es\/wp-content\/uploads\/2018\/02\/IMG-20180211-WA0006-1-1024x587.jpg 1024w, https:\/\/biblioteca.iesalmudeyne.es\/wp-content\/uploads\/2018\/02\/IMG-20180211-WA0006-1-1200x688.jpg 1200w, https:\/\/biblioteca.iesalmudeyne.es\/wp-content\/uploads\/2018\/02\/IMG-20180211-WA0006-1-1536x881.jpg 1536w, https:\/\/biblioteca.iesalmudeyne.es\/wp-content\/uploads\/2018\/02\/IMG-20180211-WA0006-1.jpg 1550w\" sizes=\"(max-width: 300px) 100vw, 300px\" \/><\/a><\/p>\n<p>&nbsp;<\/p>\n<p>&nbsp;<\/p>\n<p>&nbsp;<\/p>\n<p>&nbsp;<\/p>\n<p>&nbsp;<\/p>\n<p>&nbsp;<\/p>\n<p>&nbsp;<\/p>\n<p><span style=\"font-size: small;\"><span style=\"color: #1d2129;\"><span style=\"font-family: Helvetica, serif;\"><br \/>\n\u00a1Felicidades a todos por el buen trabajo realizado!<\/span><\/span><\/span><\/p>\n<p><span style=\"color: #1d2129;\"><span style=\"font-family: Helvetica, serif;\"><span style=\"font-size: xx-small;\">\u00a0<\/span><\/span><\/span><\/p>\n","protected":false},"excerpt":{"rendered":"<p>El pasado viernes 9 de febrero celebramos en nuestro instituto [&hellip;]<\/p>\n","protected":false},"author":1,"featured_media":0,"comment_status":"open","ping_status":"open","sticky":false,"template":"","format":"standard","meta":{"footnotes":""},"categories":[1],"tags":[],"class_list":["post-897","post","type-post","status-publish","format-standard","hentry","category-uncategorized"],"_links":{"self":[{"href":"https:\/\/biblioteca.iesalmudeyne.es\/index.php?rest_route=\/wp\/v2\/posts\/897","targetHints":{"allow":["GET"]}}],"collection":[{"href":"https:\/\/biblioteca.iesalmudeyne.es\/index.php?rest_route=\/wp\/v2\/posts"}],"about":[{"href":"https:\/\/biblioteca.iesalmudeyne.es\/index.php?rest_route=\/wp\/v2\/types\/post"}],"author":[{"embeddable":true,"href":"https:\/\/biblioteca.iesalmudeyne.es\/index.php?rest_route=\/wp\/v2\/users\/1"}],"replies":[{"embeddable":true,"href":"https:\/\/biblioteca.iesalmudeyne.es\/index.php?rest_route=%2Fwp%2Fv2%2Fcomments&post=897"}],"version-history":[{"count":0,"href":"https:\/\/biblioteca.iesalmudeyne.es\/index.php?rest_route=\/wp\/v2\/posts\/897\/revisions"}],"wp:attachment":[{"href":"https:\/\/biblioteca.iesalmudeyne.es\/index.php?rest_route=%2Fwp%2Fv2%2Fmedia&parent=897"}],"wp:term":[{"taxonomy":"category","embeddable":true,"href":"https:\/\/biblioteca.iesalmudeyne.es\/index.php?rest_route=%2Fwp%2Fv2%2Fcategories&post=897"},{"taxonomy":"post_tag","embeddable":true,"href":"https:\/\/biblioteca.iesalmudeyne.es\/index.php?rest_route=%2Fwp%2Fv2%2Ftags&post=897"}],"curies":[{"name":"wp","href":"https:\/\/api.w.org\/{rel}","templated":true}]}}