{"id":911,"date":"2018-02-18T20:54:14","date_gmt":"2018-02-18T19:54:14","guid":{"rendered":"http:\/\/biblioteca.iesalmudeyne.es\/?p=911"},"modified":"2018-02-18T20:54:14","modified_gmt":"2018-02-18T19:54:14","slug":"tercera-reunion-del-club-de-lectura-biblideyne","status":"publish","type":"post","link":"https:\/\/biblioteca.iesalmudeyne.es\/?p=911","title":{"rendered":"Tercera reuni\u00f3n del Club de Lectura Biblideyne"},"content":{"rendered":"<p>La tercera reuni\u00f3n de nuestro club de lectura se realiz\u00f3 el 25 de enero y la tem\u00e1tica era<strong> el acoso o el maltrato<\/strong> en todas sus expresiones. La lista de libros le\u00eddos por nuestros miembros del club, como ya va siendo habitual, fue muy variada y las intervenciones de todos, realmente interesantes.<a href=\"http:\/\/biblioteca.iesalmudeyne.es\/wp-content\/uploads\/2018\/02\/IMG-20180125-WA0000.jpg\" rel=\"attachment wp-att-912\"><img decoding=\"async\" class=\"aligncenter size-medium wp-image-912\" src=\"http:\/\/biblioteca.iesalmudeyne.es\/wp-content\/uploads\/2018\/02\/IMG-20180125-WA0000-300x225.jpg\" alt=\"IMG-20180125-WA0000\" width=\"300\" height=\"225\" srcset=\"https:\/\/biblioteca.iesalmudeyne.es\/wp-content\/uploads\/2018\/02\/IMG-20180125-WA0000-200x150.jpg 200w, https:\/\/biblioteca.iesalmudeyne.es\/wp-content\/uploads\/2018\/02\/IMG-20180125-WA0000-300x225.jpg 300w, https:\/\/biblioteca.iesalmudeyne.es\/wp-content\/uploads\/2018\/02\/IMG-20180125-WA0000-400x300.jpg 400w, https:\/\/biblioteca.iesalmudeyne.es\/wp-content\/uploads\/2018\/02\/IMG-20180125-WA0000-600x450.jpg 600w, https:\/\/biblioteca.iesalmudeyne.es\/wp-content\/uploads\/2018\/02\/IMG-20180125-WA0000-768x576.jpg 768w, https:\/\/biblioteca.iesalmudeyne.es\/wp-content\/uploads\/2018\/02\/IMG-20180125-WA0000-800x600.jpg 800w, https:\/\/biblioteca.iesalmudeyne.es\/wp-content\/uploads\/2018\/02\/IMG-20180125-WA0000-1024x768.jpg 1024w, https:\/\/biblioteca.iesalmudeyne.es\/wp-content\/uploads\/2018\/02\/IMG-20180125-WA0000-1200x900.jpg 1200w, https:\/\/biblioteca.iesalmudeyne.es\/wp-content\/uploads\/2018\/02\/IMG-20180125-WA0000-1536x1152.jpg 1536w, https:\/\/biblioteca.iesalmudeyne.es\/wp-content\/uploads\/2018\/02\/IMG-20180125-WA0000.jpg 1600w\" sizes=\"(max-width: 300px) 100vw, 300px\" \/><\/a><\/p>\n<p>Estos son los libros de los que se habl\u00f3:<\/p>\n<p>\u2022 El acoso entre V\u00edctor y Ram\u00f3n.<br \/>\n\u2022 Por trece razones, de Jay Asher.\u00a0 \u00a0 \u00a0 \u00a0 \u00a0 \u00a0 \u00a0 \u00a0 \u00a0 \u00a0 \u00a0 \u00a0 \u00a0 \u00a0 \u00a0 \u00a0 \u00a0 \u00a0 \u00a0 \u00a0 \u00a0 \u00a0 \u00a0 \u00a0 \u00a0 \u00a0 \u00a0\u00a0<a href=\"http:\/\/biblioteca.iesalmudeyne.es\/wp-content\/uploads\/2018\/02\/download.jpg\" rel=\"attachment wp-att-916\"><img decoding=\"async\" class=\"alignright size-thumbnail wp-image-916\" src=\"http:\/\/biblioteca.iesalmudeyne.es\/wp-content\/uploads\/2018\/02\/download-150x150.jpg\" alt=\"download\" width=\"150\" height=\"150\" srcset=\"https:\/\/biblioteca.iesalmudeyne.es\/wp-content\/uploads\/2018\/02\/download-66x66.jpg 66w, https:\/\/biblioteca.iesalmudeyne.es\/wp-content\/uploads\/2018\/02\/download-150x150.jpg 150w, https:\/\/biblioteca.iesalmudeyne.es\/wp-content\/uploads\/2018\/02\/download.jpg 182w\" sizes=\"(max-width: 150px) 100vw, 150px\" \/><\/a><br \/>\n\u2022 Wonder, de R.J. Palacio.<br \/>\n\u2022 Mauss, de Art Spiegelman.<br \/>\n\u2022 Matar a un ruise\u00f1or, de Harper Lee<br \/>\n\u2022 Para acabar con Eddie Bellegueule, de \u00c9douard Louis.\u00a0 \u00a0 \u00a0 \u00a0 \u00a0 \u00a0 \u00a0 \u00a0 \u00a0 \u00a0 \u00a0 \u00a0 \u00a0<a href=\"http:\/\/biblioteca.iesalmudeyne.es\/wp-content\/uploads\/2018\/02\/9788439720713.jpg\" rel=\"attachment wp-att-915\"><img decoding=\"async\" class=\"alignright size-thumbnail wp-image-915\" src=\"http:\/\/biblioteca.iesalmudeyne.es\/wp-content\/uploads\/2018\/02\/9788439720713-150x150.jpg\" alt=\"9788439720713\" width=\"150\" height=\"150\" srcset=\"https:\/\/biblioteca.iesalmudeyne.es\/wp-content\/uploads\/2018\/02\/9788439720713-66x66.jpg 66w, https:\/\/biblioteca.iesalmudeyne.es\/wp-content\/uploads\/2018\/02\/9788439720713-150x150.jpg 150w, https:\/\/biblioteca.iesalmudeyne.es\/wp-content\/uploads\/2018\/02\/9788439720713.jpg 532w\" sizes=\"(max-width: 150px) 100vw, 150px\" \/><\/a><br \/>\n\u2022 La soledad de los n\u00fameros primos, de Paolo Giordano.<br \/>\n\u2022 Antichrista, de Am\u00e9lie Nothomb.<br \/>\n\u2022 Las ventajas de ser un marginado, de Stephen Chbosky.<br \/>\n\u2022 Un monstruo viene a verme, de Patrick Ness.<br \/>\n\u2022 El ni\u00f1o que no quiso llorar, de J.A. Jim\u00e9nez Barbero.<\/p>\n<p><a href=\"http:\/\/biblioteca.iesalmudeyne.es\/wp-content\/uploads\/2018\/02\/IMG-20180125-WA0002.jpg\" rel=\"attachment wp-att-914\"><img decoding=\"async\" class=\"alignleft size-medium wp-image-914\" src=\"http:\/\/biblioteca.iesalmudeyne.es\/wp-content\/uploads\/2018\/02\/IMG-20180125-WA0002-300x225.jpg\" alt=\"IMG-20180125-WA0002\" width=\"300\" height=\"225\" srcset=\"https:\/\/biblioteca.iesalmudeyne.es\/wp-content\/uploads\/2018\/02\/IMG-20180125-WA0002-200x150.jpg 200w, https:\/\/biblioteca.iesalmudeyne.es\/wp-content\/uploads\/2018\/02\/IMG-20180125-WA0002-300x225.jpg 300w, https:\/\/biblioteca.iesalmudeyne.es\/wp-content\/uploads\/2018\/02\/IMG-20180125-WA0002-400x300.jpg 400w, https:\/\/biblioteca.iesalmudeyne.es\/wp-content\/uploads\/2018\/02\/IMG-20180125-WA0002-600x450.jpg 600w, https:\/\/biblioteca.iesalmudeyne.es\/wp-content\/uploads\/2018\/02\/IMG-20180125-WA0002-768x576.jpg 768w, https:\/\/biblioteca.iesalmudeyne.es\/wp-content\/uploads\/2018\/02\/IMG-20180125-WA0002-800x600.jpg 800w, https:\/\/biblioteca.iesalmudeyne.es\/wp-content\/uploads\/2018\/02\/IMG-20180125-WA0002-1024x768.jpg 1024w, https:\/\/biblioteca.iesalmudeyne.es\/wp-content\/uploads\/2018\/02\/IMG-20180125-WA0002-1200x900.jpg 1200w, https:\/\/biblioteca.iesalmudeyne.es\/wp-content\/uploads\/2018\/02\/IMG-20180125-WA0002-1536x1152.jpg 1536w, https:\/\/biblioteca.iesalmudeyne.es\/wp-content\/uploads\/2018\/02\/IMG-20180125-WA0002.jpg 1600w\" sizes=\"(max-width: 300px) 100vw, 300px\" \/><\/a><a href=\"http:\/\/biblioteca.iesalmudeyne.es\/wp-content\/uploads\/2018\/02\/IMG-20180125-WA0001.jpg\" rel=\"attachment wp-att-913\"><img decoding=\"async\" class=\"alignright size-medium wp-image-913\" src=\"http:\/\/biblioteca.iesalmudeyne.es\/wp-content\/uploads\/2018\/02\/IMG-20180125-WA0001-300x225.jpg\" alt=\"IMG-20180125-WA0001\" width=\"300\" height=\"225\" srcset=\"https:\/\/biblioteca.iesalmudeyne.es\/wp-content\/uploads\/2018\/02\/IMG-20180125-WA0001-200x150.jpg 200w, https:\/\/biblioteca.iesalmudeyne.es\/wp-content\/uploads\/2018\/02\/IMG-20180125-WA0001-300x225.jpg 300w, https:\/\/biblioteca.iesalmudeyne.es\/wp-content\/uploads\/2018\/02\/IMG-20180125-WA0001-400x300.jpg 400w, https:\/\/biblioteca.iesalmudeyne.es\/wp-content\/uploads\/2018\/02\/IMG-20180125-WA0001-600x450.jpg 600w, https:\/\/biblioteca.iesalmudeyne.es\/wp-content\/uploads\/2018\/02\/IMG-20180125-WA0001-768x576.jpg 768w, https:\/\/biblioteca.iesalmudeyne.es\/wp-content\/uploads\/2018\/02\/IMG-20180125-WA0001-800x600.jpg 800w, https:\/\/biblioteca.iesalmudeyne.es\/wp-content\/uploads\/2018\/02\/IMG-20180125-WA0001-1024x768.jpg 1024w, https:\/\/biblioteca.iesalmudeyne.es\/wp-content\/uploads\/2018\/02\/IMG-20180125-WA0001-1200x900.jpg 1200w, https:\/\/biblioteca.iesalmudeyne.es\/wp-content\/uploads\/2018\/02\/IMG-20180125-WA0001-1536x1152.jpg 1536w, https:\/\/biblioteca.iesalmudeyne.es\/wp-content\/uploads\/2018\/02\/IMG-20180125-WA0001.jpg 1600w\" sizes=\"(max-width: 300px) 100vw, 300px\" \/><\/a><\/p>\n<p>&nbsp;<\/p>\n<p>\u00bfA que os pica la curiosidad por venir a una de nuestras reuniones? Pues no esper\u00e9is m\u00e1s, nos veremos el d\u00eda 22 de febrero en la biblioteca, durante el recreo, y hablaremos de libros que traten sobre amor ya que estamos en el mes dedicado a este.<\/p>\n<p>&nbsp;<\/p>\n<p>&nbsp;<\/p>\n<p>&nbsp;<\/p>\n<p>&nbsp;<\/p>\n<p>&nbsp;<\/p>\n<p>&nbsp;<\/p>\n<p>\u00a1Venga, no te lo pienses m\u00e1s y vente!.<\/p>\n","protected":false},"excerpt":{"rendered":"<p>La tercera reuni\u00f3n de nuestro club de lectura se realiz\u00f3 [&hellip;]<\/p>\n","protected":false},"author":1,"featured_media":0,"comment_status":"open","ping_status":"open","sticky":false,"template":"","format":"standard","meta":{"footnotes":""},"categories":[1],"tags":[],"class_list":["post-911","post","type-post","status-publish","format-standard","hentry","category-uncategorized"],"_links":{"self":[{"href":"https:\/\/biblioteca.iesalmudeyne.es\/index.php?rest_route=\/wp\/v2\/posts\/911","targetHints":{"allow":["GET"]}}],"collection":[{"href":"https:\/\/biblioteca.iesalmudeyne.es\/index.php?rest_route=\/wp\/v2\/posts"}],"about":[{"href":"https:\/\/biblioteca.iesalmudeyne.es\/index.php?rest_route=\/wp\/v2\/types\/post"}],"author":[{"embeddable":true,"href":"https:\/\/biblioteca.iesalmudeyne.es\/index.php?rest_route=\/wp\/v2\/users\/1"}],"replies":[{"embeddable":true,"href":"https:\/\/biblioteca.iesalmudeyne.es\/index.php?rest_route=%2Fwp%2Fv2%2Fcomments&post=911"}],"version-history":[{"count":0,"href":"https:\/\/biblioteca.iesalmudeyne.es\/index.php?rest_route=\/wp\/v2\/posts\/911\/revisions"}],"wp:attachment":[{"href":"https:\/\/biblioteca.iesalmudeyne.es\/index.php?rest_route=%2Fwp%2Fv2%2Fmedia&parent=911"}],"wp:term":[{"taxonomy":"category","embeddable":true,"href":"https:\/\/biblioteca.iesalmudeyne.es\/index.php?rest_route=%2Fwp%2Fv2%2Fcategories&post=911"},{"taxonomy":"post_tag","embeddable":true,"href":"https:\/\/biblioteca.iesalmudeyne.es\/index.php?rest_route=%2Fwp%2Fv2%2Ftags&post=911"}],"curies":[{"name":"wp","href":"https:\/\/api.w.org\/{rel}","templated":true}]}}